{"id":31305,"date":"2021-11-16T14:30:31","date_gmt":"2021-11-16T13:30:31","guid":{"rendered":"https:\/\/www.forum-soegel.de\/information\/?p=31305"},"modified":"2021-11-16T14:32:38","modified_gmt":"2021-11-16T13:32:38","slug":"hoechste-auszeichnung-fuer-feuerwehrnachwuchs","status":"publish","type":"post","link":"https:\/\/www.forum-soegel.de\/information\/2021\/11\/hoechste-auszeichnung-fuer-feuerwehrnachwuchs\/","title":{"rendered":"H\u00f6chste Auszeichnung f\u00fcr Feuerwehrnachwuchs"},"content":{"rendered":"\n<p><em><strong>L\u00f6sch\u00fcbung im Schatten des Schlosses Clemenswerth anl\u00e4sslich \u201e20 Jahre Jugendfeuerwehr S\u00f6gel\u201c<\/strong><\/em><\/p>\n\n\n\n<p>S\u00f6gel &#8211; &nbsp;Was regelt die Feuerwehr-Dienstvorschrift 3? Wof\u00fcr steht die Abk\u00fcrzung KJFW? Wer ist Frank-Walter Steinmeier? Dies sind nur drei von vielen Fragen, die sich 94 Jugendliche aus vier Landkreisen des Bezirkes Weser-Ems am vergangenen Sonntag in S\u00f6gel stellen mussten. Sie waren angetreten, um die h\u00f6chste Auszeichnung der Deutschen Jugendfeuerwehr zu erwerben, die Leistungsspange.<\/p>\n\n\n\n<p>Auf den Sportanlagen unweit vom Schloss Clemenswerth in S\u00f6gel stellten sich zw\u00f6lf Gruppen dem Wertungsrichterteam in f\u00fcnf Disziplinen. Neben der Schnelligkeits\u00fcbung (fehlerfreies Kuppeln von acht Schl\u00e4uchen in unter einer Minute), dem Kugelsto\u00dfen \u00fcber eine Distanz von mindestens 55 Meter, einem Staffellauf \u00fcber 1500 Meter in unter vier Minuten und einer einstudierten L\u00f6sch\u00fcbung sind auch Fragen zur Gesellschafts- und Jugendpolitik sowie rund um die Feuerwehr zu beantworten. Bewertet wird aber auch der Gesamteindruck der Gruppe w\u00e4hrend der einzelnen Disziplinen.<\/p>\n\n\n\n<p>Das Motto des Wettbewerbes ist dabei \u201eAlle oder keiner\u201c. Misslingt beispielsweise das Kugelsto\u00dfen eines Einzelnen, k\u00f6nnen die anderen Mitglieder der Gruppe dies wieder wettmachen. Es z\u00e4hlt allein die Leistung der Gruppe, da Teamgeist, gegenseitiges Vertrauen und Kameradschaft auch die Grundvoraussetzungen f\u00fcr die sp\u00e4tere Arbeit in den Einsatzabteilungen einer Feuerwehr sind. Jede Gruppe besteht dabei aus neun Jugendlichen.<\/p>\n\n\n\n<p>Am Ende erhielten 81 Jungen und 13 M\u00e4dchen die hei\u00df begehrte Leistungsspange, so auch der Emsl\u00e4ndische Feuerwehrnachwuchs aus Haren, Meppen, Gersten, Lengerich, Salzbergen, Papenburg-Untenende, S\u00f6gel und Emsb\u00fcren. \u201eEinfach waren die letzten Wochen nicht. Aber es hat sich gelohnt!\u201c, war von den Jugendlichen hinsichtlich der langen und intensiven Zeit des Vorbereitens zu h\u00f6ren. Am Ende zeigten sich die 14 bis 18 Jahre alten Brandsch\u00fctzer erleichtert und stolz, nun das begehrte Abzeichen tragen d\u00fcrfen. Mit der Verleihung der Nadeln verfliegt nicht nur bei den Jugendlichen die Anspannung. Auch die Betreuer fieberten mit. \u201eDiese Erfahrung schwei\u00dft zusammen. Ich bin stolz auf meine M\u00e4dels und Jungs.\u201c, so ein Jungendwart am Rande der Verleihung.<\/p>\n\n\n\n<p>Der pandemischen Lage geschuldet wurde auf eine gemeinsame \u00dcbergabe der Leistungsspangennadeln an die Gruppen verzichtet. So konnten die JF nach erfolgreicher Abnahme der Teilpr\u00fcfungen ihre wohlverdienten Abzeichen beim Wertungsrichterteam in Empfang nehmen und zeitig den Heimweg antreten. Die Vertreter der Kreisjugendfeuerwehr Emsland gratulierten den stolzen Jugendlichen vor Ort zur erfolgreichen Teilnahme an der Leistungsspange und dankten den Jugendbetreuern und Ausbildern, dass sie den Feuerwehrnachwuchs so gut auf die Pr\u00fcfung vorbereitet haben. Kreisjugendfeuerwehrwart Klaus Smit gratulierte im Rahmen der Verleihung der JF S\u00f6gel zu ihrem 20-j\u00e4hrigen Bestehen und dankte f\u00fcr die logistische Unterst\u00fctzung beim Ausrichten der Abnahme.<\/p>\n\n\n\n<p>Text: S\u00f8ren Wessels, Fachbereichsleiter \u00d6ffentlichkeitsarbeit KJF Emsland<\/p>\n\n\n\n<p>Foto: Lambert Brand<\/p>\n\n\n\n<figure class=\"wp-block-gallery columns-1 is-cropped wp-block-gallery-1 is-layout-flex wp-block-gallery-is-layout-flex\"><ul class=\"blocks-gallery-grid\"><li class=\"blocks-gallery-item\"><figure><a href=\"https:\/\/www.forum-soegel.de\/information\/wp-content\/uploads\/2021\/11\/Hoechste-Auszeichnung-fuer-Feuerwehrnachwuchs-1.jpg\"><img loading=\"lazy\" decoding=\"async\" width=\"1024\" height=\"433\" src=\"https:\/\/www.forum-soegel.de\/information\/wp-content\/uploads\/2021\/11\/Hoechste-Auszeichnung-fuer-Feuerwehrnachwuchs-1.jpg\" alt=\"\" data-id=\"31306\" data-full-url=\"https:\/\/www.forum-soegel.de\/information\/wp-content\/uploads\/2021\/11\/Hoechste-Auszeichnung-fuer-Feuerwehrnachwuchs-1.jpg\" data-link=\"https:\/\/www.forum-soegel.de\/information\/?attachment_id=31306\" class=\"wp-image-31306\" srcset=\"https:\/\/www.forum-soegel.de\/information\/wp-content\/uploads\/2021\/11\/Hoechste-Auszeichnung-fuer-Feuerwehrnachwuchs-1.jpg 1024w, https:\/\/www.forum-soegel.de\/information\/wp-content\/uploads\/2021\/11\/Hoechste-Auszeichnung-fuer-Feuerwehrnachwuchs-1-300x127.jpg 300w, https:\/\/www.forum-soegel.de\/information\/wp-content\/uploads\/2021\/11\/Hoechste-Auszeichnung-fuer-Feuerwehrnachwuchs-1-768x325.jpg 768w\" sizes=\"auto, (max-width: 1024px) 100vw, 1024px\" \/><\/a><figcaption class=\"blocks-gallery-item__caption\">Stolz auf das erfolgreiche Abschneiden der der Jugendfeuerwehr S\u00f6gel war neben der Betreuergruppe auch die Leitung der Ortsfeuerwehr.<\/figcaption><\/figure><\/li><\/ul><\/figure>\n","protected":false},"excerpt":{"rendered":"L\u00f6sch\u00fcbung im Schatten des Schlosses Clemenswerth anl\u00e4sslich \u201e20 Jahre Jugendfeuerwehr S\u00f6gel\u201c S\u00f6gel &#8211; &nbsp;Was regelt die Feuerwehr-Dienstvorschrift 3? Wof\u00fcr steht die Abk\u00fcrzung KJFW? Wer ist Frank-Walter Steinmeier? Dies sind nur drei von vielen Fragen, die sich 94 Jugendliche aus vier Landkreisen des Bezirkes Weser-Ems am vergangenen Sonntag in S\u00f6gel stellen mussten. Sie waren angetreten, um [&hellip;]\n","protected":false},"author":2,"featured_media":0,"comment_status":"closed","ping_status":"closed","sticky":false,"template":"","format":"standard","meta":{"ngg_post_thumbnail":0,"footnotes":""},"categories":[3],"tags":[],"class_list":["post-31305","post","type-post","status-publish","format-standard","hentry","category-aktuelles-aus-der-region"],"_links":{"self":[{"href":"https:\/\/www.forum-soegel.de\/information\/wp-json\/wp\/v2\/posts\/31305","targetHints":{"allow":["GET"]}}],"collection":[{"href":"https:\/\/www.forum-soegel.de\/information\/wp-json\/wp\/v2\/posts"}],"about":[{"href":"https:\/\/www.forum-soegel.de\/information\/wp-json\/wp\/v2\/types\/post"}],"author":[{"embeddable":true,"href":"https:\/\/www.forum-soegel.de\/information\/wp-json\/wp\/v2\/users\/2"}],"replies":[{"embeddable":true,"href":"https:\/\/www.forum-soegel.de\/information\/wp-json\/wp\/v2\/comments?post=31305"}],"version-history":[{"count":2,"href":"https:\/\/www.forum-soegel.de\/information\/wp-json\/wp\/v2\/posts\/31305\/revisions"}],"predecessor-version":[{"id":31308,"href":"https:\/\/www.forum-soegel.de\/information\/wp-json\/wp\/v2\/posts\/31305\/revisions\/31308"}],"wp:attachment":[{"href":"https:\/\/www.forum-soegel.de\/information\/wp-json\/wp\/v2\/media?parent=31305"}],"wp:term":[{"taxonomy":"category","embeddable":true,"href":"https:\/\/www.forum-soegel.de\/information\/wp-json\/wp\/v2\/categories?post=31305"},{"taxonomy":"post_tag","embeddable":true,"href":"https:\/\/www.forum-soegel.de\/information\/wp-json\/wp\/v2\/tags?post=31305"}],"curies":[{"name":"wp","href":"https:\/\/api.w.org\/{rel}","templated":true}]}}