{"id":31302,"date":"2021-11-16T14:28:56","date_gmt":"2021-11-16T13:28:56","guid":{"rendered":"https:\/\/www.forum-soegel.de\/information\/?p=31302"},"modified":"2021-11-16T14:28:56","modified_gmt":"2021-11-16T13:28:56","slug":"grosses-interesse-an-anfaengerschwimmkursen-in-diesem-sommer-im-soegeler-waldbad","status":"publish","type":"post","link":"https:\/\/www.forum-soegel.de\/information\/2021\/11\/grosses-interesse-an-anfaengerschwimmkursen-in-diesem-sommer-im-soegeler-waldbad\/","title":{"rendered":"Gro\u00dfes Interesse an Anf\u00e4ngerschwimmkursen in diesem Sommer im S\u00f6geler Waldbad"},"content":{"rendered":"\n<p>S\u00f6gel &#8211; Gleich sieben Anf\u00e4ngerschwimmkurse konnten in diesem Sommer im S\u00f6geler Waldbad abgehalten werden. Jeweils 10 Kinder im Alter von 5 bis 11 Jahren lernten unter den Fittichen der beiden Schwimmmeister Ringo Pawelczyk und Daniel K\u00f6tter das Schwimmen. Gro\u00dfe Unterst\u00fctzung erhielten die beiden Fachkr\u00e4fte von Walter Pieper-Cordes (Tauchclub H\u00fcmmling) und Holger Pape (DLRG).<\/p>\n\n\n\n<p>Ein Gro\u00dfteil der Kinder hat nach den 14 Kurseinheiten das Seepferdchen erhalten k\u00f6nnen. Dazu mussten sie 25 Meter schwimmen k\u00f6nnen, einen Sprung vom Beckenrand wagen und einen Ring aus schultertiefem Wasser vom Boden herausholen. Au\u00dferdem galt es, Fragen zu den Baderegeln beantworten zu k\u00f6nnen.<\/p>\n\n\n\n<p>\u201eWir fangen ganz behutsam mit den Kindern an. Erste einmal werden die Grundbewegungen im Trockenen ge\u00fcbt, bevor wir ins Wasser gehen. Es ist wichtig, dass bei den Kindern die Freude an der Bewegung im Wasser geweckt bzw. erhalten wird. Sie sollen sich am Ende des Kurses wohl und sicher im Wasser f\u00fchlen\u201c, so Pawelczyk. Doch ohne die Unterst\u00fctzung der Eltern gehe es nicht. \u201eDie Kinder m\u00fcssen auch nach dem Schwimmkurs zum Schwimmen angehalten werden, damit sich das Erlernte verfestigt.\u201c Das Ziel der Eltern sollte es sein, dass die Kinder die Folge der Schwimmabzeichen fortsetzen. \u201eMit dem Erhalt des Bronze-Schwimmabzeichens weisen Kinder und Jugendliche sich als sichere Schwimmer aus.\u201c<\/p>\n\n\n\n<p>\u201eMit dem erweiterten Angebot an Schwimmkursen in diesem Sommer wollten wir ganz bewusst das Defizit an Schwimmunterricht aufgrund der Corona-Pandemie auffangen\u201c, erkl\u00e4rte die Stellv. Gemeindedirektorin Cornelia Willigmann-Kassner. \u201eAuch in unserer Gemeinde wird sich der bundesweite Trend fortsetzen, dass die Anzahl der Nicht-Schwimmer steigt. Dem wollen wir m\u00f6glichst vehement entgegenwirken. Denn leider z\u00e4hlt das Ertrinken zu einem der h\u00e4ufigsten Todesursachen bei Kindern. Schwimmen k\u00f6nnen rettet so gesehen Leben!\u201c<\/p>\n\n\n\n<p>Text: Ingrid Cloppenburg<\/p>\n\n\n\n<p>Foto: Gemeinde S\u00f6gel<\/p>\n\n\n\n<figure class=\"wp-block-gallery columns-1 is-cropped wp-block-gallery-1 is-layout-flex wp-block-gallery-is-layout-flex\"><ul class=\"blocks-gallery-grid\"><li class=\"blocks-gallery-item\"><figure><a href=\"https:\/\/www.forum-soegel.de\/information\/wp-content\/uploads\/2021\/11\/Grosses-Interesse-an-Anfaengerschwimmkursen-in-diesem-Sommer-im-Soegeler-Waldbad-1.jpg\"><img loading=\"lazy\" decoding=\"async\" width=\"1024\" height=\"768\" src=\"https:\/\/www.forum-soegel.de\/information\/wp-content\/uploads\/2021\/11\/Grosses-Interesse-an-Anfaengerschwimmkursen-in-diesem-Sommer-im-Soegeler-Waldbad-1.jpg\" alt=\"\" data-id=\"31303\" data-full-url=\"https:\/\/www.forum-soegel.de\/information\/wp-content\/uploads\/2021\/11\/Grosses-Interesse-an-Anfaengerschwimmkursen-in-diesem-Sommer-im-Soegeler-Waldbad-1.jpg\" data-link=\"https:\/\/www.forum-soegel.de\/information\/?attachment_id=31303\" class=\"wp-image-31303\" srcset=\"https:\/\/www.forum-soegel.de\/information\/wp-content\/uploads\/2021\/11\/Grosses-Interesse-an-Anfaengerschwimmkursen-in-diesem-Sommer-im-Soegeler-Waldbad-1.jpg 1024w, https:\/\/www.forum-soegel.de\/information\/wp-content\/uploads\/2021\/11\/Grosses-Interesse-an-Anfaengerschwimmkursen-in-diesem-Sommer-im-Soegeler-Waldbad-1-300x225.jpg 300w, https:\/\/www.forum-soegel.de\/information\/wp-content\/uploads\/2021\/11\/Grosses-Interesse-an-Anfaengerschwimmkursen-in-diesem-Sommer-im-Soegeler-Waldbad-1-768x576.jpg 768w\" sizes=\"auto, (max-width: 1024px) 100vw, 1024px\" \/><\/a><figcaption class=\"blocks-gallery-item__caption\">70 Kinder haben in diesem Sommer die Anf\u00e4ngerschwimmkurse der Gemeinde S\u00f6gel besucht. Viele von ihnen erhielten im Anschluss das Seepferdchen aus den H\u00e4nden der Schwimmmeister Ringo Pawelczyk und Daniel K\u00f6tter. Dazu geh\u00f6rte auch Elena, die sichtlich Freude am Schwimmen bekommen hat.<\/figcaption><\/figure><\/li><\/ul><\/figure>\n","protected":false},"excerpt":{"rendered":"S\u00f6gel &#8211; Gleich sieben Anf\u00e4ngerschwimmkurse konnten in diesem Sommer im S\u00f6geler Waldbad abgehalten werden. Jeweils 10 Kinder im Alter von 5 bis 11 Jahren lernten unter den Fittichen der beiden Schwimmmeister Ringo Pawelczyk und Daniel K\u00f6tter das Schwimmen. Gro\u00dfe Unterst\u00fctzung erhielten die beiden Fachkr\u00e4fte von Walter Pieper-Cordes (Tauchclub H\u00fcmmling) und Holger Pape (DLRG). Ein Gro\u00dfteil [&hellip;]\n","protected":false},"author":2,"featured_media":0,"comment_status":"closed","ping_status":"closed","sticky":false,"template":"","format":"standard","meta":{"ngg_post_thumbnail":0,"footnotes":""},"categories":[3],"tags":[],"class_list":["post-31302","post","type-post","status-publish","format-standard","hentry","category-aktuelles-aus-der-region"],"_links":{"self":[{"href":"https:\/\/www.forum-soegel.de\/information\/wp-json\/wp\/v2\/posts\/31302","targetHints":{"allow":["GET"]}}],"collection":[{"href":"https:\/\/www.forum-soegel.de\/information\/wp-json\/wp\/v2\/posts"}],"about":[{"href":"https:\/\/www.forum-soegel.de\/information\/wp-json\/wp\/v2\/types\/post"}],"author":[{"embeddable":true,"href":"https:\/\/www.forum-soegel.de\/information\/wp-json\/wp\/v2\/users\/2"}],"replies":[{"embeddable":true,"href":"https:\/\/www.forum-soegel.de\/information\/wp-json\/wp\/v2\/comments?post=31302"}],"version-history":[{"count":1,"href":"https:\/\/www.forum-soegel.de\/information\/wp-json\/wp\/v2\/posts\/31302\/revisions"}],"predecessor-version":[{"id":31304,"href":"https:\/\/www.forum-soegel.de\/information\/wp-json\/wp\/v2\/posts\/31302\/revisions\/31304"}],"wp:attachment":[{"href":"https:\/\/www.forum-soegel.de\/information\/wp-json\/wp\/v2\/media?parent=31302"}],"wp:term":[{"taxonomy":"category","embeddable":true,"href":"https:\/\/www.forum-soegel.de\/information\/wp-json\/wp\/v2\/categories?post=31302"},{"taxonomy":"post_tag","embeddable":true,"href":"https:\/\/www.forum-soegel.de\/information\/wp-json\/wp\/v2\/tags?post=31302"}],"curies":[{"name":"wp","href":"https:\/\/api.w.org\/{rel}","templated":true}]}}