{"id":31299,"date":"2021-11-16T14:26:48","date_gmt":"2021-11-16T13:26:48","guid":{"rendered":"https:\/\/www.forum-soegel.de\/information\/?p=31299"},"modified":"2021-11-16T14:32:59","modified_gmt":"2021-11-16T13:32:59","slug":"georg-schmidt-leitete-28-jahre-den-kulturkreis-clemenswerth","status":"publish","type":"post","link":"https:\/\/www.forum-soegel.de\/information\/2021\/11\/georg-schmidt-leitete-28-jahre-den-kulturkreis-clemenswerth\/","title":{"rendered":"Georg Schmidt leitete 28 Jahre den Kulturkreis Clemenswerth"},"content":{"rendered":"\n<p><em><strong>Seit 1971 fanden \u00fcber 1600 Auff\u00fchrungen statt<\/strong><\/em><\/p>\n\n\n\n<p>S\u00f6gel &#8211; Die fr\u00fcheren und heutigen Verantwortlichen des vor 50 Jahren gegr\u00fcndeten Kulturkreises Clemenswerth k\u00f6nnen stolz sein auf ihr ehrenamtliches Engagement f\u00fcr Kultur und Bildung. Das wurde mehrfach in der Feierstunde im Rahmen der Jubil\u00e4umsmitgliederversammlung des Vereines betont.<\/p>\n\n\n\n<p>Im Foyer der Aula des H\u00fcmmling-Gymnasiums hatten sich nicht nur die Mitglieder des Kulturkreises, sondern auch die bisherigen Vorst\u00e4nde, zahlreiche Gr\u00fcndungsmitglieder und Vertreter von Politik und Verwaltung eingefunden, um das Jubil\u00e4um zu w\u00fcrdigen und zu feiern. Vorsitzender Manfred Rojahn hie\u00df besonders die bisherigen Vorst\u00e4nde Georg Schmidt, Wilhelm Goldschmidt, Michael Hevicke, Gerd Gepp und Peter Wittekindt und die Gr\u00fcndungsmitglieder Frauke Schmidt, Heribert Warnking, Adelheid und Hermann Beimesche, Jutta und Walter Czeranka, Fritz Dostmann, Maria und Wilhelm Goldschmidt, Adolf Jelges, Walburga Kohnen und Bernhard Quappen willkommen. Sie wurden mit einer Rose bedacht. In einem pers\u00f6nlichen R\u00fcckblick lie\u00df Georg Schmidt, der den Kulturkreis in den ersten 28 Jahren seines Bestehens geleitet hatte, die Gr\u00fcndung und den Aufbau des Vereins Revue passieren. Mit der Einrichtung des Gymnasiums sei eine kulturelle Aufbruchsstimmung einher gegangen, die Gleichgesinnte und die politischen Mandatstr\u00e4ger im Weinkeller des damaligen Hotels Kossen mit der Vereinsgr\u00fcndung besiegelt h\u00e4tten. Man habe sich \u00fcber einen gro\u00dfen Zulauf gefreut und mit dem Bau der modernen Aula durch den Landkreis hervorragende Bedingungen vorgefunden.<\/p>\n\n\n\n<p>Multimedial und mit einem eindrucksvollen Datenmaterial blickte der stellvertretend Vorsitzende Dr. Christoph Kronabel auf die 50-j\u00e4hrige T\u00e4tigkeit zur\u00fcck. Er habe die Programmhefte seit 1971 ausgewertet und eine Datenbank aufgebaut, die alle Veranstaltungen mit den jeweiligen Darstellern beinhalte. So habe er festgestellt, dass seit der Spielzeit 1971\/1972 mehr als 1.250 Veranstaltungen mit mehr als 1.600 Auff\u00fchrungen stattgefunden h\u00e4tten. Kronabel konnte die bekanntesten Darsteller und Autoren der jeweiligen Sparten nennen und die Kom\u00f6die als beliebtestes Genre identifizieren. Er wies darauf hin, dass alles geleistet worden sei auf rein ehrenamtlicher Basis. Insbesondere die Gesch\u00e4ftsstelle mit treuen Mitarbeiter*innen bildeten seit Jahrzehnten das R\u00fcckgrat des Vereins. Einen vielbeachteten Vortrag \u00fcber den Sinn und Zweck von Kultur und die Bedeutung des Kulturkreises hielt die aus S\u00f6gel stammende Theaterwissenschaftlerin und Intendantin Andrea Gronemeyer. Sie selbst sei ein gutes Beispiel, wie die Arbeit des Kulturkreises Fr\u00fcchte getragen habe, betonte Gronemeyer und sagte: \u201eIch bin ein Kind des Kulturkreises, er hat mein Leben ver\u00e4ndert\u201c. Sie berichtete, wie sehr sie ab dem 9. Lebensjahr zun\u00e4chst durch das starke kulturelle Interesse des Elternhauses inspiriert und dann vom Kulturangebot fasziniert war.<\/p>\n\n\n\n<p>Der Mitbegr\u00fcnder der 1997 gegr\u00fcndeten Stiftung Kulturkreis Clemenswerth, Wilhelm Goldschmidt und der jetzige stellvertretende Vorsitzende Michael Hevicke hoben hervor, dass die finanzielle und ideelle Unterst\u00fctzung des Kulturkreises der Stiftungszweck sei. Man habe viele kulturbegeisterte Stifter gefunden, deren Spenden das Fundament des Stiftungsstocks bildetet. Landrat Marc Andr\u00e9 Burgdorf sagte: \u201eWir sind den Gr\u00fcndern des Kulturkreises sehr dankbar, dass sie mit Herzblut und Power eine anspruchsvolle Kulturarbeit aufgebaut h\u00e4tten. Dabei m\u00fcsse man sich nicht hinter gr\u00f6\u00dferen St\u00e4dten wie Osnabr\u00fcck verstecken. Das Image des l\u00e4ndlichen Raumes f\u00fcr zuziehende Fachkr\u00e4fte sei auch abh\u00e4ngig von den kulturellen Angeboten. Dankbar zeigten sich auch der Werlter Samtgemeindeb\u00fcrgermeister Ludger Kewe und die in der SG Lathen f\u00fcr die Kulturarbeit zust\u00e4ndige Mitarbeiterin Marion Martina, dass der Kulturkreis auch \u00fcber S\u00f6gel hinaus Veranstaltungen anbiete. S\u00f6gels stellvertretender B\u00fcrgermeister G\u00fcnther Wucherpfennig betonte, dass Vorstand und die MitarbeiterInnen des Jubil\u00e4umsvereins Kulturarbeit auf hohem Niveau anb\u00f6ten, auf das man stolz sein k\u00f6nne. Mit ihren Musikbeitr\u00e4gen umrahmten von Chanyang Park und Stefan Pleister die Jubil\u00e4umsmitgliederversammlung.<\/p>\n\n\n\n<p>Text\/Foto: Lambert Brand<\/p>\n\n\n\n<figure class=\"wp-block-image size-full\"><a href=\"https:\/\/www.forum-soegel.de\/information\/wp-content\/uploads\/2021\/11\/Georg-Schmidt-leitete-28-Jahre-den-Kulturkreis-Clemenswerth-1.jpg\"><img loading=\"lazy\" decoding=\"async\" width=\"1024\" height=\"683\" src=\"https:\/\/www.forum-soegel.de\/information\/wp-content\/uploads\/2021\/11\/Georg-Schmidt-leitete-28-Jahre-den-Kulturkreis-Clemenswerth-1.jpg\" alt=\"\" class=\"wp-image-31300\" srcset=\"https:\/\/www.forum-soegel.de\/information\/wp-content\/uploads\/2021\/11\/Georg-Schmidt-leitete-28-Jahre-den-Kulturkreis-Clemenswerth-1.jpg 1024w, https:\/\/www.forum-soegel.de\/information\/wp-content\/uploads\/2021\/11\/Georg-Schmidt-leitete-28-Jahre-den-Kulturkreis-Clemenswerth-1-300x200.jpg 300w, https:\/\/www.forum-soegel.de\/information\/wp-content\/uploads\/2021\/11\/Georg-Schmidt-leitete-28-Jahre-den-Kulturkreis-Clemenswerth-1-768x512.jpg 768w\" sizes=\"auto, (max-width: 1024px) 100vw, 1024px\" \/><\/a><figcaption>Sowohl der Landkreis Emsland als auch die zum Verbreitungsgebiet geh\u00f6renden Kommunen dankten dem Kulturkreis f\u00fcr die kulturelle Bereicherung des hiesigen Raumes. Unser Foto zeigt von links Ludger Kewe, Marion Martina, Manfred Rojahn, Marc-Andr\u00e9 Burgdorf und. G\u00fcnter Wucherpfenning.<br>Mit einer Rose bedankte sich der Kulturkreis bei den Gr\u00fcndern, hier beim langj\u00e4hrigen Vorsitzenden Georg Schmidt.<br>Einen vielbeachteten Vortrag \u00fcber Sinn und Zweck von Kultur und die Bedeutung des Kulturkreises hielt die aus S\u00f6gel stammende Theaterwissenschaftlerin und Intendantin Andrea Gronemeyer, der Manfred Rojahn einen Blumenstrau\u00df \u00fcberreichte.<\/figcaption><\/figure>\n","protected":false},"excerpt":{"rendered":"Seit 1971 fanden \u00fcber 1600 Auff\u00fchrungen statt S\u00f6gel &#8211; Die fr\u00fcheren und heutigen Verantwortlichen des vor 50 Jahren gegr\u00fcndeten Kulturkreises Clemenswerth k\u00f6nnen stolz sein auf ihr ehrenamtliches Engagement f\u00fcr Kultur und Bildung. Das wurde mehrfach in der Feierstunde im Rahmen der Jubil\u00e4umsmitgliederversammlung des Vereines betont. Im Foyer der Aula des H\u00fcmmling-Gymnasiums hatten sich nicht nur [&hellip;]\n","protected":false},"author":2,"featured_media":0,"comment_status":"closed","ping_status":"closed","sticky":false,"template":"","format":"standard","meta":{"ngg_post_thumbnail":0,"footnotes":""},"categories":[3],"tags":[],"class_list":["post-31299","post","type-post","status-publish","format-standard","hentry","category-aktuelles-aus-der-region"],"_links":{"self":[{"href":"https:\/\/www.forum-soegel.de\/information\/wp-json\/wp\/v2\/posts\/31299","targetHints":{"allow":["GET"]}}],"collection":[{"href":"https:\/\/www.forum-soegel.de\/information\/wp-json\/wp\/v2\/posts"}],"about":[{"href":"https:\/\/www.forum-soegel.de\/information\/wp-json\/wp\/v2\/types\/post"}],"author":[{"embeddable":true,"href":"https:\/\/www.forum-soegel.de\/information\/wp-json\/wp\/v2\/users\/2"}],"replies":[{"embeddable":true,"href":"https:\/\/www.forum-soegel.de\/information\/wp-json\/wp\/v2\/comments?post=31299"}],"version-history":[{"count":2,"href":"https:\/\/www.forum-soegel.de\/information\/wp-json\/wp\/v2\/posts\/31299\/revisions"}],"predecessor-version":[{"id":31309,"href":"https:\/\/www.forum-soegel.de\/information\/wp-json\/wp\/v2\/posts\/31299\/revisions\/31309"}],"wp:attachment":[{"href":"https:\/\/www.forum-soegel.de\/information\/wp-json\/wp\/v2\/media?parent=31299"}],"wp:term":[{"taxonomy":"category","embeddable":true,"href":"https:\/\/www.forum-soegel.de\/information\/wp-json\/wp\/v2\/categories?post=31299"},{"taxonomy":"post_tag","embeddable":true,"href":"https:\/\/www.forum-soegel.de\/information\/wp-json\/wp\/v2\/tags?post=31299"}],"curies":[{"name":"wp","href":"https:\/\/api.w.org\/{rel}","templated":true}]}}