{"id":31295,"date":"2021-11-16T14:24:40","date_gmt":"2021-11-16T13:24:40","guid":{"rendered":"https:\/\/www.forum-soegel.de\/information\/?p=31295"},"modified":"2021-11-16T14:24:40","modified_gmt":"2021-11-16T13:24:40","slug":"ferienpassaktion-der-jugendfeuerwehr-2","status":"publish","type":"post","link":"https:\/\/www.forum-soegel.de\/information\/2021\/11\/ferienpassaktion-der-jugendfeuerwehr-2\/","title":{"rendered":"Ferienpassaktion der Jugendfeuerwehr"},"content":{"rendered":"\n<p>S\u00f6gel &#8211; Drei\u00dfig Jungen und M\u00e4dchen konnte die Jugendfeuerwehr S\u00f6gel zur diesj\u00e4hrigen Ferienpassaktion begr\u00fc\u00dfen. Nachdem diese Veranstaltung im vergangenen Jahr wegen Corona ausfallen musste, durfte sie dieses Mal unter Beachtung der aktuell g\u00fcltigen Corona-Bedingungen durchgef\u00fchrt werden<\/p>\n\n\n\n<p>Die Teilnehmerzahl war auf 30 Kinder begrenzt worden, damit die notwendigen Abst\u00e4nde eingehalten werden konnten. In \u201enormalen&#8220; Jahren besuchen bis zu achtzig Jungen und M\u00e4dchen die Veranstaltung.<\/p>\n\n\n\n<p>Trotz der verminderten Teilnehmerzahl hatten die Jugendfeuerwehrkinder mit ihren Betreuern ein gro\u00dfartiges Programm vorbereitet, wie seitens der G\u00e4ste zu h\u00f6ren war. Zun\u00e4chst konnten die Fahrzeuge mit ihrer Ausr\u00fcstung begutachtet werden und viele Fragen beantwortet werden.<\/p>\n\n\n\n<p>Welche Gefahr von Spraydosen bei starker Erw\u00e4rmung ausgeht, zeigte eine eindrucksvolle Vorf\u00fchrung mit dem \u00dcbungsger\u00e4t. Eine heftige Fettexplosion stellte unter Beweis, was passiert, wenn brennendes Fett mit Wasser gel\u00f6scht wird.<\/p>\n\n\n\n<p>H\u00f6hepunkt des Nachmittags war dann der \u201ereale Brand\u201c einer Holzh\u00fctte auf dem Parkplatz. Die in der Einsatzfeuerwehr aktiven Betreuern fuhren einen L\u00f6scheinsatz unter Atemschutz mit dem neuen Hilfeleistungsl\u00f6schfahrzeug und brachten das Feuer z\u00fcgig unter Kontrolle.<\/p>\n\n\n\n<p>Traditionell bewirtete die Feuerwehr die kleinen G\u00e4ste mit einer Grillwurst und einem Getr\u00e4nk. Die Kinder zeigten sich begeistert von den vielen Eindr\u00fccken, die sie von der Feuerwehrarbeit und der Technik gewinnen konnten. Die Jugendfeuerwehr hofft, im n\u00e4chsten Jahr die Aktion wieder im gewohnten Rahmen mit deutlich mehr Teilnehmern durchf\u00fchren zu k\u00f6nnen.<\/p>\n\n\n\n<p>Text\/Fotos: Jugendfeuerwehr S\u00f6gel<\/p>\n\n\n\n<figure class=\"wp-block-image size-large\"><a href=\"https:\/\/www.forum-soegel.de\/information\/wp-content\/uploads\/2021\/11\/Ferienpassaktion-der-Jugendfeuerwehr-2.jpeg\"><img loading=\"lazy\" decoding=\"async\" width=\"768\" height=\"1024\" src=\"https:\/\/www.forum-soegel.de\/information\/wp-content\/uploads\/2021\/11\/Ferienpassaktion-der-Jugendfeuerwehr-2-768x1024.jpeg\" alt=\"\" class=\"wp-image-31296\" srcset=\"https:\/\/www.forum-soegel.de\/information\/wp-content\/uploads\/2021\/11\/Ferienpassaktion-der-Jugendfeuerwehr-2-768x1024.jpeg 768w, https:\/\/www.forum-soegel.de\/information\/wp-content\/uploads\/2021\/11\/Ferienpassaktion-der-Jugendfeuerwehr-2-225x300.jpeg 225w, https:\/\/www.forum-soegel.de\/information\/wp-content\/uploads\/2021\/11\/Ferienpassaktion-der-Jugendfeuerwehr-2-1152x1536.jpeg 1152w, https:\/\/www.forum-soegel.de\/information\/wp-content\/uploads\/2021\/11\/Ferienpassaktion-der-Jugendfeuerwehr-2.jpeg 1512w\" sizes=\"auto, (max-width: 768px) 100vw, 768px\" \/><\/a><figcaption>Der L\u00f6scheinsatz an einer brennenden H\u00fctte war f\u00fcr viele G\u00e4ste der H\u00f6hepunkt der Ferienpassaktion der Jugendfeuerwehr S\u00f6gel.<\/figcaption><\/figure>\n\n\n\n<figure class=\"wp-block-image size-large\"><a href=\"https:\/\/www.forum-soegel.de\/information\/wp-content\/uploads\/2021\/11\/Ferienpassaktion-der-Jugendfeuerwehr-1.jpeg\"><img loading=\"lazy\" decoding=\"async\" width=\"768\" height=\"1024\" src=\"https:\/\/www.forum-soegel.de\/information\/wp-content\/uploads\/2021\/11\/Ferienpassaktion-der-Jugendfeuerwehr-1-768x1024.jpeg\" alt=\"\" class=\"wp-image-31297\" srcset=\"https:\/\/www.forum-soegel.de\/information\/wp-content\/uploads\/2021\/11\/Ferienpassaktion-der-Jugendfeuerwehr-1-768x1024.jpeg 768w, https:\/\/www.forum-soegel.de\/information\/wp-content\/uploads\/2021\/11\/Ferienpassaktion-der-Jugendfeuerwehr-1-225x300.jpeg 225w, https:\/\/www.forum-soegel.de\/information\/wp-content\/uploads\/2021\/11\/Ferienpassaktion-der-Jugendfeuerwehr-1-1152x1536.jpeg 1152w, https:\/\/www.forum-soegel.de\/information\/wp-content\/uploads\/2021\/11\/Ferienpassaktion-der-Jugendfeuerwehr-1.jpeg 1200w\" sizes=\"auto, (max-width: 768px) 100vw, 768px\" \/><\/a><figcaption>Beginnende Fettexplosion, nachdem Wasser in brennendes Fett gegeben worden war.<\/figcaption><\/figure>\n\n\n\n<p><\/p>\n","protected":false},"excerpt":{"rendered":"S\u00f6gel &#8211; Drei\u00dfig Jungen und M\u00e4dchen konnte die Jugendfeuerwehr S\u00f6gel zur diesj\u00e4hrigen Ferienpassaktion begr\u00fc\u00dfen. Nachdem diese Veranstaltung im vergangenen Jahr wegen Corona ausfallen musste, durfte sie dieses Mal unter Beachtung der aktuell g\u00fcltigen Corona-Bedingungen durchgef\u00fchrt werden Die Teilnehmerzahl war auf 30 Kinder begrenzt worden, damit die notwendigen Abst\u00e4nde eingehalten werden konnten. In \u201enormalen&#8220; Jahren besuchen [&hellip;]\n","protected":false},"author":2,"featured_media":0,"comment_status":"closed","ping_status":"closed","sticky":false,"template":"","format":"standard","meta":{"ngg_post_thumbnail":0,"footnotes":""},"categories":[3],"tags":[],"class_list":["post-31295","post","type-post","status-publish","format-standard","hentry","category-aktuelles-aus-der-region"],"_links":{"self":[{"href":"https:\/\/www.forum-soegel.de\/information\/wp-json\/wp\/v2\/posts\/31295","targetHints":{"allow":["GET"]}}],"collection":[{"href":"https:\/\/www.forum-soegel.de\/information\/wp-json\/wp\/v2\/posts"}],"about":[{"href":"https:\/\/www.forum-soegel.de\/information\/wp-json\/wp\/v2\/types\/post"}],"author":[{"embeddable":true,"href":"https:\/\/www.forum-soegel.de\/information\/wp-json\/wp\/v2\/users\/2"}],"replies":[{"embeddable":true,"href":"https:\/\/www.forum-soegel.de\/information\/wp-json\/wp\/v2\/comments?post=31295"}],"version-history":[{"count":1,"href":"https:\/\/www.forum-soegel.de\/information\/wp-json\/wp\/v2\/posts\/31295\/revisions"}],"predecessor-version":[{"id":31298,"href":"https:\/\/www.forum-soegel.de\/information\/wp-json\/wp\/v2\/posts\/31295\/revisions\/31298"}],"wp:attachment":[{"href":"https:\/\/www.forum-soegel.de\/information\/wp-json\/wp\/v2\/media?parent=31295"}],"wp:term":[{"taxonomy":"category","embeddable":true,"href":"https:\/\/www.forum-soegel.de\/information\/wp-json\/wp\/v2\/categories?post=31295"},{"taxonomy":"post_tag","embeddable":true,"href":"https:\/\/www.forum-soegel.de\/information\/wp-json\/wp\/v2\/tags?post=31295"}],"curies":[{"name":"wp","href":"https:\/\/api.w.org\/{rel}","templated":true}]}}