{"id":31291,"date":"2021-11-16T14:20:03","date_gmt":"2021-11-16T13:20:03","guid":{"rendered":"https:\/\/www.forum-soegel.de\/information\/?p=31291"},"modified":"2021-11-16T14:20:03","modified_gmt":"2021-11-16T13:20:03","slug":"der-drk-tagestreff-am-ludmillenhof-in-soegel-feiert-diamanthochzeit","status":"publish","type":"post","link":"https:\/\/www.forum-soegel.de\/information\/2021\/11\/der-drk-tagestreff-am-ludmillenhof-in-soegel-feiert-diamanthochzeit\/","title":{"rendered":"Der DRK-Tagestreff am Ludmillenhof in S\u00f6gel feiert Diamanthochzeit!"},"content":{"rendered":"\n<p>S\u00f6gel &#8211; Das Team des DRK-Tagestreff S\u00f6gel gratuliert seinen G\u00e4sten Bernhardine und Hans Overkamp zur diamantenen Hochzeit! Ein Hoch auf das Jubelpaar und die herzlichsten Gl\u00fcckw\u00fcnsche zur 60 Jahre bestehenden Ehe. M\u00f6gen den beiden noch viele gemeinsame, gl\u00fcckliche und gesunde Jahre beschieden sein. Zur Feier des Tages \u00fcberreichten Pflegedienstleitung Katharina Pranger und Bereichsleitung Jannis Kuper den Ehreng\u00e4sten einen bunt besteckten Blumenstrau\u00df und richteten ihre herzlichsten Gl\u00fcckw\u00fcnsche aus. Anschlie\u00dfend feierte das Ehepaar Overkamp ihr Jubil\u00e4um mit den anderen G\u00e4sten des DRK-Tagestreff am Ludmillenhof in S\u00f6gel.<\/p>\n\n\n\n<p>Das Team des DRK-Tagestreff in S\u00f6gel bietet Seniorinnen und Senioren ein umfassendes Angebot an Betreuung an und entlastet Angeh\u00f6rige beim Spagat zwischen Beruf, Familie und Pflege. Wenn Angeh\u00f6rige sich um ihre Liebsten k\u00fcmmern, sie selbst aber durch den Beruf oder die Familie stark eingespannt sind, kann der Tagestreff ein geeignetes Angebot f\u00fcr ihre Angeh\u00f6rigen sein. Dabei behalten die G\u00e4ste ihren Lebensmittelpunkt weiterhin in ihrer eigenen H\u00e4uslichkeit, k\u00f6nnen tags\u00fcber jedoch im DRK-Tagestreff ihren sozialen Bed\u00fcrfnissen nachgehen.<\/p>\n\n\n\n<p>F\u00fcr Fragen steht Ihnen Frau Katharina Pranger zur Verf\u00fcgung. Rufen Sie gerne an und vereinbaren Sie einen Schnuppertag im DRK-Tagestreff am Ludmillenhof in S\u00f6gel, Tel.: 05952 423980-3210.<\/p>\n\n\n\n<p>Text\/Foto: Ira Wilmes<\/p>\n\n\n\n<figure class=\"wp-block-gallery columns-2 is-cropped wp-block-gallery-1 is-layout-flex wp-block-gallery-is-layout-flex\"><ul class=\"blocks-gallery-grid\"><li class=\"blocks-gallery-item\"><figure><a href=\"https:\/\/www.forum-soegel.de\/information\/wp-content\/uploads\/2021\/11\/Der-DRK-Tagestreff-am-Ludmillenhof-in-Soegel-feiert-Diamanthochzeit-2.jpg\"><img loading=\"lazy\" decoding=\"async\" width=\"640\" height=\"480\" src=\"https:\/\/www.forum-soegel.de\/information\/wp-content\/uploads\/2021\/11\/Der-DRK-Tagestreff-am-Ludmillenhof-in-Soegel-feiert-Diamanthochzeit-2.jpg\" alt=\"\" data-id=\"31292\" data-full-url=\"https:\/\/www.forum-soegel.de\/information\/wp-content\/uploads\/2021\/11\/Der-DRK-Tagestreff-am-Ludmillenhof-in-Soegel-feiert-Diamanthochzeit-2.jpg\" data-link=\"https:\/\/www.forum-soegel.de\/information\/?attachment_id=31292\" class=\"wp-image-31292\" srcset=\"https:\/\/www.forum-soegel.de\/information\/wp-content\/uploads\/2021\/11\/Der-DRK-Tagestreff-am-Ludmillenhof-in-Soegel-feiert-Diamanthochzeit-2.jpg 640w, https:\/\/www.forum-soegel.de\/information\/wp-content\/uploads\/2021\/11\/Der-DRK-Tagestreff-am-Ludmillenhof-in-Soegel-feiert-Diamanthochzeit-2-300x225.jpg 300w\" sizes=\"auto, (max-width: 640px) 100vw, 640px\" \/><\/a><\/figure><\/li><li class=\"blocks-gallery-item\"><figure><a href=\"https:\/\/www.forum-soegel.de\/information\/wp-content\/uploads\/2021\/11\/Der-DRK-Tagestreff-am-Ludmillenhof-in-Soegel-feiert-Diamanthochzeit-1-rotated.jpg\"><img loading=\"lazy\" decoding=\"async\" width=\"480\" height=\"640\" src=\"https:\/\/www.forum-soegel.de\/information\/wp-content\/uploads\/2021\/11\/Der-DRK-Tagestreff-am-Ludmillenhof-in-Soegel-feiert-Diamanthochzeit-1-rotated.jpg\" alt=\"\" data-id=\"31293\" data-full-url=\"https:\/\/www.forum-soegel.de\/information\/wp-content\/uploads\/2021\/11\/Der-DRK-Tagestreff-am-Ludmillenhof-in-Soegel-feiert-Diamanthochzeit-1-rotated.jpg\" data-link=\"https:\/\/www.forum-soegel.de\/information\/?attachment_id=31293\" class=\"wp-image-31293\" srcset=\"https:\/\/www.forum-soegel.de\/information\/wp-content\/uploads\/2021\/11\/Der-DRK-Tagestreff-am-Ludmillenhof-in-Soegel-feiert-Diamanthochzeit-1-rotated.jpg 480w, https:\/\/www.forum-soegel.de\/information\/wp-content\/uploads\/2021\/11\/Der-DRK-Tagestreff-am-Ludmillenhof-in-Soegel-feiert-Diamanthochzeit-1-225x300.jpg 225w\" sizes=\"auto, (max-width: 480px) 100vw, 480px\" \/><\/a><\/figure><\/li><\/ul><\/figure>\n","protected":false},"excerpt":{"rendered":"S\u00f6gel &#8211; Das Team des DRK-Tagestreff S\u00f6gel gratuliert seinen G\u00e4sten Bernhardine und Hans Overkamp zur diamantenen Hochzeit! Ein Hoch auf das Jubelpaar und die herzlichsten Gl\u00fcckw\u00fcnsche zur 60 Jahre bestehenden Ehe. M\u00f6gen den beiden noch viele gemeinsame, gl\u00fcckliche und gesunde Jahre beschieden sein. Zur Feier des Tages \u00fcberreichten Pflegedienstleitung Katharina Pranger und Bereichsleitung Jannis Kuper [&hellip;]\n","protected":false},"author":2,"featured_media":0,"comment_status":"closed","ping_status":"closed","sticky":false,"template":"","format":"standard","meta":{"ngg_post_thumbnail":0,"footnotes":""},"categories":[3],"tags":[],"class_list":["post-31291","post","type-post","status-publish","format-standard","hentry","category-aktuelles-aus-der-region"],"_links":{"self":[{"href":"https:\/\/www.forum-soegel.de\/information\/wp-json\/wp\/v2\/posts\/31291","targetHints":{"allow":["GET"]}}],"collection":[{"href":"https:\/\/www.forum-soegel.de\/information\/wp-json\/wp\/v2\/posts"}],"about":[{"href":"https:\/\/www.forum-soegel.de\/information\/wp-json\/wp\/v2\/types\/post"}],"author":[{"embeddable":true,"href":"https:\/\/www.forum-soegel.de\/information\/wp-json\/wp\/v2\/users\/2"}],"replies":[{"embeddable":true,"href":"https:\/\/www.forum-soegel.de\/information\/wp-json\/wp\/v2\/comments?post=31291"}],"version-history":[{"count":1,"href":"https:\/\/www.forum-soegel.de\/information\/wp-json\/wp\/v2\/posts\/31291\/revisions"}],"predecessor-version":[{"id":31294,"href":"https:\/\/www.forum-soegel.de\/information\/wp-json\/wp\/v2\/posts\/31291\/revisions\/31294"}],"wp:attachment":[{"href":"https:\/\/www.forum-soegel.de\/information\/wp-json\/wp\/v2\/media?parent=31291"}],"wp:term":[{"taxonomy":"category","embeddable":true,"href":"https:\/\/www.forum-soegel.de\/information\/wp-json\/wp\/v2\/categories?post=31291"},{"taxonomy":"post_tag","embeddable":true,"href":"https:\/\/www.forum-soegel.de\/information\/wp-json\/wp\/v2\/tags?post=31291"}],"curies":[{"name":"wp","href":"https:\/\/api.w.org\/{rel}","templated":true}]}}