{"id":31288,"date":"2021-11-16T14:18:00","date_gmt":"2021-11-16T13:18:00","guid":{"rendered":"https:\/\/www.forum-soegel.de\/information\/?p=31288"},"modified":"2021-11-16T14:18:00","modified_gmt":"2021-11-16T13:18:00","slug":"anna-ideler-gewinnt-den-ersten-preis-beim-fotowettbewerb-soegel-summt","status":"publish","type":"post","link":"https:\/\/www.forum-soegel.de\/information\/2021\/11\/anna-ideler-gewinnt-den-ersten-preis-beim-fotowettbewerb-soegel-summt\/","title":{"rendered":"Anna Ideler gewinnt den ersten Preis beim Fotowettbewerb \u201eS\u00f6gel summt\u201c"},"content":{"rendered":"\n<p>S\u00f6gel &#8211; Im Fr\u00fchjahr hatte die Gemeinde S\u00f6gel zu einem Fotowettbewerb unter dem Titel \u201eS\u00f6gel summt \u2013 (G)Artenvielfalt\u201c aufgerufen. Zahlreiche Fotografen sind dem Aufruf gefolgt und haben ihre Fotos eingereicht. \u201eBei unserem Wettbewerb stand der naturnahe und insektenfreundliche Garten im Vordergrund\u201c, erkl\u00e4rte Projektleiterin Maria Dierkes. \u201eSelbst im einfachen Blumentopf oder Balkonkasten l\u00e4sst sich ein kleines Schlaraffenland f\u00fcr Insekten zaubern.\u201c Die sch\u00f6nsten Fotos und besten Gartenideen zum Thema wurden nun mit Sachpreisen pr\u00e4miert.<\/p>\n\n\n\n<p>\u201eIm Grunde ist es ganz einfach\u201c, so Dierkes. \u201eWer mit offenen Augen durchs Leben geht, kann in der Natur Wunder und \u201eStars\u201c entdecken. Wir m\u00fcssen sie allerdings nicht nur entdecken, sondern uns auch die Zeit nehmen, sie auf uns wirken zu lassen, ein Gesp\u00fcr f\u00fcr sie zu entwickeln \u2013 und manchmal einfach nur Geduld haben oder den richtigen Zeitpunkt erwischen.\u201c Diesen richtigen Zeitpunkt im Garten im Bild festzuhalten galt es beim Fotowettbewerb des Projektes \u201eS\u00f6gel summt\u201c.<\/p>\n\n\n\n<p>Der erste Preis beinhaltet einen Gutschein f\u00fcr 80 heimische Heckenpflanzen und wurde im Rahmen einer kleinen Preisverleihung an Anna Ideler \u00fcberreicht. Der zweite Preis, einen Gutschein f\u00fcr 15 heimische Stauden, erhielt Walburga Lamberton-Ruhr. Die weiteren Pl\u00e4tze wurden honoriert mit Gutscheinen f\u00fcr 100 m\u00b2 heimisches Blumenwiesensaatgut (3. Platz, Annika Maria Behnen), f\u00fcr ein heimisches Geh\u00f6lz (4. Platz, Wilhelm Behnen) und f\u00fcr 50 Blumenzwiebeln (5. Platz, Michael Gr\u00fcnloh).<\/p>\n\n\n\n<p>Text: Ingrid Cloppenburg<\/p>\n\n\n\n<p>Foto: Samtgemeinde S\u00f6gel<\/p>\n\n\n\n<figure class=\"wp-block-image size-full\"><a href=\"https:\/\/www.forum-soegel.de\/information\/wp-content\/uploads\/2021\/11\/Anna-Ideler-gewinnt-den-ersten-Preis-beim-Fotowettbewerb-Soegel-summt.jpg\"><img loading=\"lazy\" decoding=\"async\" width=\"1024\" height=\"768\" src=\"https:\/\/www.forum-soegel.de\/information\/wp-content\/uploads\/2021\/11\/Anna-Ideler-gewinnt-den-ersten-Preis-beim-Fotowettbewerb-Soegel-summt.jpg\" alt=\"\" class=\"wp-image-31289\" srcset=\"https:\/\/www.forum-soegel.de\/information\/wp-content\/uploads\/2021\/11\/Anna-Ideler-gewinnt-den-ersten-Preis-beim-Fotowettbewerb-Soegel-summt.jpg 1024w, https:\/\/www.forum-soegel.de\/information\/wp-content\/uploads\/2021\/11\/Anna-Ideler-gewinnt-den-ersten-Preis-beim-Fotowettbewerb-Soegel-summt-300x225.jpg 300w, https:\/\/www.forum-soegel.de\/information\/wp-content\/uploads\/2021\/11\/Anna-Ideler-gewinnt-den-ersten-Preis-beim-Fotowettbewerb-Soegel-summt-768x576.jpg 768w\" sizes=\"auto, (max-width: 1024px) 100vw, 1024px\" \/><\/a><figcaption>Aus den H\u00e4nden von Maria Dierkes (rechts), Projektleiterin \u201eS\u00f6gel summt\u201c, erhielten die Gewinner des Fotowettbewerbs \u201eS\u00f6gel summt\u201c v.l. Wilhelm Behnen, Anne Behnen stellvertretend f\u00fcr ihrer Tochter Annika Maria Behnen, Anna Ideler und Walburga Lamberton-Ruhr Gutscheine \u00fcberreicht.<\/figcaption><\/figure>\n","protected":false},"excerpt":{"rendered":"S\u00f6gel &#8211; Im Fr\u00fchjahr hatte die Gemeinde S\u00f6gel zu einem Fotowettbewerb unter dem Titel \u201eS\u00f6gel summt \u2013 (G)Artenvielfalt\u201c aufgerufen. Zahlreiche Fotografen sind dem Aufruf gefolgt und haben ihre Fotos eingereicht. \u201eBei unserem Wettbewerb stand der naturnahe und insektenfreundliche Garten im Vordergrund\u201c, erkl\u00e4rte Projektleiterin Maria Dierkes. \u201eSelbst im einfachen Blumentopf oder Balkonkasten l\u00e4sst sich ein kleines [&hellip;]\n","protected":false},"author":2,"featured_media":0,"comment_status":"closed","ping_status":"closed","sticky":false,"template":"","format":"standard","meta":{"ngg_post_thumbnail":0,"footnotes":""},"categories":[3],"tags":[],"class_list":["post-31288","post","type-post","status-publish","format-standard","hentry","category-aktuelles-aus-der-region"],"_links":{"self":[{"href":"https:\/\/www.forum-soegel.de\/information\/wp-json\/wp\/v2\/posts\/31288","targetHints":{"allow":["GET"]}}],"collection":[{"href":"https:\/\/www.forum-soegel.de\/information\/wp-json\/wp\/v2\/posts"}],"about":[{"href":"https:\/\/www.forum-soegel.de\/information\/wp-json\/wp\/v2\/types\/post"}],"author":[{"embeddable":true,"href":"https:\/\/www.forum-soegel.de\/information\/wp-json\/wp\/v2\/users\/2"}],"replies":[{"embeddable":true,"href":"https:\/\/www.forum-soegel.de\/information\/wp-json\/wp\/v2\/comments?post=31288"}],"version-history":[{"count":1,"href":"https:\/\/www.forum-soegel.de\/information\/wp-json\/wp\/v2\/posts\/31288\/revisions"}],"predecessor-version":[{"id":31290,"href":"https:\/\/www.forum-soegel.de\/information\/wp-json\/wp\/v2\/posts\/31288\/revisions\/31290"}],"wp:attachment":[{"href":"https:\/\/www.forum-soegel.de\/information\/wp-json\/wp\/v2\/media?parent=31288"}],"wp:term":[{"taxonomy":"category","embeddable":true,"href":"https:\/\/www.forum-soegel.de\/information\/wp-json\/wp\/v2\/categories?post=31288"},{"taxonomy":"post_tag","embeddable":true,"href":"https:\/\/www.forum-soegel.de\/information\/wp-json\/wp\/v2\/tags?post=31288"}],"curies":[{"name":"wp","href":"https:\/\/api.w.org\/{rel}","templated":true}]}}