{"id":31277,"date":"2021-10-06T16:20:39","date_gmt":"2021-10-06T14:20:39","guid":{"rendered":"https:\/\/www.forum-soegel.de\/information\/?p=31277"},"modified":"2021-10-06T16:26:10","modified_gmt":"2021-10-06T14:26:10","slug":"polizeimeldungen","status":"publish","type":"post","link":"https:\/\/www.forum-soegel.de\/information\/2021\/10\/polizeimeldungen\/","title":{"rendered":"Polizeimeldungen"},"content":{"rendered":"\n<p><strong>Gef\u00e4hrdung durch alkoholisierten Fu\u00dfg\u00e4nger auf der Fahrbahn in Werpeloh<\/strong><\/p>\n\n\n\n<p>Eine Streifenwagenbesatzung der Polizeistation in S\u00f6gel war am Sonntagmorgen, 15.08.2021, gegen 5.45 Uhr auf der Hauptstra\u00dfe in Richtung S\u00f6gel unterwegs. Ein vor ihnen fahrender silberner 1er BMW wich pl\u00f6tzlich stark nach links aus, da sich ein sichtlich alkoholisierter Mann auf der Fahrbahn befand. Zur Verhinderung weiterer gef\u00e4hrlicher Situationen und zur Feststellung der Personalien wurde der 37-J\u00e4hrige zur Dienststelle gebracht. Dabei leistete der alkoholisierte Mann erheblichen Widerstand und beleidigte die Beamten. Er wird sich nun in einem Strafverfahren verantworten m\u00fcssen. Gl\u00fccklicherweise kam es nach bisherigen Erkenntnissen zu keinem Unfall.<\/p>\n\n\n\n<p><strong>N\u00f6tigung im Stra\u00dfenverkehr zwischen B\u00f6rger und Werpeloh<\/strong><\/p>\n\n\n\n<p>Am Dienstag, d. 24.08.2021, ist es zwischen den Ortschaften B\u00f6rger-Werpeloh und S\u00f6gel zu einer N\u00f6tigung im Stra\u00dfenverkehr gekommen. Der bislang unbekannte Fahrer eines wei\u00dfen Mitsubishi war zwischen 21.30 und 21.45 Uhr auf der dortigen Landstra\u00dfe in Richtung S\u00f6gel unterwegs. Er fuhr zun\u00e4chst viel zu dicht auf einen schwarzen Audi auf, \u00fcberholte dann trotz Gegenverkehrs und bremste den Audifahrer anschlie\u00dfend sogar bis zum Stillstand beider Autos herunter.<\/p>\n\n\n\n<p><strong>Polizeibeamter wurde in B\u00f6rger von einem Rollerfahrer angefahren<\/strong><\/p>\n\n\n\n<p>Am Donnerstagabend, 02.09.2021, wurde am Piusweg in B\u00f6rger ein Polizeibeamter von einem 15-j\u00e4hrigen Rollerfahrer angefahren und verletzt. Der Beamte stand gegen 18 Uhr auf der Fahrbahn und wollte den Jugendlichen anhalten und kontrollieren. Nachdem er das Haltezeichen bekommen hatte, verminderte der Rollerfahrer kurz die Geschwindigkeit, um wenig sp\u00e4ter stark zu beschleunigen. Er fuhr direkt auf den Polizisten zu. Dieser wich aus, wurde vom Roller aber noch am Knie touchiert. Der 15-J\u00e4hrige verlor die Kontrolle und st\u00fcrzte, blieb aber unverletzt. Der Beamte wurde am Knie verletzt und ist aktuell nicht dienstf\u00e4hig. Gegen den Jugendlichen wurde ein Strafverfahren eingeleitet.<\/p>\n\n\n\n<p><strong>Aktion \u201eGelbe F\u00fc\u00dfe\u201c zu Schulbeginn an der Bernhardschule in S\u00f6gel<\/strong><\/p>\n\n\n\n<p>Am 07.09.2021, kurz nach dem Beginn des neuen Schuljahres, f\u00fchrten Polizeibeamt*innen der Polizeistation H\u00fcmmling in S\u00f6gel eine Aktion zur Sicherheit auf dem Schulweg durch. Den Grundsch\u00fclern, die aufmerksam den Ausf\u00fchrungen folgten, wurde u.a. das Verhalten bei der \u00dcberquerung von Stra\u00dfen erkl\u00e4rt. In diesem Zusammenhang bedankt sich die Polizei S\u00f6gel bei allen Verkehrshelfern, die jeden Morgen bei Wind und Wetter f\u00fcr Sicherheit auf dem Schulweg sorgen.<\/p>\n\n\n\n<p><em>Bild: Polizei S\u00f6gel<\/em><\/p>\n\n\n\n<figure class=\"wp-block-gallery columns-1 is-cropped wp-block-gallery-1 is-layout-flex wp-block-gallery-is-layout-flex\"><ul class=\"blocks-gallery-grid\"><li class=\"blocks-gallery-item\"><figure><a href=\"https:\/\/www.forum-soegel.de\/information\/wp-content\/uploads\/2021\/10\/Blaulichtmeldungen-Oktober-AusgabeGelbe-e1633530062287.jpg\"><img loading=\"lazy\" decoding=\"async\" width=\"768\" height=\"1024\" src=\"https:\/\/www.forum-soegel.de\/information\/wp-content\/uploads\/2021\/10\/Blaulichtmeldungen-Oktober-AusgabeGelbe-e1633530062287.jpg\" alt=\"\" data-id=\"31278\" data-full-url=\"https:\/\/www.forum-soegel.de\/information\/wp-content\/uploads\/2021\/10\/Blaulichtmeldungen-Oktober-AusgabeGelbe-e1633530062287.jpg\" data-link=\"https:\/\/www.forum-soegel.de\/information\/2021\/10\/polizeimeldungen\/blaulichtmeldungen-oktober-ausgabegelbe\/\" class=\"wp-image-31278\" srcset=\"https:\/\/www.forum-soegel.de\/information\/wp-content\/uploads\/2021\/10\/Blaulichtmeldungen-Oktober-AusgabeGelbe-e1633530062287.jpg 768w, https:\/\/www.forum-soegel.de\/information\/wp-content\/uploads\/2021\/10\/Blaulichtmeldungen-Oktober-AusgabeGelbe-e1633530062287-225x300.jpg 225w\" sizes=\"auto, (max-width: 768px) 100vw, 768px\" \/><\/a><figcaption class=\"blocks-gallery-item__caption\">Polizeibeamt*innen mit einer Sch\u00fclergruppe im Umfeld der Benhardschule<\/figcaption><\/figure><\/li><\/ul><\/figure>\n\n\n\n<p><strong>Verkehrsunf\u00e4lle<\/strong><strong><\/strong><\/p>\n\n\n\n<p><strong>Radfahrerin bei einem Verkehrsunfall in S\u00f6gel schwer verletzt<\/strong><\/p>\n\n\n\n<p>Am Samstag, d. 14.08.2021, kam es auf der Stra\u00dfe Am Pohlkamp zu einem Verkehrsunfall, bei dem eine Person verletzt wurde. Eine 60-J\u00e4hrige war mit ihrem VW gegen 16.15 Uhr in Richtung Sigiltrastra\u00dfe unterwegs. Als sie nach rechts in die Stra\u00dfe Knippers Kohlenhof abbog, \u00fcbersah sie eine 39-J\u00e4hrige, die auf ihrem E-Bike den Fu\u00df- und Radweg in Richtung Amtsstra\u00dfe befuhr. Es kam zu einem Zusammensto\u00df, wobei die Radfahrerin zu Fall kam und sich schwer verletzte. Sie wurde mit einem RTW dem Krankenhaus zugef\u00fchrt. Es entstand ein Sachschaden in H\u00f6he von etwa 3500 Euro.<\/p>\n\n\n\n<p><strong>Pedelecfahrerin beim Zusammensto\u00df mit einem Pkw in S\u00f6gel schwer verletzt<\/strong><\/p>\n\n\n\n<p>Am Mittwoch, 18.08.2021, kam es auf der Stra\u00dfe Pohlkamp zu einem Verkehrsunfall. Als eine 68-J\u00e4hrige gegen 16.15 Uhr mit ihrem Pedelec 25 von einem dortigen Parkplatz auf die Stra\u00dfe am Pohlkamp auffuhr, verlor sie die Kontrolle \u00fcber ihr E-Fahrrad. Dadurch kam es zu einem Zusammensto\u00df mit dem Pkw Dacia einer 45-J\u00e4hrigen, die die Stra\u00dfe in Richtung der Stra\u00dfe Am Markt befuhr. Die Fahrerin des Pedelec 25 wurde mit schweren Verletzungen ins Krankenhaus gebracht.<\/p>\n\n\n\n<p><strong>Zwei Motorradfahrer wurden bei einem Unfall in S\u00f6gel verletzt<\/strong><\/p>\n\n\n\n<p>Am Sonntag, 22.08.2021, kam es auf der Werlter Stra\u00dfe in S\u00f6gel zu einem Verkehrsunfall, bei dem zwei Personen verletzt wurden. Ein 37-j\u00e4hriger war gegen 14.30 Uhr mit seinem Pkw BMW in Richtung S\u00f6gel unterwegs. In einer Kurve kam es aus bisher ungekl\u00e4rter Ursache zu einem seitlichen Zusammensto\u00df mit einem entgegenkommenden 56-j\u00e4hrigen Motorradfahrer. Der Motorradfahrer wurde nach dem Zusammensto\u00df mit dem Pkw gegen ein vor ihm fahrendes Motorrad, das von einem 21-j\u00e4hrigen Mann gefahren wurde, geschleudert. Der 56-J\u00e4hrige wurde dabei schwer und der 21-j\u00e4hrige leicht verletzt. Der Autofahrer blieb unverletzt. Es entstand ein Sachschaden in H\u00f6he von etwa 6000 Euro.<\/p>\n\n\n\n<p><strong>Pkw-Fahrerin fl\u00fcchtete nach einem Verkehrsunfall in S\u00f6gel<\/strong><\/p>\n\n\n\n<p>Am Mittwochnachmittag, 25.08.2021, ist es gegen\u00fcber der katholischen Kirche an der Clemens-August-Stra\u00dfe zu einem Verkehrsunfall gekommen. Die Unfallverursacherin entfernte sich unerlaubt von der Unfallstelle. Ein Zeuge beobachtete den Vorfall und konnte dem Gesch\u00e4digten ein Foto des Fahrzeuges der Unfallfahrerin zeigen. Die fl\u00fcchtige Pkw-Fahrerin konnte ermittelt werden. In diesem Zusammenhang bitte die Polizei, dass sich der Zeuge bei der Dienststelle in S\u00f6gel meldet.<\/p>\n\n\n\n<p><strong>Radfahrer fl\u00fcchtete nach Zusammensto\u00df mit einem Pkw<\/strong><\/p>\n\n\n\n<p>Am Freitagabend, 03.09.2021, ist es im Fontaneweg zu einem Verkehrsunfall gekommen. Der Fahrer eines grau-silbernen Herrenfahrrades stie\u00df im Bereich der Einm\u00fcndung zur Wahner Stra\u00dfe mit einem grauen Ford Fiesta zusammen. Nach einem kurzen Gespr\u00e4ch zwischen beiden Beteiligten, entfernte sich der Radfahrer vom Unfallort. Seine Personalien hatte er zuvor nicht angegeben. Hinweise zu dem Mann nimmt die Polizei Papenburg unter der Rufnummer (04961)9260 entgegen.<\/p>\n\n\n\n<p><strong>Polizeimeldungen \/ Zeugenaufrufe<\/strong><\/p>\n\n\n\n<p><strong>Versuchter Einbruch in S\u00f6gel<\/strong><\/p>\n\n\n\n<p>Bislang unbekannte T\u00e4ter haben in der Nacht zu Sonntag, 22.08.2021, versucht, in eine Wohnung an der Stra\u00dfe Im Eickel in S\u00f6gel einzubrechen. Sie besch\u00e4digten ein Schloss, gelangten jedoch nicht in die R\u00e4ume.<\/p>\n\n\n\n<p><strong>Einbruch in Kiosk in S\u00f6gel<\/strong><\/p>\n\n\n\n<p>Zwischen dem 14. und dem 23. August sind bislang unbekannte T\u00e4ter in einen Kiosk am Rothenbacher Weg in S\u00f6gel eingebrochen. Sie entwendeten mehrere hundert Euro Bargeld.<\/p>\n\n\n\n<p><strong>Raubstraftat vor der Sparkasse in S\u00f6gel aufgekl\u00e4rt<\/strong><\/p>\n\n\n\n<p>Nachdem es am Montagnachmittag, 23.08.2021, vor der Sparkassenfiliale an der Stra\u00dfe &#8222;Am Markt&#8220; zu einem r\u00e4uberischen Diebstahl gekommen war, konnte die Polizei nun einen schnellen Ermittlungserfolg vermelden. Beamte der Polizei Papenburg konnten drei minderj\u00e4hrige T\u00e4ter identifizieren. Alle drei r\u00e4umten die gemeinsame Tatausf\u00fchrung ein. Sie entrissen einer 83-j\u00e4hrigen Seniorin ihr Portemonnaie und fl\u00fcchtete anschlie\u00dfend vom Tatort. Zwei von ihnen gaben dar\u00fcber hinaus zu, auch f\u00fcr einen Einbruch auf dem Freibadgel\u00e4nde verantwortlich zu sein.<\/p>\n\n\n\n<p><strong>Sachbesch\u00e4digung an einem Baucontainer in S\u00f6gel<\/strong><\/p>\n\n\n\n<p>Zwischen Freitag und Montag, 23.08.2021, haben bislang unbekannte T\u00e4ter das Fenster eines Baucontainers an der Schlaunallee in S\u00f6gel eingeschlagen. Es entstand ein geringer Sachschaden. Zu einem Diebstahl ist es nach bisherigen Erkenntnissen nicht gekommen.<\/p>\n\n\n\n<p><strong>Firmentransporter in S\u00f6gel aufgebrochen \u2013 Gesamtschaden 20.000 Euro<\/strong><\/p>\n\n\n\n<p>Bislang unbekannte T\u00e4ter haben in der Nacht zu Freitag, 03.09.2021, an der von-Staufenberg-Stra\u00dfe und an der General-Clay-Stra\u00dfe sechs Firmentransporter gewaltsam aufgebrochen. Sie entwendeten zahlreiche hochwertige Werkzeuge bzw. Maschinen und richteten einen Gesamtschaden in H\u00f6he von mehr als 20.000 Euro an.<\/p>\n\n\n\n<p><strong>Hund verscheuchte Einbrecher<\/strong><\/p>\n\n\n\n<p>Bislang unbekannte T\u00e4ter haben am Montagabend, 06.09.2021, versucht in ein Wohnhaus am Torffehnsweg einzudringen. Als der Hund des Hauses gegen 20.45 Uhr anschlug, lie\u00dfen sie von ihrem Vorhaben ab und ergriffen die Flucht.<\/p>\n\n\n\n<p><strong>Zaun in S\u00f6gel besch\u00e4digt<\/strong><\/p>\n\n\n\n<p>In der Nacht zu Sonntag (12.07.2021) traten bislang unbekannte T\u00e4ter dein Vorgartenzaun eines Wohnhauses an der Loruper Stra\u00dfe in Spahnharrenst\u00e4tte vermutlich nieder und besch\u00e4digten ihn.<\/p>\n\n\n\n<p><strong>In allen F\u00e4llen werden Zeugen gebeten sich bei der Polizei in S\u00f6gel unter der Rufnummer 05952\/93450 zu melden.<\/strong><\/p>\n\n\n\n<p><strong>Feuerwehrmeldungen<\/strong><\/p>\n\n\n\n<p><strong>Brand in einer K\u00fcche \u2013 Feuerwehreinsatz in S\u00f6gel<\/strong><\/p>\n\n\n\n<p>Am Montagnachmittag, 30.08.2021, kam es gegen 14.10 Uhr in der Kurf\u00fcrstenstra\u00dfe in S\u00f6gel zu einem Feuer in der K\u00fcche eines Doppelhauses. Auf einem Cerankochfeld brannten Lebensmittel, die von einer Bewohnerin noch rechtzeitig gel\u00f6scht werden konnten. Damit konnte ein gr\u00f6\u00dferer Brandschaden und die Verrauchung des gesamten Hauses verhindert werden. Die alarmierte Feuerwehr S\u00f6gel setzte eine W\u00e4rmebildkamera ein, um eventuell verdeckte Glut- und Hitzenester auszuschlie\u00dfen. Da ein technischer Defekt nicht auszuschlie\u00dfen war, wurde die Stromversorgung zum Herd von der Feuerwehr unterbrochen und die \u00dcberpr\u00fcfung durch einen Fachbetrieb empfohlen. Bereits am Vorabend musste die Feuerwehr gegen 20.10 Uhr zum Schloss Clemenswerth ausr\u00fccken, wo durch die Brandmeldeanlage ein angebliches Feuer in der K\u00fcche eines Schloss-Pavillons gemeldet worden war. Es stellte sich heraus, dass es sich um einen Fehlalarm handelte.<\/p>\n\n\n\n<p><strong>Rettungseinsatz beim Schlachthof in S\u00f6gel<\/strong><strong><\/strong><\/p>\n\n\n\n<p>Am Freitagabend, 27.08.2021, kam es gegen 18.30 Uhr zu einem gr\u00f6\u00dferen Einsatz von Rettungsdienst, Feuerwehr und Polizei beim Schlachthof Weidemark in S\u00f6gel. Ein Mitarbeiter musste reanimiert werden, ein weiterer erlitt Verletzungen.<br>Der Rettungsdienst war zun\u00e4chst zu einem Betriebsunfall w\u00e4hrend des laufenden Schlachtbetriebs, bei dem ein Mitarbeiter im Erdgescho\u00df erheblich verletzt wurde, alarmiert worden. Noch w\u00e4hrend der Versorgung des Verungl\u00fcckten, wurde im zweiten Obergeschoss des Schlachthofes ein Schlachthelfer bewusstlos aufgefunden. Ein beim Unfall eingesetzter Rettungssanit\u00e4ter \u00fcbernahm sofort die Reanimation und sorgte f\u00fcr die Alarmierung von weiteren Rettungs- und Notarztwagen sowie der Feuerwehr S\u00f6gel aufgrund der \u00f6rtlichen Gegebenheiten.&nbsp;<br>Nachdem die erfolgreich reanimierte Person stabilisiert worden war, wurde sie mit Hilfe der Feuerwehr mit einem Rettungsbrett aus dem zweiten Obergescho\u00df des verwinkelten Schlachtgeb\u00e4udes \u00fcber Treppen nach unten gebracht und zun\u00e4chst in einen Rettungswagen transportiert. Die Not\u00e4rzte entschieden sich f\u00fcr einen Weitertransport mit einem Rettungshubschrauber, der auf dem Schlachthofgel\u00e4nde landete und den Patienten ins Krankenhaus nach Meppen flog.<br><br><\/p>\n\n\n\n<p><em>Bild: Feuerwehr S\u00f6gel<\/em><\/p>\n\n\n\n<figure class=\"wp-block-gallery columns-1 is-cropped wp-block-gallery-2 is-layout-flex wp-block-gallery-is-layout-flex\"><ul class=\"blocks-gallery-grid\"><li class=\"blocks-gallery-item\"><figure><a href=\"https:\/\/www.forum-soegel.de\/information\/wp-content\/uploads\/2021\/10\/Blaulichtmeldungen-Oktober-Ausgabe_Einsatz-Schlachhof1.jpg\"><img loading=\"lazy\" decoding=\"async\" width=\"1024\" height=\"768\" src=\"https:\/\/www.forum-soegel.de\/information\/wp-content\/uploads\/2021\/10\/Blaulichtmeldungen-Oktober-Ausgabe_Einsatz-Schlachhof1.jpg\" alt=\"\" data-id=\"31281\" data-full-url=\"https:\/\/www.forum-soegel.de\/information\/wp-content\/uploads\/2021\/10\/Blaulichtmeldungen-Oktober-Ausgabe_Einsatz-Schlachhof1.jpg\" data-link=\"https:\/\/www.forum-soegel.de\/information\/2021\/10\/polizeimeldungen\/blaulichtmeldungen-oktober-ausgabe_einsatz-schlachhof1\/\" class=\"wp-image-31281\" srcset=\"https:\/\/www.forum-soegel.de\/information\/wp-content\/uploads\/2021\/10\/Blaulichtmeldungen-Oktober-Ausgabe_Einsatz-Schlachhof1.jpg 1024w, https:\/\/www.forum-soegel.de\/information\/wp-content\/uploads\/2021\/10\/Blaulichtmeldungen-Oktober-Ausgabe_Einsatz-Schlachhof1-300x225.jpg 300w, https:\/\/www.forum-soegel.de\/information\/wp-content\/uploads\/2021\/10\/Blaulichtmeldungen-Oktober-Ausgabe_Einsatz-Schlachhof1-768x576.jpg 768w\" sizes=\"auto, (max-width: 1024px) 100vw, 1024px\" \/><\/a><\/figure><\/li><\/ul><figcaption class=\"blocks-gallery-caption\">Zu einem gr\u00f6\u00dferen Einsatz von Rettungsdienst, Feuerwehr und Polizei kam es am Freitagabend auf dem Gel\u00e4nde des Schlachthofes Weidemark in S\u00f6gel.<\/figcaption><\/figure>\n\n\n\n<p><strong>Nicht allt\u00e4glicher Einsatz der Feuerwehr S\u00f6gel \u2013 Protestaktion bei Aldi-M\u00e4rkten<\/strong><\/p>\n\n\n\n<p>Vor vielen Aldi-M\u00e4rkten im Emsland protestierten Landwirte aus Region indem sie dort lebensgro\u00dfe Puppen (Arbeitsanz\u00fcge, die mit Stroh gef\u00fcllt waren), beklebt mit entsprechenden Texten aufgeh\u00e4ngt hatten. Die Protestaktion wurde in der Nacht zu Samstag, 28.08.2021, und am fr\u00fchen Morgen entdeckt. Die \u00f6rtlichen Feuerwehren wurden von der Polizei beauftragt, die Puppen zu entfernen.<\/p>\n\n\n\n<p>In S\u00f6gel holte die Feuerwehr mit einer Drehleiter vier Puppen, die in acht Meter H\u00f6he an Laternen auf dem Parkplatz Knippers Kohlenhof aufgeh\u00e4ngt waren, herunter.<\/p>\n\n\n\n<p><em>Bild: Feuerwehr<\/em><\/p>\n\n\n\n<figure class=\"wp-block-gallery columns-1 is-cropped wp-block-gallery-3 is-layout-flex wp-block-gallery-is-layout-flex\"><ul class=\"blocks-gallery-grid\"><li class=\"blocks-gallery-item\"><figure><a href=\"https:\/\/www.forum-soegel.de\/information\/wp-content\/uploads\/2021\/10\/Blaulichtmeldungen-Oktober-Ausgabe_Puppenbergung.jpg\"><img loading=\"lazy\" decoding=\"async\" width=\"576\" height=\"768\" src=\"https:\/\/www.forum-soegel.de\/information\/wp-content\/uploads\/2021\/10\/Blaulichtmeldungen-Oktober-Ausgabe_Puppenbergung.jpg\" alt=\"\" data-id=\"31282\" data-full-url=\"https:\/\/www.forum-soegel.de\/information\/wp-content\/uploads\/2021\/10\/Blaulichtmeldungen-Oktober-Ausgabe_Puppenbergung.jpg\" data-link=\"https:\/\/www.forum-soegel.de\/information\/2021\/10\/polizeimeldungen\/blaulichtmeldungen-oktober-ausgabe_puppenbergung\/\" class=\"wp-image-31282\" srcset=\"https:\/\/www.forum-soegel.de\/information\/wp-content\/uploads\/2021\/10\/Blaulichtmeldungen-Oktober-Ausgabe_Puppenbergung.jpg 576w, https:\/\/www.forum-soegel.de\/information\/wp-content\/uploads\/2021\/10\/Blaulichtmeldungen-Oktober-Ausgabe_Puppenbergung-225x300.jpg 225w\" sizes=\"auto, (max-width: 576px) 100vw, 576px\" \/><\/a><\/figure><\/li><\/ul><figcaption class=\"blocks-gallery-caption\">Die Feuerwehr S\u00f6gel bei der \u201eBergung\u201c einer lebensgro\u00dfen Puppe.<\/figcaption><\/figure>\n\n\n\n<p>Zusammengestellt von Gerd Rode<\/p>\n","protected":false},"excerpt":{"rendered":"Gef\u00e4hrdung durch alkoholisierten Fu\u00dfg\u00e4nger auf der Fahrbahn in Werpeloh Eine Streifenwagenbesatzung der Polizeistation in S\u00f6gel war am Sonntagmorgen, 15.08.2021, gegen 5.45 Uhr auf der Hauptstra\u00dfe in Richtung S\u00f6gel unterwegs. Ein vor ihnen fahrender silberner 1er BMW wich pl\u00f6tzlich stark nach links aus, da sich ein sichtlich alkoholisierter Mann auf der Fahrbahn befand. Zur Verhinderung weiterer [&hellip;]\n","protected":false},"author":2,"featured_media":0,"comment_status":"closed","ping_status":"closed","sticky":false,"template":"","format":"standard","meta":{"ngg_post_thumbnail":0,"footnotes":""},"categories":[931],"tags":[],"class_list":["post-31277","post","type-post","status-publish","format-standard","hentry","category-blaulichtreport"],"_links":{"self":[{"href":"https:\/\/www.forum-soegel.de\/information\/wp-json\/wp\/v2\/posts\/31277","targetHints":{"allow":["GET"]}}],"collection":[{"href":"https:\/\/www.forum-soegel.de\/information\/wp-json\/wp\/v2\/posts"}],"about":[{"href":"https:\/\/www.forum-soegel.de\/information\/wp-json\/wp\/v2\/types\/post"}],"author":[{"embeddable":true,"href":"https:\/\/www.forum-soegel.de\/information\/wp-json\/wp\/v2\/users\/2"}],"replies":[{"embeddable":true,"href":"https:\/\/www.forum-soegel.de\/information\/wp-json\/wp\/v2\/comments?post=31277"}],"version-history":[{"count":3,"href":"https:\/\/www.forum-soegel.de\/information\/wp-json\/wp\/v2\/posts\/31277\/revisions"}],"predecessor-version":[{"id":31283,"href":"https:\/\/www.forum-soegel.de\/information\/wp-json\/wp\/v2\/posts\/31277\/revisions\/31283"}],"wp:attachment":[{"href":"https:\/\/www.forum-soegel.de\/information\/wp-json\/wp\/v2\/media?parent=31277"}],"wp:term":[{"taxonomy":"category","embeddable":true,"href":"https:\/\/www.forum-soegel.de\/information\/wp-json\/wp\/v2\/categories?post=31277"},{"taxonomy":"post_tag","embeddable":true,"href":"https:\/\/www.forum-soegel.de\/information\/wp-json\/wp\/v2\/tags?post=31277"}],"curies":[{"name":"wp","href":"https:\/\/api.w.org\/{rel}","templated":true}]}}