{"id":3126,"date":"2010-09-01T00:01:01","date_gmt":"2010-08-31T22:01:01","guid":{"rendered":"https:\/\/www.forum-soegel.de\/information\/?p=3126"},"modified":"2010-08-29T15:37:06","modified_gmt":"2010-08-29T13:37:06","slug":"grose-radtour-des-heimatverein-sogel","status":"publish","type":"post","link":"https:\/\/www.forum-soegel.de\/information\/2010\/09\/grose-radtour-des-heimatverein-sogel\/","title":{"rendered":"Gro\u00dfe Radtour des Heimatverein S\u00f6gel"},"content":{"rendered":"<p>Der Heimatverein S\u00f6gel hatte f\u00fcr Sonntag den 1. August zur &#8222;Gro\u00dfen Radtour&#8220; eingeladen. Inklusive der Besatzung der Begleitfahrzeuge waren 40 Teilnehmer der Einladung gefolgt. Der Wettergott meinte es gut mit dieser Veranstaltung und so konnte p\u00fcnktlich morgens um 8.30 Uhr gestartet werden. Die Fahrt f\u00fchrte \u00fcber Kathen-Frackel und Hilter an die Ems. In unmittelbarer N\u00e4he des Ferienhofes Junkern Beel wurde f\u00fcr die gemeinsame Mittagspause Rast gemacht. Mit gegrillten W\u00fcrstchen, leckeren Broten, Kaffee oder Tee konnte man sich f\u00fcr die Weiterfahrt st\u00e4rken. Am Nachmittag ging es dann \u00fcber Oberlangen, Fresenburg und D\u00fcthe nach Lathen, wo in der &#8222;Lathener Marsch&#8220; bereits Kaffee und Kuchen auf die Teilnehmer wartete. Nach der R\u00fcckkehr in S\u00f6gel bedankte sich der Heimatverein f\u00fcr die Mitfahrt bei jedem Teilnehmer mit einer kleinen Urkunde.<\/p>\n<p>Text\/Foto:GS<\/p>\n<p><a href=\"https:\/\/www.forum-soegel.de\/information\/wp-content\/uploads\/2010\/08\/Radtour1.jpg\"><img loading=\"lazy\" decoding=\"async\" class=\"alignnone size-thumbnail wp-image-3127\" title=\"Radtour1\" src=\"https:\/\/www.forum-soegel.de\/information\/wp-content\/uploads\/2010\/08\/Radtour1-150x150.jpg\" alt=\"\" width=\"150\" height=\"150\" \/><\/a>\u00a0 <a href=\"https:\/\/www.forum-soegel.de\/information\/wp-content\/uploads\/2010\/08\/Radtour2.jpg\"><img loading=\"lazy\" decoding=\"async\" class=\"alignnone size-thumbnail wp-image-3128\" title=\"Radtour2\" src=\"https:\/\/www.forum-soegel.de\/information\/wp-content\/uploads\/2010\/08\/Radtour2-150x150.jpg\" alt=\"\" width=\"150\" height=\"150\" \/><\/a><\/p>\n","protected":false},"excerpt":{"rendered":"Der Heimatverein S\u00f6gel hatte f\u00fcr Sonntag den 1. August zur &#8222;Gro\u00dfen Radtour&#8220; eingeladen. Inklusive der Besatzung der Begleitfahrzeuge waren 40 Teilnehmer der Einladung gefolgt. Der Wettergott meinte es gut mit dieser Veranstaltung und so konnte p\u00fcnktlich morgens um 8.30 Uhr gestartet werden. Die Fahrt f\u00fchrte \u00fcber Kathen-Frackel und Hilter an die Ems. In unmittelbarer N\u00e4he [&hellip;]\n","protected":false},"author":2,"featured_media":0,"comment_status":"closed","ping_status":"closed","sticky":false,"template":"","format":"standard","meta":{"ngg_post_thumbnail":0,"footnotes":""},"categories":[5],"tags":[56,306,437],"class_list":["post-3126","post","type-post","status-publish","format-standard","hentry","category-was-machen-die-vereine","tag-heimatverein","tag-heimatverein-sogel","tag-radtour"],"_links":{"self":[{"href":"https:\/\/www.forum-soegel.de\/information\/wp-json\/wp\/v2\/posts\/3126","targetHints":{"allow":["GET"]}}],"collection":[{"href":"https:\/\/www.forum-soegel.de\/information\/wp-json\/wp\/v2\/posts"}],"about":[{"href":"https:\/\/www.forum-soegel.de\/information\/wp-json\/wp\/v2\/types\/post"}],"author":[{"embeddable":true,"href":"https:\/\/www.forum-soegel.de\/information\/wp-json\/wp\/v2\/users\/2"}],"replies":[{"embeddable":true,"href":"https:\/\/www.forum-soegel.de\/information\/wp-json\/wp\/v2\/comments?post=3126"}],"version-history":[{"count":2,"href":"https:\/\/www.forum-soegel.de\/information\/wp-json\/wp\/v2\/posts\/3126\/revisions"}],"predecessor-version":[{"id":3130,"href":"https:\/\/www.forum-soegel.de\/information\/wp-json\/wp\/v2\/posts\/3126\/revisions\/3130"}],"wp:attachment":[{"href":"https:\/\/www.forum-soegel.de\/information\/wp-json\/wp\/v2\/media?parent=3126"}],"wp:term":[{"taxonomy":"category","embeddable":true,"href":"https:\/\/www.forum-soegel.de\/information\/wp-json\/wp\/v2\/categories?post=3126"},{"taxonomy":"post_tag","embeddable":true,"href":"https:\/\/www.forum-soegel.de\/information\/wp-json\/wp\/v2\/tags?post=3126"}],"curies":[{"name":"wp","href":"https:\/\/api.w.org\/{rel}","templated":true}]}}