{"id":31246,"date":"2021-10-06T15:59:32","date_gmt":"2021-10-06T13:59:32","guid":{"rendered":"https:\/\/www.forum-soegel.de\/information\/?p=31246"},"modified":"2021-10-06T15:59:32","modified_gmt":"2021-10-06T13:59:32","slug":"tennis-vereint-uns","status":"publish","type":"post","link":"https:\/\/www.forum-soegel.de\/information\/2021\/10\/tennis-vereint-uns\/","title":{"rendered":"\u201eTennis vereint uns\u201c"},"content":{"rendered":"\n<p>S\u00f6gel &#8211; Unter diesem Motto starteten 40 Kinder und Jugendliche sowie zahlreiche ehrenamtliche Betreuer des Tennisvereins S\u00f6gel in der letzten Ferienwoche das erste Tenniscamp unter der Leitung des neuen Trainers Svetko Bjelotomic. An drei Tagen wartete ein intensives und abwechslungsreiches Programm auf die gut gelaunten und motivierten Sportler, bei dem der Spa\u00df nie zu kurz kam. Die j\u00fcngsten Teilnehmer im Alter zwischen f\u00fcnf und sieben Jahren absolvierten t\u00e4glich ein zweist\u00fcndiges Training, w\u00e4hrend die Gruppe der Acht- bis Siebzehnj\u00e4hrigen den ganzen Tag aktiv auf der Anlage verbrachten.<\/p>\n\n\n\n<p>Der Tennissport mit unterschiedlichsten \u00dcbungen, Drills und Matches stand selbstverst\u00e4ndlich im Mittelpunkt, gleichzeitig haben die Jugendlichen intensiv an der Verbesserung ihrer Koordinations- und Konditionsf\u00e4higkeit gearbeitet. W\u00e4hrend der gemeinsamen Mittagspausen hatten sie Zeit sich ein wenig zu erholen und zu st\u00e4rken, um Kraft f\u00fcr das anschlie\u00dfende Nachmittagsprogramm zu sammeln. Der Trainer und das Betreuerteam um Jugendwartin Lisa Jellinghaus waren sowohl von der sportlichen Leistung als auch vom harmonischen Umgang der Jugendlichen untereinander begeistert, so dass am Ende der drei Tage f\u00fcr alle feststand, dass es auf keinen Fall das letzte Tenniscamp gewesen sein soll.<\/p>\n\n\n\n<p>Text\/Foto: Markus Kohnen<\/p>\n\n\n\n<figure class=\"wp-block-gallery columns-2 is-cropped wp-block-gallery-1 is-layout-flex wp-block-gallery-is-layout-flex\"><ul class=\"blocks-gallery-grid\"><li class=\"blocks-gallery-item\"><figure><a href=\"https:\/\/www.forum-soegel.de\/information\/wp-content\/uploads\/2021\/10\/Tennis-vereint-uns-2.jpg\"><img loading=\"lazy\" decoding=\"async\" width=\"1024\" height=\"768\" src=\"https:\/\/www.forum-soegel.de\/information\/wp-content\/uploads\/2021\/10\/Tennis-vereint-uns-2.jpg\" alt=\"\" data-id=\"31247\" data-full-url=\"https:\/\/www.forum-soegel.de\/information\/wp-content\/uploads\/2021\/10\/Tennis-vereint-uns-2.jpg\" data-link=\"https:\/\/www.forum-soegel.de\/information\/?attachment_id=31247\" class=\"wp-image-31247\" srcset=\"https:\/\/www.forum-soegel.de\/information\/wp-content\/uploads\/2021\/10\/Tennis-vereint-uns-2.jpg 1024w, https:\/\/www.forum-soegel.de\/information\/wp-content\/uploads\/2021\/10\/Tennis-vereint-uns-2-300x225.jpg 300w, https:\/\/www.forum-soegel.de\/information\/wp-content\/uploads\/2021\/10\/Tennis-vereint-uns-2-768x576.jpg 768w\" sizes=\"auto, (max-width: 1024px) 100vw, 1024px\" \/><\/a><\/figure><\/li><li class=\"blocks-gallery-item\"><figure><a href=\"https:\/\/www.forum-soegel.de\/information\/wp-content\/uploads\/2021\/10\/Tennis-vereint-uns-1.jpg\"><img loading=\"lazy\" decoding=\"async\" width=\"346\" height=\"768\" src=\"https:\/\/www.forum-soegel.de\/information\/wp-content\/uploads\/2021\/10\/Tennis-vereint-uns-1.jpg\" alt=\"\" data-id=\"31248\" data-full-url=\"https:\/\/www.forum-soegel.de\/information\/wp-content\/uploads\/2021\/10\/Tennis-vereint-uns-1.jpg\" data-link=\"https:\/\/www.forum-soegel.de\/information\/?attachment_id=31248\" class=\"wp-image-31248\" srcset=\"https:\/\/www.forum-soegel.de\/information\/wp-content\/uploads\/2021\/10\/Tennis-vereint-uns-1.jpg 346w, https:\/\/www.forum-soegel.de\/information\/wp-content\/uploads\/2021\/10\/Tennis-vereint-uns-1-135x300.jpg 135w\" sizes=\"auto, (max-width: 346px) 100vw, 346px\" \/><\/a><\/figure><\/li><\/ul><\/figure>\n","protected":false},"excerpt":{"rendered":"S\u00f6gel &#8211; Unter diesem Motto starteten 40 Kinder und Jugendliche sowie zahlreiche ehrenamtliche Betreuer des Tennisvereins S\u00f6gel in der letzten Ferienwoche das erste Tenniscamp unter der Leitung des neuen Trainers Svetko Bjelotomic. An drei Tagen wartete ein intensives und abwechslungsreiches Programm auf die gut gelaunten und motivierten Sportler, bei dem der Spa\u00df nie zu kurz [&hellip;]\n","protected":false},"author":2,"featured_media":0,"comment_status":"closed","ping_status":"closed","sticky":false,"template":"","format":"standard","meta":{"ngg_post_thumbnail":0,"footnotes":""},"categories":[5],"tags":[],"class_list":["post-31246","post","type-post","status-publish","format-standard","hentry","category-was-machen-die-vereine"],"_links":{"self":[{"href":"https:\/\/www.forum-soegel.de\/information\/wp-json\/wp\/v2\/posts\/31246","targetHints":{"allow":["GET"]}}],"collection":[{"href":"https:\/\/www.forum-soegel.de\/information\/wp-json\/wp\/v2\/posts"}],"about":[{"href":"https:\/\/www.forum-soegel.de\/information\/wp-json\/wp\/v2\/types\/post"}],"author":[{"embeddable":true,"href":"https:\/\/www.forum-soegel.de\/information\/wp-json\/wp\/v2\/users\/2"}],"replies":[{"embeddable":true,"href":"https:\/\/www.forum-soegel.de\/information\/wp-json\/wp\/v2\/comments?post=31246"}],"version-history":[{"count":1,"href":"https:\/\/www.forum-soegel.de\/information\/wp-json\/wp\/v2\/posts\/31246\/revisions"}],"predecessor-version":[{"id":31249,"href":"https:\/\/www.forum-soegel.de\/information\/wp-json\/wp\/v2\/posts\/31246\/revisions\/31249"}],"wp:attachment":[{"href":"https:\/\/www.forum-soegel.de\/information\/wp-json\/wp\/v2\/media?parent=31246"}],"wp:term":[{"taxonomy":"category","embeddable":true,"href":"https:\/\/www.forum-soegel.de\/information\/wp-json\/wp\/v2\/categories?post=31246"},{"taxonomy":"post_tag","embeddable":true,"href":"https:\/\/www.forum-soegel.de\/information\/wp-json\/wp\/v2\/tags?post=31246"}],"curies":[{"name":"wp","href":"https:\/\/api.w.org\/{rel}","templated":true}]}}