{"id":31243,"date":"2021-10-06T15:58:12","date_gmt":"2021-10-06T13:58:12","guid":{"rendered":"https:\/\/www.forum-soegel.de\/information\/?p=31243"},"modified":"2021-10-06T15:58:12","modified_gmt":"2021-10-06T13:58:12","slug":"neue-aufwaermpullover-fuer-die-zweite-herren","status":"publish","type":"post","link":"https:\/\/www.forum-soegel.de\/information\/2021\/10\/neue-aufwaermpullover-fuer-die-zweite-herren\/","title":{"rendered":"Neue Aufw\u00e4rmpullover f\u00fcr die Zweite Herren"},"content":{"rendered":"\n<p>\u00dcber neue Aufw\u00e4rmpullover freut sich die gesamte Mannschaft der Zweiten Herren des SV Sigiltra S\u00f6gel. Ein gro\u00dfer Dank geht an den neuen Sponsor \u201eProMobil\u201c aus Meppen: ProMobil, hier vertreten durch den Betriebsleiter Daniel Zeppenfeld, erkl\u00e4rte sich dazu bereit, \u00fcber 30 Aufw\u00e4rmpullover f\u00fcr die Zweite Herren zur Verf\u00fcgung zu stellen.\u00a0\u00a0\u00a0\u00a0\u00a0\u00a0\u00a0\u00a0\u00a0\u00a0\u00a0\u00a0\u00a0\u00a0\u00a0<br><br>Text\/Foto: Lennard Blank<\/p>\n\n\n\n<figure class=\"wp-block-gallery columns-1 is-cropped wp-block-gallery-1 is-layout-flex wp-block-gallery-is-layout-flex\"><ul class=\"blocks-gallery-grid\"><li class=\"blocks-gallery-item\"><figure><a href=\"https:\/\/www.forum-soegel.de\/information\/wp-content\/uploads\/2021\/10\/Neue-Aufwaermpullover-fuer-die-Zweite-Herren.jpeg\"><img loading=\"lazy\" decoding=\"async\" width=\"1024\" height=\"768\" src=\"https:\/\/www.forum-soegel.de\/information\/wp-content\/uploads\/2021\/10\/Neue-Aufwaermpullover-fuer-die-Zweite-Herren-1024x768.jpeg\" alt=\"\" data-id=\"31244\" data-full-url=\"https:\/\/www.forum-soegel.de\/information\/wp-content\/uploads\/2021\/10\/Neue-Aufwaermpullover-fuer-die-Zweite-Herren.jpeg\" data-link=\"https:\/\/www.forum-soegel.de\/information\/?attachment_id=31244\" class=\"wp-image-31244\" srcset=\"https:\/\/www.forum-soegel.de\/information\/wp-content\/uploads\/2021\/10\/Neue-Aufwaermpullover-fuer-die-Zweite-Herren-1024x768.jpeg 1024w, https:\/\/www.forum-soegel.de\/information\/wp-content\/uploads\/2021\/10\/Neue-Aufwaermpullover-fuer-die-Zweite-Herren-300x225.jpeg 300w, https:\/\/www.forum-soegel.de\/information\/wp-content\/uploads\/2021\/10\/Neue-Aufwaermpullover-fuer-die-Zweite-Herren-768x576.jpeg 768w, https:\/\/www.forum-soegel.de\/information\/wp-content\/uploads\/2021\/10\/Neue-Aufwaermpullover-fuer-die-Zweite-Herren-1536x1152.jpeg 1536w, https:\/\/www.forum-soegel.de\/information\/wp-content\/uploads\/2021\/10\/Neue-Aufwaermpullover-fuer-die-Zweite-Herren.jpeg 2000w\" sizes=\"auto, (max-width: 1024px) 100vw, 1024px\" \/><\/a><\/figure><\/li><\/ul><\/figure>\n","protected":false},"excerpt":{"rendered":"\u00dcber neue Aufw\u00e4rmpullover freut sich die gesamte Mannschaft der Zweiten Herren des SV Sigiltra S\u00f6gel. Ein gro\u00dfer Dank geht an den neuen Sponsor \u201eProMobil\u201c aus Meppen: ProMobil, hier vertreten durch den Betriebsleiter Daniel Zeppenfeld, erkl\u00e4rte sich dazu bereit, \u00fcber 30 Aufw\u00e4rmpullover f\u00fcr die Zweite Herren zur Verf\u00fcgung zu stellen.\u00a0\u00a0\u00a0\u00a0\u00a0\u00a0\u00a0\u00a0\u00a0\u00a0\u00a0\u00a0\u00a0\u00a0\u00a0 Text\/Foto: Lennard Blank\n","protected":false},"author":2,"featured_media":0,"comment_status":"closed","ping_status":"closed","sticky":false,"template":"","format":"standard","meta":{"ngg_post_thumbnail":0,"footnotes":""},"categories":[5],"tags":[],"class_list":["post-31243","post","type-post","status-publish","format-standard","hentry","category-was-machen-die-vereine"],"_links":{"self":[{"href":"https:\/\/www.forum-soegel.de\/information\/wp-json\/wp\/v2\/posts\/31243","targetHints":{"allow":["GET"]}}],"collection":[{"href":"https:\/\/www.forum-soegel.de\/information\/wp-json\/wp\/v2\/posts"}],"about":[{"href":"https:\/\/www.forum-soegel.de\/information\/wp-json\/wp\/v2\/types\/post"}],"author":[{"embeddable":true,"href":"https:\/\/www.forum-soegel.de\/information\/wp-json\/wp\/v2\/users\/2"}],"replies":[{"embeddable":true,"href":"https:\/\/www.forum-soegel.de\/information\/wp-json\/wp\/v2\/comments?post=31243"}],"version-history":[{"count":1,"href":"https:\/\/www.forum-soegel.de\/information\/wp-json\/wp\/v2\/posts\/31243\/revisions"}],"predecessor-version":[{"id":31245,"href":"https:\/\/www.forum-soegel.de\/information\/wp-json\/wp\/v2\/posts\/31243\/revisions\/31245"}],"wp:attachment":[{"href":"https:\/\/www.forum-soegel.de\/information\/wp-json\/wp\/v2\/media?parent=31243"}],"wp:term":[{"taxonomy":"category","embeddable":true,"href":"https:\/\/www.forum-soegel.de\/information\/wp-json\/wp\/v2\/categories?post=31243"},{"taxonomy":"post_tag","embeddable":true,"href":"https:\/\/www.forum-soegel.de\/information\/wp-json\/wp\/v2\/tags?post=31243"}],"curies":[{"name":"wp","href":"https:\/\/api.w.org\/{rel}","templated":true}]}}