{"id":31239,"date":"2021-10-06T15:56:43","date_gmt":"2021-10-06T13:56:43","guid":{"rendered":"https:\/\/www.forum-soegel.de\/information\/?p=31239"},"modified":"2021-10-06T15:56:43","modified_gmt":"2021-10-06T13:56:43","slug":"mitgliederversammlung-des-sv-stavern-aussergewoehnlich-gut-besucht","status":"publish","type":"post","link":"https:\/\/www.forum-soegel.de\/information\/2021\/10\/mitgliederversammlung-des-sv-stavern-aussergewoehnlich-gut-besucht\/","title":{"rendered":"Mitgliederversammlung des SV Stavern au\u00dfergew\u00f6hnlich gut besucht"},"content":{"rendered":"\n<p>Stavern &#8211; Mit fast 100 Mitgliedern war die diesj\u00e4hrige Generalversammlung des SV Stavern sehr gut besucht. Vorsitzender Daniel Keuter begr\u00fc\u00dfte die Anwesenden, besonders den B\u00fcrgermeister der Gemeinde und die beiden Mitglieder des Ehrenrates.<\/p>\n\n\n\n<p>In seinem Rechenschaftsbericht ging der Vorsitzende zun\u00e4chst auf die Zeit, in der die Pandemie das Vereinsleben bestimmt hatte, ein. In dieser Zeit, in der fast keine Veranstaltungen durchgef\u00fchrt werden konnten, wurden viele Arbeiten rund um das Sportgel\u00e4nde durchgef\u00fchrt. So wurden abschlie\u00dfende Arbeiten am Clubraum und an den Umkleider\u00e4umen durchgef\u00fchrt. Auf dem B-Platz konnte durch Eigenleistung eine Flutlichtanlage installiert werden. Die Digitalisierung hat auch beim SV Stavern Einzug gehalten. Alle Akten werden bzw. sind bereits digitalisiert. Zudem besteht auf dem Sportgel\u00e4nde f\u00fcr jedermann freies W-LAN. Abschlie\u00dfend f\u00fchrte Keuter aus, dass in dieser Zeit kein Mitglied den Verein verlassen hat. \u201eHier kann man erkennen, dass die Staverner voll und ganz hinter ihrem Sportverein stehen\u201c, so der Vorsitzende.<\/p>\n\n\n\n<p>Fu\u00dfballobmann Markus G\u00f6ken f\u00fchrte aus, dass die 1. Herren der SG Stavern\/Apeldorn in der vergangenen Saison den 3. Platz in der 1. Kreisklasse Mitte erreicht habe. In der 3. Kreisklasse belegte die zweite Mannschaft des SG bei Abbruch der Saison den 1. Platz.<\/p>\n\n\n\n<p>Jugendwart Florian Stahlhut berichtete, dass die SG Stavern\/Apeldorn in der vergangenen Saison mit 15 Teams von der A-Jugend bis zu den Minikickern (G-Jugend) am Spielbetrieb teilgenommen hatte. Einige Mannschaften wurden mit Spielern der Vereinen Sigiltra S\u00f6gel und Gr\u00fcn-Wei\u00df Spahnharrenst\u00e4tte zusammengestellt. So war es m\u00f6glich, dass die A-Jugend und die C-Jugend auch im kommenden Spieljahr in der Bezirksliga antreten werden.<\/p>\n\n\n\n<p>Im Damenbereich tritt der Verein in einer Spielgemeinschaft mit Ber\u00dfen und Apeldorn an. Nach einem 2. Platz in der vergangenen Saison wird die Mannschaft, so Andre Rolfes, in der kommenden Saison in der 1. Kreisklasse spielen.<\/p>\n\n\n\n<p>Dass im SV Stavern nicht nur Fu\u00dfball gespielt wird, wurde in den folgenden Berichten der einzelnen Spartenleiter*innen dargestellt. Von Turngruppen im Seniorenbereich bis zu den Kindern, werden \u00fcber Tischtennis, Karate, Gymnastik und InduS-Turnen (Inklusion durch Sport im Emsland) viele<\/p>\n\n\n\n<p>Sportarten angeboten.<\/p>\n\n\n\n<p>Seit nunmehr 30 Jahren bestand der Tennissport als selbstst\u00e4ndige Gruppe im Sportverein. Ab der kommenden Saison wird es eine Tennisabteilung im Verein geben. Sie wird zuk\u00fcnftig von Marlies Lake und Anita Pethan geleitet. Die Sparte Tennis wurde wieder n\u00e4her an den Verein gebracht. Dies wird durch die Ernennung der Tenniswart*innen deutlich. Somit profitiert die Sparte nun auch verst\u00e4rkt von der Vereinsorganisation.<\/p>\n\n\n\n<p>Kurt Zielke, der bisherige Vorsitzende der Tennisgruppe legte in der Versammlung seinen Bericht vor. Zurzeit nimmt nur noch eine Herrenmannschaft am Spielbetrieb teil. Durch viele gezielte Aktionen konnte man im vergangenen Jahr wieder einige Kinder und Jugendliche an den Tennissport heranf\u00fchren.<\/p>\n\n\n\n<p>Der Vorsitzende Daniel Keuter bedankte sich anschlie\u00dfend bei Kurt Zielke, Helmut Rawe und Bernd G\u00f6ken mit einem Pr\u00e4sent f\u00fcr ihre in den vergangenen Jahrzehnten f\u00fcr den Tennissport geleistete Arbeit.<\/p>\n\n\n\n<p>Im weiteren Verlauf f\u00fchrte Bernd Dr\u00f6ge f\u00fcr die Kassenpr\u00fcfung aus, dass es keinerlei Beanstandungen geben habe und die Kasse einwandfrei gef\u00fchrt worden sei. Auf seinem Antrag hin wurde dem Vorstand danach die Entlastung erteilt.<\/p>\n\n\n\n<p>Ein sehr detaillierter Finanzbericht wurde anschlie\u00dfend vom Finanzvorstand Alexander Wester und seinem Vertreter Jens Wester vorgetragen. Es ist schon beachtlich welche Betr\u00e4ge in einem Sportverein mit derzeit 489 Mitglieder umgesetzt werden. Am Ende konnten sie aber einen positiven Jahresabschluss vorlegen.<\/p>\n\n\n\n<p>Bei den anschlie\u00dfenden Neuwahlen wurden die Vorstandsmitglieder*innen in ihren \u00c4mtern einstimmig best\u00e4tigt.<\/p>\n\n\n\n<p>F\u00fcr langj\u00e4hrige Mitgliedschaft im Verein wurden die Mitglieder*innen geehrt. 60 Jahre im Verein sind Rudi Rolfes, Heinz Sandker und Kurt Zielke. Hildegard Sandker und Friedhelm Hilm geh\u00f6ren dem Verein seit 25 Jahren an.<\/p>\n\n\n\n<p>Abschlie\u00dfend wurde eine erforderliche Satzungs\u00e4nderung einstimmig beschlossen und eine rege Diskussion \u00fcber eine \u00c4nderung der Beitragsstruktur gef\u00fchrt. Dar\u00fcber wird aber erst in der n\u00e4chsten Generalversammlung eine Entscheidung getroffen. &nbsp;<\/p>\n\n\n\n<p>Text\/Foto: Gerd Rode<\/p>\n\n\n\n<figure class=\"wp-block-gallery columns-1 is-cropped wp-block-gallery-1 is-layout-flex wp-block-gallery-is-layout-flex\"><ul class=\"blocks-gallery-grid\"><li class=\"blocks-gallery-item\"><figure><a href=\"https:\/\/www.forum-soegel.de\/information\/wp-content\/uploads\/2021\/10\/Mitgliederversammlung-des-SV-Stavern-aussergewoehnlich-gut-besucht-2.jpg\"><img loading=\"lazy\" decoding=\"async\" width=\"1024\" height=\"740\" src=\"https:\/\/www.forum-soegel.de\/information\/wp-content\/uploads\/2021\/10\/Mitgliederversammlung-des-SV-Stavern-aussergewoehnlich-gut-besucht-2.jpg\" alt=\"\" data-id=\"31240\" data-full-url=\"https:\/\/www.forum-soegel.de\/information\/wp-content\/uploads\/2021\/10\/Mitgliederversammlung-des-SV-Stavern-aussergewoehnlich-gut-besucht-2.jpg\" data-link=\"https:\/\/www.forum-soegel.de\/information\/?attachment_id=31240\" class=\"wp-image-31240\" srcset=\"https:\/\/www.forum-soegel.de\/information\/wp-content\/uploads\/2021\/10\/Mitgliederversammlung-des-SV-Stavern-aussergewoehnlich-gut-besucht-2.jpg 1024w, https:\/\/www.forum-soegel.de\/information\/wp-content\/uploads\/2021\/10\/Mitgliederversammlung-des-SV-Stavern-aussergewoehnlich-gut-besucht-2-300x217.jpg 300w, https:\/\/www.forum-soegel.de\/information\/wp-content\/uploads\/2021\/10\/Mitgliederversammlung-des-SV-Stavern-aussergewoehnlich-gut-besucht-2-768x555.jpg 768w\" sizes=\"auto, (max-width: 1024px) 100vw, 1024px\" \/><\/a><figcaption class=\"blocks-gallery-item__caption\">stehend von links: Marlies Lake, Anita Pethan, Jens Wester, Vorsitzender Daniel Keuter, Wilfried Rolfes, Alexander Wester, Andre Rolfes und Markus G\u00f6ken. Kniend von lks: Jonas Wolters, Anita Hilm, Maike Schuckenbrock, Doris Wester und Florian Stahlhut<\/figcaption><\/figure><\/li><li class=\"blocks-gallery-item\"><figure><a href=\"https:\/\/www.forum-soegel.de\/information\/wp-content\/uploads\/2021\/10\/Mitgliederversammlung-des-SV-Stavern-aussergewoehnlich-gut-besucht-1.jpg\"><img loading=\"lazy\" decoding=\"async\" width=\"1024\" height=\"683\" src=\"https:\/\/www.forum-soegel.de\/information\/wp-content\/uploads\/2021\/10\/Mitgliederversammlung-des-SV-Stavern-aussergewoehnlich-gut-besucht-1.jpg\" alt=\"\" data-id=\"31241\" data-full-url=\"https:\/\/www.forum-soegel.de\/information\/wp-content\/uploads\/2021\/10\/Mitgliederversammlung-des-SV-Stavern-aussergewoehnlich-gut-besucht-1.jpg\" data-link=\"https:\/\/www.forum-soegel.de\/information\/?attachment_id=31241\" class=\"wp-image-31241\" srcset=\"https:\/\/www.forum-soegel.de\/information\/wp-content\/uploads\/2021\/10\/Mitgliederversammlung-des-SV-Stavern-aussergewoehnlich-gut-besucht-1.jpg 1024w, https:\/\/www.forum-soegel.de\/information\/wp-content\/uploads\/2021\/10\/Mitgliederversammlung-des-SV-Stavern-aussergewoehnlich-gut-besucht-1-300x200.jpg 300w, https:\/\/www.forum-soegel.de\/information\/wp-content\/uploads\/2021\/10\/Mitgliederversammlung-des-SV-Stavern-aussergewoehnlich-gut-besucht-1-768x512.jpg 768w\" sizes=\"auto, (max-width: 1024px) 100vw, 1024px\" \/><\/a><figcaption class=\"blocks-gallery-item__caption\">von links: 2. Vorsitzende Maike Schuckenbrock, Kurt Zielke, Helmut Rawe, Bernd G\u00f6ken, Rudi Rolfes, Vorsitzender Daniel Keuter und vorne kniend Jan-Michael Rohe und Robin Tangen<\/figcaption><\/figure><\/li><\/ul><\/figure>\n","protected":false},"excerpt":{"rendered":"Stavern &#8211; Mit fast 100 Mitgliedern war die diesj\u00e4hrige Generalversammlung des SV Stavern sehr gut besucht. Vorsitzender Daniel Keuter begr\u00fc\u00dfte die Anwesenden, besonders den B\u00fcrgermeister der Gemeinde und die beiden Mitglieder des Ehrenrates. In seinem Rechenschaftsbericht ging der Vorsitzende zun\u00e4chst auf die Zeit, in der die Pandemie das Vereinsleben bestimmt hatte, ein. In dieser Zeit, [&hellip;]\n","protected":false},"author":2,"featured_media":0,"comment_status":"closed","ping_status":"closed","sticky":false,"template":"","format":"standard","meta":{"ngg_post_thumbnail":0,"footnotes":""},"categories":[5],"tags":[],"class_list":["post-31239","post","type-post","status-publish","format-standard","hentry","category-was-machen-die-vereine"],"_links":{"self":[{"href":"https:\/\/www.forum-soegel.de\/information\/wp-json\/wp\/v2\/posts\/31239","targetHints":{"allow":["GET"]}}],"collection":[{"href":"https:\/\/www.forum-soegel.de\/information\/wp-json\/wp\/v2\/posts"}],"about":[{"href":"https:\/\/www.forum-soegel.de\/information\/wp-json\/wp\/v2\/types\/post"}],"author":[{"embeddable":true,"href":"https:\/\/www.forum-soegel.de\/information\/wp-json\/wp\/v2\/users\/2"}],"replies":[{"embeddable":true,"href":"https:\/\/www.forum-soegel.de\/information\/wp-json\/wp\/v2\/comments?post=31239"}],"version-history":[{"count":1,"href":"https:\/\/www.forum-soegel.de\/information\/wp-json\/wp\/v2\/posts\/31239\/revisions"}],"predecessor-version":[{"id":31242,"href":"https:\/\/www.forum-soegel.de\/information\/wp-json\/wp\/v2\/posts\/31239\/revisions\/31242"}],"wp:attachment":[{"href":"https:\/\/www.forum-soegel.de\/information\/wp-json\/wp\/v2\/media?parent=31239"}],"wp:term":[{"taxonomy":"category","embeddable":true,"href":"https:\/\/www.forum-soegel.de\/information\/wp-json\/wp\/v2\/categories?post=31239"},{"taxonomy":"post_tag","embeddable":true,"href":"https:\/\/www.forum-soegel.de\/information\/wp-json\/wp\/v2\/tags?post=31239"}],"curies":[{"name":"wp","href":"https:\/\/api.w.org\/{rel}","templated":true}]}}