{"id":31229,"date":"2021-10-06T15:51:21","date_gmt":"2021-10-06T13:51:21","guid":{"rendered":"https:\/\/www.forum-soegel.de\/information\/?p=31229"},"modified":"2021-10-06T15:52:02","modified_gmt":"2021-10-06T13:52:02","slug":"jahreshauptversammlung-um-1-%c2%bd-jahre-verschoben","status":"publish","type":"post","link":"https:\/\/www.forum-soegel.de\/information\/2021\/10\/jahreshauptversammlung-um-1-%c2%bd-jahre-verschoben\/","title":{"rendered":"Jahreshauptversammlung um 1 \u00bd Jahre verschoben"},"content":{"rendered":"\n<p><strong>RBSG-S\u00f6gel e.V. ehrt viele Mitglieder, verabschiedet langj\u00e4hrigen Kassenwart und w\u00e4hlt neuen Vorstand.<\/strong><\/p>\n\n\n\n<p>S\u00f6gel &#8211; Auf der endlich stattfindenden Jahreshauptversammlung der Reha- und Behinderten-Sportgemeinschaft-S\u00f6gel e.V. im WOBUS- Hotel J\u00e4gerhof erhielt Theo Kempkes die Ehrennadel in Gold des Kreissportbundes. Sie wurde ihm \u00fcberreicht von Bernd Meier, Vizepr\u00e4sident Finanzen des KSB. Au\u00dferdem h\u00e4ndigte der 1. Vorsitzende, Achim Gehrs, ihm das zum 38sten Mal errungene Goldene Sportabzeichen unter Behindertenbedingungen aus.<\/p>\n\n\n\n<p>F\u00fcr langj\u00e4hrige treue Mitgliedschaften wurden ausgezeichnet (von links):Wilhelm Geers 25 Jahre, Marianne Gehrs 30 Jahre, Achim Gehrs 35 Jahre, Liborius Geers 20 Jahre, Margret Sprenkel 25 Jahre, Christian Sprenkel 30 Jahre, Marga Gerdes 40 Jahre, Bernhard Kammlage 40 Jahre.<\/p>\n\n\n\n<p>Nicht auf dem Foto Adele Kamlage 40 Jahre, Marlene B\u00fcter 20 Jahre, Waltraud Pelzer 15 Jahre, Mohamad Butt 20 Jahre, Norbert H\u00fcbner 25 Jahre.<\/p>\n\n\n\n<p>F\u00fcr \u00fcber 13 Jahre ehrenamtlichen Einsatz als Kassenwart wurde Martin Gebbeken mit einem Geschenk und einem Blumenstrau\u00df f\u00fcr seine Frau Doris, verabschiedet.<\/p>\n\n\n\n<p>Bei den Neuwahlen wurde Achim Gehrs in seinem Amt als 1. Vorsitzender best\u00e4tigt. 2. Vorsitzender wurde Karl-Heinz Kenning. Neuer Kassenwart wurde Antonius Robben, neuer Sportwart Robert Weber. In ihrem Amt als Frauenwartin und zweite Sportwartin wurde Anni Robbe best\u00e4tigt.<\/p>\n\n\n\n<p>Text\/Foto: Achim Gehrs<\/p>\n\n\n\n<figure class=\"wp-block-gallery columns-2 is-cropped wp-block-gallery-1 is-layout-flex wp-block-gallery-is-layout-flex\"><ul class=\"blocks-gallery-grid\"><li class=\"blocks-gallery-item\"><figure><a href=\"https:\/\/www.forum-soegel.de\/information\/wp-content\/uploads\/2021\/10\/Jahreshauptversammlung-um-1-\u00bd-Jahre-verschoben-1.jpg\"><img loading=\"lazy\" decoding=\"async\" width=\"1024\" height=\"661\" src=\"https:\/\/www.forum-soegel.de\/information\/wp-content\/uploads\/2021\/10\/Jahreshauptversammlung-um-1-\u00bd-Jahre-verschoben-1-1024x661.jpg\" alt=\"\" data-id=\"31231\" data-full-url=\"https:\/\/www.forum-soegel.de\/information\/wp-content\/uploads\/2021\/10\/Jahreshauptversammlung-um-1-\u00bd-Jahre-verschoben-1.jpg\" data-link=\"https:\/\/www.forum-soegel.de\/information\/?attachment_id=31231\" class=\"wp-image-31231\" srcset=\"https:\/\/www.forum-soegel.de\/information\/wp-content\/uploads\/2021\/10\/Jahreshauptversammlung-um-1-\u00bd-Jahre-verschoben-1-1024x661.jpg 1024w, https:\/\/www.forum-soegel.de\/information\/wp-content\/uploads\/2021\/10\/Jahreshauptversammlung-um-1-\u00bd-Jahre-verschoben-1-300x194.jpg 300w, https:\/\/www.forum-soegel.de\/information\/wp-content\/uploads\/2021\/10\/Jahreshauptversammlung-um-1-\u00bd-Jahre-verschoben-1-768x496.jpg 768w, https:\/\/www.forum-soegel.de\/information\/wp-content\/uploads\/2021\/10\/Jahreshauptversammlung-um-1-\u00bd-Jahre-verschoben-1-1536x991.jpg 1536w, https:\/\/www.forum-soegel.de\/information\/wp-content\/uploads\/2021\/10\/Jahreshauptversammlung-um-1-\u00bd-Jahre-verschoben-1-2048x1322.jpg 2048w\" sizes=\"auto, (max-width: 1024px) 100vw, 1024px\" \/><\/a><\/figure><\/li><li class=\"blocks-gallery-item\"><figure><a href=\"https:\/\/www.forum-soegel.de\/information\/wp-content\/uploads\/2021\/10\/Jahreshauptversammlung-um-1-\u00bd-Jahre-verschoben-2.jpg\"><img loading=\"lazy\" decoding=\"async\" width=\"1024\" height=\"782\" src=\"https:\/\/www.forum-soegel.de\/information\/wp-content\/uploads\/2021\/10\/Jahreshauptversammlung-um-1-\u00bd-Jahre-verschoben-2-1024x782.jpg\" alt=\"\" data-id=\"31232\" data-full-url=\"https:\/\/www.forum-soegel.de\/information\/wp-content\/uploads\/2021\/10\/Jahreshauptversammlung-um-1-\u00bd-Jahre-verschoben-2.jpg\" data-link=\"https:\/\/www.forum-soegel.de\/information\/?attachment_id=31232\" class=\"wp-image-31232\" srcset=\"https:\/\/www.forum-soegel.de\/information\/wp-content\/uploads\/2021\/10\/Jahreshauptversammlung-um-1-\u00bd-Jahre-verschoben-2-1024x782.jpg 1024w, https:\/\/www.forum-soegel.de\/information\/wp-content\/uploads\/2021\/10\/Jahreshauptversammlung-um-1-\u00bd-Jahre-verschoben-2-300x229.jpg 300w, https:\/\/www.forum-soegel.de\/information\/wp-content\/uploads\/2021\/10\/Jahreshauptversammlung-um-1-\u00bd-Jahre-verschoben-2-768x586.jpg 768w, https:\/\/www.forum-soegel.de\/information\/wp-content\/uploads\/2021\/10\/Jahreshauptversammlung-um-1-\u00bd-Jahre-verschoben-2-1536x1173.jpg 1536w, https:\/\/www.forum-soegel.de\/information\/wp-content\/uploads\/2021\/10\/Jahreshauptversammlung-um-1-\u00bd-Jahre-verschoben-2-2048x1564.jpg 2048w\" sizes=\"auto, (max-width: 1024px) 100vw, 1024px\" \/><\/a><\/figure><\/li><li class=\"blocks-gallery-item\"><figure><a href=\"https:\/\/www.forum-soegel.de\/information\/wp-content\/uploads\/2021\/10\/Jahreshauptversammlung-um-1-\u00bd-Jahre-verschoben-3.jpg\"><img loading=\"lazy\" decoding=\"async\" width=\"1024\" height=\"536\" src=\"https:\/\/www.forum-soegel.de\/information\/wp-content\/uploads\/2021\/10\/Jahreshauptversammlung-um-1-\u00bd-Jahre-verschoben-3-1024x536.jpg\" alt=\"\" data-id=\"31230\" data-full-url=\"https:\/\/www.forum-soegel.de\/information\/wp-content\/uploads\/2021\/10\/Jahreshauptversammlung-um-1-\u00bd-Jahre-verschoben-3.jpg\" data-link=\"https:\/\/www.forum-soegel.de\/information\/?attachment_id=31230\" class=\"wp-image-31230\" srcset=\"https:\/\/www.forum-soegel.de\/information\/wp-content\/uploads\/2021\/10\/Jahreshauptversammlung-um-1-\u00bd-Jahre-verschoben-3-1024x536.jpg 1024w, https:\/\/www.forum-soegel.de\/information\/wp-content\/uploads\/2021\/10\/Jahreshauptversammlung-um-1-\u00bd-Jahre-verschoben-3-300x157.jpg 300w, https:\/\/www.forum-soegel.de\/information\/wp-content\/uploads\/2021\/10\/Jahreshauptversammlung-um-1-\u00bd-Jahre-verschoben-3-768x402.jpg 768w, https:\/\/www.forum-soegel.de\/information\/wp-content\/uploads\/2021\/10\/Jahreshauptversammlung-um-1-\u00bd-Jahre-verschoben-3-1536x805.jpg 1536w, https:\/\/www.forum-soegel.de\/information\/wp-content\/uploads\/2021\/10\/Jahreshauptversammlung-um-1-\u00bd-Jahre-verschoben-3-2048x1073.jpg 2048w\" sizes=\"auto, (max-width: 1024px) 100vw, 1024px\" \/><\/a><\/figure><\/li><\/ul><\/figure>\n","protected":false},"excerpt":{"rendered":"RBSG-S\u00f6gel e.V. ehrt viele Mitglieder, verabschiedet langj\u00e4hrigen Kassenwart und w\u00e4hlt neuen Vorstand. S\u00f6gel &#8211; Auf der endlich stattfindenden Jahreshauptversammlung der Reha- und Behinderten-Sportgemeinschaft-S\u00f6gel e.V. im WOBUS- Hotel J\u00e4gerhof erhielt Theo Kempkes die Ehrennadel in Gold des Kreissportbundes. Sie wurde ihm \u00fcberreicht von Bernd Meier, Vizepr\u00e4sident Finanzen des KSB. Au\u00dferdem h\u00e4ndigte der 1. Vorsitzende, Achim Gehrs, [&hellip;]\n","protected":false},"author":2,"featured_media":0,"comment_status":"closed","ping_status":"closed","sticky":false,"template":"","format":"standard","meta":{"ngg_post_thumbnail":0,"footnotes":""},"categories":[5],"tags":[],"class_list":["post-31229","post","type-post","status-publish","format-standard","hentry","category-was-machen-die-vereine"],"_links":{"self":[{"href":"https:\/\/www.forum-soegel.de\/information\/wp-json\/wp\/v2\/posts\/31229","targetHints":{"allow":["GET"]}}],"collection":[{"href":"https:\/\/www.forum-soegel.de\/information\/wp-json\/wp\/v2\/posts"}],"about":[{"href":"https:\/\/www.forum-soegel.de\/information\/wp-json\/wp\/v2\/types\/post"}],"author":[{"embeddable":true,"href":"https:\/\/www.forum-soegel.de\/information\/wp-json\/wp\/v2\/users\/2"}],"replies":[{"embeddable":true,"href":"https:\/\/www.forum-soegel.de\/information\/wp-json\/wp\/v2\/comments?post=31229"}],"version-history":[{"count":3,"href":"https:\/\/www.forum-soegel.de\/information\/wp-json\/wp\/v2\/posts\/31229\/revisions"}],"predecessor-version":[{"id":31235,"href":"https:\/\/www.forum-soegel.de\/information\/wp-json\/wp\/v2\/posts\/31229\/revisions\/31235"}],"wp:attachment":[{"href":"https:\/\/www.forum-soegel.de\/information\/wp-json\/wp\/v2\/media?parent=31229"}],"wp:term":[{"taxonomy":"category","embeddable":true,"href":"https:\/\/www.forum-soegel.de\/information\/wp-json\/wp\/v2\/categories?post=31229"},{"taxonomy":"post_tag","embeddable":true,"href":"https:\/\/www.forum-soegel.de\/information\/wp-json\/wp\/v2\/tags?post=31229"}],"curies":[{"name":"wp","href":"https:\/\/api.w.org\/{rel}","templated":true}]}}