{"id":31224,"date":"2021-10-06T15:47:49","date_gmt":"2021-10-06T13:47:49","guid":{"rendered":"https:\/\/www.forum-soegel.de\/information\/?p=31224"},"modified":"2021-10-06T15:47:49","modified_gmt":"2021-10-06T13:47:49","slug":"freilandturnier-soegel","status":"publish","type":"post","link":"https:\/\/www.forum-soegel.de\/information\/2021\/10\/freilandturnier-soegel\/","title":{"rendered":"Freilandturnier S\u00f6gel"},"content":{"rendered":"\n<p>S\u00f6gel &#8211; Unter heimischer Kulisse und strahlendem Sonnenschein konnte Manuel Beeker mit Carla Comte sich erneuert den Sieg im schwersten Springen des zweit\u00e4gigen Reitturniers holen.<\/p>\n\n\n\n<p>9 Teilnehmer konnten sich f\u00fcr das Stechen qualifizieren und lieferten den Zuschauern spannenden Sport.<\/p>\n\n\n\n<p>Die Dressurreiter hatten die M\u00f6glichkeit sich in der M-Dressur zu beweisen. Dieses Jahr ging der Sieg nach Hasel\u00fcnne an Birgitt Holz mit ihrer Rappstute First Lady HE, Wertnote 8,0.<\/p>\n\n\n\n<p>Auch die Reiter vom RuF S\u00f6gel konnten sich sehen lassen. Insgesamt 25 Schleifen und drei Siege konnten erritten werden.<\/p>\n\n\n\n<p>An den beiden Turniertagen wurden insgesamt 480 Starts in 21 Pr\u00fcfungen protokolliert.<\/p>\n\n\n\n<p>Am 15.10. bis 17.10.2021 findet das gro\u00dfe Hallenturnier in der Reithalle statt, was leider verschoben werden musste. Dort werden Pr\u00fcfungen der schwersten Springklasse pr\u00e4sentiert.<\/p>\n\n\n\n<p>Bild\/Text: Karina Hinrichs<\/p>\n\n\n\n<figure class=\"wp-block-gallery columns-1 is-cropped wp-block-gallery-1 is-layout-flex wp-block-gallery-is-layout-flex\"><ul class=\"blocks-gallery-grid\"><li class=\"blocks-gallery-item\"><figure><a href=\"https:\/\/www.forum-soegel.de\/information\/wp-content\/uploads\/2021\/10\/Freilandturnier-Soegel.jpeg\"><img loading=\"lazy\" decoding=\"async\" width=\"572\" height=\"754\" src=\"https:\/\/www.forum-soegel.de\/information\/wp-content\/uploads\/2021\/10\/Freilandturnier-Soegel.jpeg\" alt=\"\" data-id=\"31225\" data-full-url=\"https:\/\/www.forum-soegel.de\/information\/wp-content\/uploads\/2021\/10\/Freilandturnier-Soegel.jpeg\" data-link=\"https:\/\/www.forum-soegel.de\/information\/?attachment_id=31225\" class=\"wp-image-31225\" srcset=\"https:\/\/www.forum-soegel.de\/information\/wp-content\/uploads\/2021\/10\/Freilandturnier-Soegel.jpeg 572w, https:\/\/www.forum-soegel.de\/information\/wp-content\/uploads\/2021\/10\/Freilandturnier-Soegel-228x300.jpeg 228w\" sizes=\"auto, (max-width: 572px) 100vw, 572px\" \/><\/a><\/figure><\/li><\/ul><figcaption class=\"blocks-gallery-caption\"><br>Sieger des M-Springens Manuel Beeker mit Clara Comte vom Reit- und Fahrverein S\u00f6gel.<br><br><\/figcaption><\/figure>\n","protected":false},"excerpt":{"rendered":"S\u00f6gel &#8211; Unter heimischer Kulisse und strahlendem Sonnenschein konnte Manuel Beeker mit Carla Comte sich erneuert den Sieg im schwersten Springen des zweit\u00e4gigen Reitturniers holen. 9 Teilnehmer konnten sich f\u00fcr das Stechen qualifizieren und lieferten den Zuschauern spannenden Sport. Die Dressurreiter hatten die M\u00f6glichkeit sich in der M-Dressur zu beweisen. Dieses Jahr ging der Sieg [&hellip;]\n","protected":false},"author":2,"featured_media":0,"comment_status":"closed","ping_status":"closed","sticky":false,"template":"","format":"standard","meta":{"ngg_post_thumbnail":0,"footnotes":""},"categories":[5],"tags":[],"class_list":["post-31224","post","type-post","status-publish","format-standard","hentry","category-was-machen-die-vereine"],"_links":{"self":[{"href":"https:\/\/www.forum-soegel.de\/information\/wp-json\/wp\/v2\/posts\/31224","targetHints":{"allow":["GET"]}}],"collection":[{"href":"https:\/\/www.forum-soegel.de\/information\/wp-json\/wp\/v2\/posts"}],"about":[{"href":"https:\/\/www.forum-soegel.de\/information\/wp-json\/wp\/v2\/types\/post"}],"author":[{"embeddable":true,"href":"https:\/\/www.forum-soegel.de\/information\/wp-json\/wp\/v2\/users\/2"}],"replies":[{"embeddable":true,"href":"https:\/\/www.forum-soegel.de\/information\/wp-json\/wp\/v2\/comments?post=31224"}],"version-history":[{"count":1,"href":"https:\/\/www.forum-soegel.de\/information\/wp-json\/wp\/v2\/posts\/31224\/revisions"}],"predecessor-version":[{"id":31226,"href":"https:\/\/www.forum-soegel.de\/information\/wp-json\/wp\/v2\/posts\/31224\/revisions\/31226"}],"wp:attachment":[{"href":"https:\/\/www.forum-soegel.de\/information\/wp-json\/wp\/v2\/media?parent=31224"}],"wp:term":[{"taxonomy":"category","embeddable":true,"href":"https:\/\/www.forum-soegel.de\/information\/wp-json\/wp\/v2\/categories?post=31224"},{"taxonomy":"post_tag","embeddable":true,"href":"https:\/\/www.forum-soegel.de\/information\/wp-json\/wp\/v2\/tags?post=31224"}],"curies":[{"name":"wp","href":"https:\/\/api.w.org\/{rel}","templated":true}]}}