{"id":31220,"date":"2021-10-06T15:44:45","date_gmt":"2021-10-06T13:44:45","guid":{"rendered":"https:\/\/www.forum-soegel.de\/information\/?p=31220"},"modified":"2021-10-06T15:45:26","modified_gmt":"2021-10-06T13:45:26","slug":"dfb-mobil-zu-gast-an-der-bernhardschule-soegel-3","status":"publish","type":"post","link":"https:\/\/www.forum-soegel.de\/information\/2021\/10\/dfb-mobil-zu-gast-an-der-bernhardschule-soegel-3\/","title":{"rendered":"DFB-Mobil zu Gast an der Bernhardschule S\u00f6gel"},"content":{"rendered":"\n<p>S\u00f6gel &#8211; &nbsp;Das DFB-Mobil machte in diesen Tagen Halt bei der Bernhardschule in S\u00f6gel. Bei einem DFB-Mobil-Besuch f\u00fchren lizenzierte Teamer ein Demonstrationstraining durch und informieren Vereine und Grundschulen \u00fcber weitere Bildungsangebote sowie \u00fcber Zukunftsthemen des Fu\u00dfballs. Im Mittelpunkt der praktischen Demonstration steht die einfache Organisation und Durchf\u00fchrung eines entwicklungsgerechten Trainings f\u00fcr Jungen und M\u00e4dchen. Nach dem Training folgt stets der Informationsblock, indem der Lehrkraft direkt und unkompliziert praktische Tipps zum Fu\u00dfballtraining gegeben werden.<\/p>\n\n\n\n<p>Davon machte jetzt die Sportlehrerin der Bernhardschule S\u00f6gel, Anja Hunfeld, mit ihren Sch\u00fclern nun Gebrauch. Auf dem Sportplatz wurden 19 Sch\u00fcler der Klasse 3c im Umgang mit dem Fu\u00dfball geschult.<\/p>\n\n\n\n<p>Unter der Leitung von DFB-Trainer Rainer Sobiech und anderen \u00dcbungsleitern erlernten die Sch\u00fcler in vielen unterschiedlichen \u00dcbungen den Umgang mit dem Fu\u00dfball &#8211; so zum Beispiel beim Dribbeln, beim Torschusstraining und bei den Abschlussspielen den Turniermodus. \u201eDurch die Aufteilung in kleine Gruppen ist die Bewegungsintensit\u00e4t sehr hoch und alle Kinder kommen ordentlich ins Schwitzen!\u201c, lobte Anja Hunfeld von der Fachleitung Sport das Angebot. \u201eDie Kinder sind mit gro\u00dfem Einsatz und viel Spa\u00df dabei.\u201c Am Ende der Einheit waren sich dann alle einig: \u201eEs war zwar eine anstrengende, aber auch besondere Sportstunde!\u201c<\/p>\n\n\n\n<p>Foto\/Text: Grundschule S\u00f6gel<\/p>\n\n\n\n<figure class=\"wp-block-gallery columns-2 is-cropped wp-block-gallery-1 is-layout-flex wp-block-gallery-is-layout-flex\"><ul class=\"blocks-gallery-grid\"><li class=\"blocks-gallery-item\"><figure><a href=\"https:\/\/www.forum-soegel.de\/information\/wp-content\/uploads\/2021\/10\/DFB-Mobil-zu-Gast-an-der-Bernhardschule-Soegel-2.jpg\"><img loading=\"lazy\" decoding=\"async\" width=\"1024\" height=\"768\" src=\"https:\/\/www.forum-soegel.de\/information\/wp-content\/uploads\/2021\/10\/DFB-Mobil-zu-Gast-an-der-Bernhardschule-Soegel-2.jpg\" alt=\"\" data-id=\"31221\" data-full-url=\"https:\/\/www.forum-soegel.de\/information\/wp-content\/uploads\/2021\/10\/DFB-Mobil-zu-Gast-an-der-Bernhardschule-Soegel-2.jpg\" data-link=\"https:\/\/www.forum-soegel.de\/information\/?attachment_id=31221\" class=\"wp-image-31221\" srcset=\"https:\/\/www.forum-soegel.de\/information\/wp-content\/uploads\/2021\/10\/DFB-Mobil-zu-Gast-an-der-Bernhardschule-Soegel-2.jpg 1024w, https:\/\/www.forum-soegel.de\/information\/wp-content\/uploads\/2021\/10\/DFB-Mobil-zu-Gast-an-der-Bernhardschule-Soegel-2-300x225.jpg 300w, https:\/\/www.forum-soegel.de\/information\/wp-content\/uploads\/2021\/10\/DFB-Mobil-zu-Gast-an-der-Bernhardschule-Soegel-2-768x576.jpg 768w\" sizes=\"auto, (max-width: 1024px) 100vw, 1024px\" \/><\/a><\/figure><\/li><li class=\"blocks-gallery-item\"><figure><a href=\"https:\/\/www.forum-soegel.de\/information\/wp-content\/uploads\/2021\/10\/DFB-Mobil-zu-Gast-an-der-Bernhardschule-Soegel-1.jpg\"><img loading=\"lazy\" decoding=\"async\" width=\"1024\" height=\"768\" src=\"https:\/\/www.forum-soegel.de\/information\/wp-content\/uploads\/2021\/10\/DFB-Mobil-zu-Gast-an-der-Bernhardschule-Soegel-1.jpg\" alt=\"\" data-id=\"31222\" data-full-url=\"https:\/\/www.forum-soegel.de\/information\/wp-content\/uploads\/2021\/10\/DFB-Mobil-zu-Gast-an-der-Bernhardschule-Soegel-1.jpg\" data-link=\"https:\/\/www.forum-soegel.de\/information\/?attachment_id=31222\" class=\"wp-image-31222\" srcset=\"https:\/\/www.forum-soegel.de\/information\/wp-content\/uploads\/2021\/10\/DFB-Mobil-zu-Gast-an-der-Bernhardschule-Soegel-1.jpg 1024w, https:\/\/www.forum-soegel.de\/information\/wp-content\/uploads\/2021\/10\/DFB-Mobil-zu-Gast-an-der-Bernhardschule-Soegel-1-300x225.jpg 300w, https:\/\/www.forum-soegel.de\/information\/wp-content\/uploads\/2021\/10\/DFB-Mobil-zu-Gast-an-der-Bernhardschule-Soegel-1-768x576.jpg 768w\" sizes=\"auto, (max-width: 1024px) 100vw, 1024px\" \/><\/a><\/figure><\/li><\/ul><\/figure>\n","protected":false},"excerpt":{"rendered":"S\u00f6gel &#8211; &nbsp;Das DFB-Mobil machte in diesen Tagen Halt bei der Bernhardschule in S\u00f6gel. Bei einem DFB-Mobil-Besuch f\u00fchren lizenzierte Teamer ein Demonstrationstraining durch und informieren Vereine und Grundschulen \u00fcber weitere Bildungsangebote sowie \u00fcber Zukunftsthemen des Fu\u00dfballs. Im Mittelpunkt der praktischen Demonstration steht die einfache Organisation und Durchf\u00fchrung eines entwicklungsgerechten Trainings f\u00fcr Jungen und M\u00e4dchen. Nach [&hellip;]\n","protected":false},"author":2,"featured_media":0,"comment_status":"closed","ping_status":"closed","sticky":false,"template":"","format":"standard","meta":{"ngg_post_thumbnail":0,"footnotes":""},"categories":[5],"tags":[],"class_list":["post-31220","post","type-post","status-publish","format-standard","hentry","category-was-machen-die-vereine"],"_links":{"self":[{"href":"https:\/\/www.forum-soegel.de\/information\/wp-json\/wp\/v2\/posts\/31220","targetHints":{"allow":["GET"]}}],"collection":[{"href":"https:\/\/www.forum-soegel.de\/information\/wp-json\/wp\/v2\/posts"}],"about":[{"href":"https:\/\/www.forum-soegel.de\/information\/wp-json\/wp\/v2\/types\/post"}],"author":[{"embeddable":true,"href":"https:\/\/www.forum-soegel.de\/information\/wp-json\/wp\/v2\/users\/2"}],"replies":[{"embeddable":true,"href":"https:\/\/www.forum-soegel.de\/information\/wp-json\/wp\/v2\/comments?post=31220"}],"version-history":[{"count":1,"href":"https:\/\/www.forum-soegel.de\/information\/wp-json\/wp\/v2\/posts\/31220\/revisions"}],"predecessor-version":[{"id":31223,"href":"https:\/\/www.forum-soegel.de\/information\/wp-json\/wp\/v2\/posts\/31220\/revisions\/31223"}],"wp:attachment":[{"href":"https:\/\/www.forum-soegel.de\/information\/wp-json\/wp\/v2\/media?parent=31220"}],"wp:term":[{"taxonomy":"category","embeddable":true,"href":"https:\/\/www.forum-soegel.de\/information\/wp-json\/wp\/v2\/categories?post=31220"},{"taxonomy":"post_tag","embeddable":true,"href":"https:\/\/www.forum-soegel.de\/information\/wp-json\/wp\/v2\/tags?post=31220"}],"curies":[{"name":"wp","href":"https:\/\/api.w.org\/{rel}","templated":true}]}}