{"id":31216,"date":"2021-10-06T15:42:37","date_gmt":"2021-10-06T13:42:37","guid":{"rendered":"https:\/\/www.forum-soegel.de\/information\/?p=31216"},"modified":"2021-10-06T15:42:37","modified_gmt":"2021-10-06T13:42:37","slug":"schueler-uebernehmen-seit-ueber-30-jahren-ladendienst","status":"publish","type":"post","link":"https:\/\/www.forum-soegel.de\/information\/2021\/10\/schueler-uebernehmen-seit-ueber-30-jahren-ladendienst\/","title":{"rendered":"Sch\u00fcler \u00fcbernehmen seit \u00fcber 30 Jahren Ladendienst"},"content":{"rendered":"\n<p>S\u00f6gel &#8211; Der Weltladen S\u00f6gel muss sich keine Nachwuchssorgen machen, wenn es um den Ladendienst am Nachmittag geht. Nach den Ferien hat sich wieder eine starke Gruppe von 30 Sch\u00fclern bereiterkl\u00e4rt, die Arbeit der Ehrenamtlichen zu unterst\u00fctzen. Anl\u00e4sslich der Mitgliederversammlung des Tr\u00e4gervereins \u201eUnsere Welt \u2013 eine Welt\u201c wurde der Vorstand im Amt best\u00e4tigt.<\/p>\n\n\n\n<p>Bereits bei der Einarbeitung in ihre neuen Aufgaben zeigten sich die Jugendlichen ein gro\u00dfes Engagement und lauschten interessiert den Ausf\u00fchrungen der erfahrenen Helfer. Sie h\u00e4tten in der Schule von der M\u00f6glichkeit, im Weltladen mitzuarbeiten erfahren, sagten die Sch\u00fclerinnen und Sch\u00fcler. \u201eEs ist eine sch\u00f6ne Aufgabe, hier mitzuhelfen zu k\u00f6nnen\u201c, hie\u00df es. Schlie\u00dflich verfolge der Verein mit dem Verkauf fair gehandelter Produkte einen guten Zweck. Diana Schmitz, die die Jugendlichen seit einigen Jahren betreut, wies darauf hin, dass man mit 26 Interessierten wieder \u00fcber eine starke Gruppe verf\u00fcge, die Wertsch\u00e4tzung des Vereins verdiene. Die derzeitige Vorsitzende des Vereins \u201eUnsere Welt &#8211; eine Welt\u201c, Martina Deters und Stellvertreterin Martina Herbes best\u00e4tigten, wie wertvoll die Unterst\u00fctzung der jungen Generation sei.<\/p>\n\n\n\n<p>Nach Auskunft des fr\u00fcheren Vereinsvorsitzenden Walter Czeranka beteiligen sich bereits seit der Gr\u00fcndung vor mehr als 30 Jahren Jugendliche an der Arbeit des Weltladens. Sie waren viele Jahre von Annette Jellinghaus und sp\u00e4ter auch von ihrer Tochter Lisa mitbetreut worden.<\/p>\n\n\n\n<p>Im Rahmen der Mitgliederversammlung, in der die Berichte f\u00fcr die Jahre 2019 und 2020 entgegengenommen wurden, best\u00e4tigten die Mitglieder die Vorsitzende Martina Deters, die Stellvertreterin Martina Herbes, die Kassenwartin Claudia Grote und die Schriftf\u00fchrerin Renate Hanekamp in ihren \u00c4mtern. Trotz der langen Schlie\u00dfungszeit infolge der Corona-Krise habe man durch Sonderma\u00dfnahmen und weitere Aktivit\u00e4ten ein zufriedenstellendes Ergebnis erzielen k\u00f6nnen, hie\u00df es. Der \u00dcberschuss komme vor allem der Organisation Eirene zugute, die sich vor allem der \u201eFeldberatung und Selbsthilfef\u00f6rderung in West-Niger\u201c verschrieben hat. Erste positive Ergebnisse seien zu verzeichnen. Ebenfalls gut angelegt seien die Spenden f\u00fcr Projekte im Senegal, betonte Hermann Kock als Kontaktperson. F\u00fcr alle Partner gelte, dass durch den pandemiebedingten R\u00fcckgang der Exporte und dem Ausfall der Lieferketten die Produzenten ihren Lebensunterhalt teilweise nicht mehr sicherstellen k\u00f6nnten. Der Verein werde alles tun, um wieder m\u00f6glichst hohe Ums\u00e4tze zugunsten der Partnerl\u00e4nder zu generieren, betonten die Vereinsverantwortlichen. &nbsp;<\/p>\n\n\n\n<p>Vorsitzende Martina Deters dankte allen Mitgliedern f\u00fcr die Unterst\u00fctzung, ohne die der ehrenamtliche Verein nicht gef\u00fchrt werden k\u00f6nne. Sie freue sich auch \u00fcber die Unterst\u00fctzung durch Pastor Matthias Voss und die Gemeinden S\u00f6gel, deren stellvertretender B\u00fcrgermeister dem Verein eine Spende \u00fcberreichte.<br><br>Text\/Foto:LB<\/p>\n\n\n\n<figure class=\"wp-block-image size-large\"><a href=\"https:\/\/www.forum-soegel.de\/information\/wp-content\/uploads\/2021\/10\/Schueler-uebernehmen-seit-ueber-30-Jahren-Ladendienst.jpeg\"><img loading=\"lazy\" decoding=\"async\" width=\"1024\" height=\"768\" src=\"https:\/\/www.forum-soegel.de\/information\/wp-content\/uploads\/2021\/10\/Schueler-uebernehmen-seit-ueber-30-Jahren-Ladendienst-1024x768.jpeg\" alt=\"\" class=\"wp-image-31217\" srcset=\"https:\/\/www.forum-soegel.de\/information\/wp-content\/uploads\/2021\/10\/Schueler-uebernehmen-seit-ueber-30-Jahren-Ladendienst-1024x768.jpeg 1024w, https:\/\/www.forum-soegel.de\/information\/wp-content\/uploads\/2021\/10\/Schueler-uebernehmen-seit-ueber-30-Jahren-Ladendienst-300x225.jpeg 300w, https:\/\/www.forum-soegel.de\/information\/wp-content\/uploads\/2021\/10\/Schueler-uebernehmen-seit-ueber-30-Jahren-Ladendienst-768x576.jpeg 768w, https:\/\/www.forum-soegel.de\/information\/wp-content\/uploads\/2021\/10\/Schueler-uebernehmen-seit-ueber-30-Jahren-Ladendienst.jpeg 1280w\" sizes=\"auto, (max-width: 1024px) 100vw, 1024px\" \/><\/a><figcaption>Die Aktivt\u00e4ten des Weltladens in S\u00f6gel k\u00f6nnen fortgesetzt werden. Mit einem starken Team von Jugendlichen erhalten die Ehrenamtlichen wertvolle Unterst\u00fctzung. Unser Foto zeigt die \u201eNeuen\u201c zusammen mit der stellvertretenden Vereinsvorsitzenden Martinas Herbes (3. von rechts) und Betreuerin Dianas Schmitz (2. von rechts)<\/figcaption><\/figure>\n\n\n\n<figure class=\"wp-block-image size-full\"><a href=\"https:\/\/www.forum-soegel.de\/information\/wp-content\/uploads\/2021\/10\/Schueler-uebernehmen-seit-ueber-30-Jahren-Ladendienst.jpg\"><img loading=\"lazy\" decoding=\"async\" width=\"1024\" height=\"768\" src=\"https:\/\/www.forum-soegel.de\/information\/wp-content\/uploads\/2021\/10\/Schueler-uebernehmen-seit-ueber-30-Jahren-Ladendienst.jpg\" alt=\"\" class=\"wp-image-31218\" srcset=\"https:\/\/www.forum-soegel.de\/information\/wp-content\/uploads\/2021\/10\/Schueler-uebernehmen-seit-ueber-30-Jahren-Ladendienst.jpg 1024w, https:\/\/www.forum-soegel.de\/information\/wp-content\/uploads\/2021\/10\/Schueler-uebernehmen-seit-ueber-30-Jahren-Ladendienst-300x225.jpg 300w, https:\/\/www.forum-soegel.de\/information\/wp-content\/uploads\/2021\/10\/Schueler-uebernehmen-seit-ueber-30-Jahren-Ladendienst-768x576.jpg 768w\" sizes=\"auto, (max-width: 1024px) 100vw, 1024px\" \/><\/a><figcaption>Mit einer Spende der Gemeinde bedankte sich S\u00f6gels stellvertretender B\u00fcrgermeister G\u00fcnther Wucherpfenning bei der Vorsitzenden Martina Deters.<\/figcaption><\/figure>\n","protected":false},"excerpt":{"rendered":"S\u00f6gel &#8211; Der Weltladen S\u00f6gel muss sich keine Nachwuchssorgen machen, wenn es um den Ladendienst am Nachmittag geht. Nach den Ferien hat sich wieder eine starke Gruppe von 30 Sch\u00fclern bereiterkl\u00e4rt, die Arbeit der Ehrenamtlichen zu unterst\u00fctzen. Anl\u00e4sslich der Mitgliederversammlung des Tr\u00e4gervereins \u201eUnsere Welt \u2013 eine Welt\u201c wurde der Vorstand im Amt best\u00e4tigt. Bereits bei [&hellip;]\n","protected":false},"author":2,"featured_media":0,"comment_status":"closed","ping_status":"closed","sticky":false,"template":"","format":"standard","meta":{"ngg_post_thumbnail":0,"footnotes":""},"categories":[4],"tags":[],"class_list":["post-31216","post","type-post","status-publish","format-standard","hentry","category-aus-der-geschaftswelt"],"_links":{"self":[{"href":"https:\/\/www.forum-soegel.de\/information\/wp-json\/wp\/v2\/posts\/31216","targetHints":{"allow":["GET"]}}],"collection":[{"href":"https:\/\/www.forum-soegel.de\/information\/wp-json\/wp\/v2\/posts"}],"about":[{"href":"https:\/\/www.forum-soegel.de\/information\/wp-json\/wp\/v2\/types\/post"}],"author":[{"embeddable":true,"href":"https:\/\/www.forum-soegel.de\/information\/wp-json\/wp\/v2\/users\/2"}],"replies":[{"embeddable":true,"href":"https:\/\/www.forum-soegel.de\/information\/wp-json\/wp\/v2\/comments?post=31216"}],"version-history":[{"count":1,"href":"https:\/\/www.forum-soegel.de\/information\/wp-json\/wp\/v2\/posts\/31216\/revisions"}],"predecessor-version":[{"id":31219,"href":"https:\/\/www.forum-soegel.de\/information\/wp-json\/wp\/v2\/posts\/31216\/revisions\/31219"}],"wp:attachment":[{"href":"https:\/\/www.forum-soegel.de\/information\/wp-json\/wp\/v2\/media?parent=31216"}],"wp:term":[{"taxonomy":"category","embeddable":true,"href":"https:\/\/www.forum-soegel.de\/information\/wp-json\/wp\/v2\/categories?post=31216"},{"taxonomy":"post_tag","embeddable":true,"href":"https:\/\/www.forum-soegel.de\/information\/wp-json\/wp\/v2\/tags?post=31216"}],"curies":[{"name":"wp","href":"https:\/\/api.w.org\/{rel}","templated":true}]}}