{"id":31213,"date":"2021-10-06T15:39:44","date_gmt":"2021-10-06T13:39:44","guid":{"rendered":"https:\/\/www.forum-soegel.de\/information\/?p=31213"},"modified":"2021-10-06T15:39:44","modified_gmt":"2021-10-06T13:39:44","slug":"generalversammlungen-der-raiffeisenbank-ems-vechte-eg-fuer-die-geschaeftsjahre-2019-und-2020","status":"publish","type":"post","link":"https:\/\/www.forum-soegel.de\/information\/2021\/10\/generalversammlungen-der-raiffeisenbank-ems-vechte-eg-fuer-die-geschaeftsjahre-2019-und-2020\/","title":{"rendered":"Generalversammlungen der Raiffeisenbank Ems-Vechte eG f\u00fcr die Gesch\u00e4ftsjahre 2019 und 2020"},"content":{"rendered":"\n<p><strong>Mehr als 140 Jahre ehrenamtliche Arbeit f\u00fcr die Genossenschaft verabschiedet<\/strong><\/p>\n\n\n\n<p><br>Die diesj\u00e4hrige Generalversammlung der Raiffeisenbank Ems-Vechte eG mit dem Warengesch\u00e4ft Raiffeisen Ems-Vechte wurde auf der Waldb\u00fchne in Ahmsen durchgef\u00fchrt. Da im vergangenen Jahr coronabedingt keine Generalversammlung als Pr\u00e4senzveranstaltung m\u00f6glich war, ist hierbei \u00fcber den Verlauf der Gesch\u00e4ftsjahre 2019 und 2020 informiert worden. Otto Lieber konnte als<\/p>\n\n\n\n<p>Aufsichtsratsvorsitzender ca. 250 Mitglieder und G\u00e4ste begr\u00fc\u00dfen.<br><br><\/p>\n\n\n\n<p><strong>Gesch\u00e4ftsjahr 2019<\/strong><\/p>\n\n\n\n<p>\u00dcber das Gesch\u00e4ftsjahr 2019 informierte Vorstandsmitglied Andreas Terfehr. Die Bilanzsumme konnte um 5,7% auf 513 Mio.\u20ac und der Warenumsatz auf 385 Mio.\u20ac gesteigert werden. Der Jahres\u00fcberschuss f\u00fcr das Gesch\u00e4ftsjahr 2019 betrug 2,1 Mio.\u20ac. Auf der Generalversammlung f\u00fcr das Gesch\u00e4ftsjahr 2019 schieden Hans-Wilhelm Heitmann, Karl-Heinz Heyers, Johann Heinrich H\u00f6lman, Bernhard J\u00fcrgens und Bernhard N\u00fcsse turnusgem\u00e4\u00df aus dem Aufsichtsrat aus. Alle wurden einstimmig wiedergew\u00e4hlt. Aufgrund der \u00dcberschreitung der Altersgrenze von 65 Jahren schied Jan-Harm ten Broek nach mehr als 40 Jahren aus dem Aufsichtsrat aus und konnte nicht wiedergew\u00e4hlt werden. Auch im Warenbeirat fanden Ver\u00e4nderungen statt: Turnusgem\u00e4\u00df schieden Heino Eggengoor, Jan Genzink, Heinz Hinrichs, Paul Ipe, Hermann Ranters und<\/p>\n\n\n\n<p>Jochen Wolberink aus. Alle wurden einstimmig wiedergew\u00e4hlt. Helmut Konnemann schied altersbedingt aus.<br><br><\/p>\n\n\n\n<p><strong>Gesch\u00e4ftsjahr 2020<\/strong><\/p>\n\n\n\n<p>Vorstandsmitglied Josef Mescher startete mit dem Bericht \u00fcber das Gesch\u00e4ftsjahr 2020. Die Bilanzsumme konnte nochmals um 6,6% erh\u00f6ht werden auf rund 547 Mio.\u20ac. Ein Wachstum von 4,4% wurde bei den Kundenkrediten sowie 16,9% bei den Kundeneinlagen erzielt. Das Eigenkapitel stieg um mehr als 4,5 Mio.\u20ac auf nunmehr 81,7 Mio.\u20ac. \u201eEin gro\u00dfer Dank vom gesamten Vorstand an unsere Kunden f\u00fcr die wieder zahlreich erteilten Auftr\u00e4ge im abgelaufenen und laufenden Gesch\u00e4ftsjahr sowie an unsere MitarbeiterInnen f\u00fcr die geleistete Arbeit\u201c, res\u00fcmierte Mescher. Anschlie\u00dfend berichtete Vorstandsmitglied Albert Weersmann \u00fcber die Entwicklung des Warengesch\u00e4ftes. Im Jahr 2020 konnte der Warenumschlag auf \u00fcber 1 Mio. Tonnen gesteigert werden. Preisbedingt sank der Umsatz um 2% auf 378 Mio.\u20ac. Die Mischfutterproduktion stieg um 3,5% auf rund 760.000 Tonnen, gleichzeitig erh\u00f6hte sich der Mischfutterumsatz um 3% auf 220 Mio.\u20ac. \u201eIn den vergangenen Jahren konnten wir, entgegen dem bundesweiten Trend, \u00fcberdurchschnittliches Wachstum in diesem Segment erzielen. Aufgrund der gestiegenen Rohwarenpreise und der gleichzeitig<\/p>\n\n\n\n<p>gesunkenen bzw. stagnierenden Erzeugerpreise wird f\u00fcr das Gesch\u00e4ftsjahr 2021 eine erneute Steigerung der Produktionszahlen nicht erwartet\u201c, so Weersmann. Wilhelm Funke, Gesch\u00e4ftsf\u00fchrer des Warengesch\u00e4ftes Raiffeisen Ems-Vechte, stellte das Gesch\u00e4ftsstellenkonzept f\u00fcr die Warenstandorte vor. Kleinere Standorte wurden geschlossen bzw. verkauft. Am Standort in Lorup wird ein Neubau errichtet.<br>\u00dcber die weiteren Investitionen der Genossenschaft und deren Tochtergesellschaften berichtete Vorstandsmitglied Holger Terhalle. Beim Kraftfuttermittelwerk in D\u00f6rpen wurde die Mischlinie II erweitert sowie eine zus\u00e4tzliche Verladespur inkl. Silozellen errichtet. Am Standort Klein Ber\u00dfen erfolgte die Einhausung der bestehenden Rohwarenannahme. In Laar wird in eine neue Rohwarenannahme mit einer Lagerkapazit\u00e4t von 6.000 t investiert. \u201eWir garantieren eine hohe Qualifikation unserer MitarbeiterInnen durch stetige Investitionen in deren Aus-, Fort- und Weiterbildung\u201c, so Terhalle. Zum Schluss seines Vortrags informierte er \u00fcber die Warenr\u00fcckverg\u00fctung und Dividende f\u00fcr das Gesch\u00e4ftsjahr 2020. Die Genossenschaft sch\u00fcttet brutto \u00fcber 3,0 Mio.\u20ac Warenr\u00fcckverg\u00fctung und eine Dividende in H\u00f6he von rd. 600.000\u20ac an die mittlerweile fast 6.200 Mitglieder aus. Aus dem Aufsichtsrat schieden f\u00fcr das Gesch\u00e4ftsjahr 2020 turnusgem\u00e4\u00df Bernhard Brak, Hermann Kampert und Josef Schulte-Ei\u00dfing aus. Sie wurden allesamt einstimmig wiedergew\u00e4hlt. Eine Wiederwahl von Helmut Grote, Heino Holt und Otto Lieber war altersbedingt nicht m\u00f6glich. Neu in den Aufsichtsrat gew\u00e4hlt wurde Wilhelm Heymann aus Vrees, der bislang dem Warenbeirat angeh\u00f6rte. F\u00fcr das Jahr 2020 schieden turnusgem\u00e4\u00df aus dem Warenbeirat aus: Bernard Brand, Matthias Br\u00fcmmer, Bernhard D\u00fchnen, Willi Engbers, Heinrich Gebkenjans, Ludger Haskamp, Bernhard J\u00fcrgens und Friedhelm Wellen. Sie wurden allesamt einstimmig wiedergew\u00e4hlt. Bei Theo R\u00f6ttering war altersbedingt eine Wiederwahl nicht m\u00f6glich. Neu in den Warenbeirat gew\u00e4hlt wurden Christian Krolage aus Werlte, Matthias Schnieders aus Rastdorf, Hermann-Josef Specker aus Walchum-Hasselbrock und Bernward van der Ahe aus L\u00e4hden.<\/p>\n\n\n\n<p>Der stellvertretende Aufsichtsratsvorsitzende Bernhard J\u00fcrgens dankte den ausgeschiedenen Aufsichtsrats- und Warenbeiratsmitgliedern f\u00fcr die teilweise jahrzehntelange ehrenamtliche T\u00e4tigkeit. Insbesondere dankte er Otto Lieber, welcher im August 2001 in den Aufsichtsrat gew\u00e4hlt und im Dezember 2002 zum Aufsichtsratsvorsitzenden ernannt wurde. \u201eDer Kapit\u00e4n verl\u00e4sst nach fast 20 Jahren die Kommandobr\u00fccke\u201c, so J\u00fcrgens.<\/p>\n\n\n\n<p>In K\u00fcrze werden alle ausscheidenden Aufsichtsr\u00e4te in einer internen Feierstunde separat geb\u00fchrend verabschiedet. Im Anschluss an die Generalversammlungen hat sich der Aufsichtsrat zu einer konstituierenden Sitzung versammelt. Hier wurde Irmgard Rolfes-Hinson zur Vorsitzenden des Aufsichtsrats gew\u00e4hlt. Der stellvertretende Aufsichtsratsvorsitzender Bernhard J\u00fcrgens wurde in seinem Amt best\u00e4tigt.<br><br>Text\/Foto: Raiffeisenbank Ems Vechte eG<\/p>\n\n\n\n<figure class=\"wp-block-gallery columns-1 is-cropped wp-block-gallery-1 is-layout-flex wp-block-gallery-is-layout-flex\"><ul class=\"blocks-gallery-grid\"><li class=\"blocks-gallery-item\"><figure><a href=\"https:\/\/www.forum-soegel.de\/information\/wp-content\/uploads\/2021\/10\/Generalversammlungen-der-Raiffeisenbank-Ems-Vechte-eG-fuer-die-Geschaeftsjahre-2019-und-2020.jpg\"><img loading=\"lazy\" decoding=\"async\" width=\"1024\" height=\"516\" src=\"https:\/\/www.forum-soegel.de\/information\/wp-content\/uploads\/2021\/10\/Generalversammlungen-der-Raiffeisenbank-Ems-Vechte-eG-fuer-die-Geschaeftsjahre-2019-und-2020.jpg\" alt=\"\" data-id=\"31214\" data-full-url=\"https:\/\/www.forum-soegel.de\/information\/wp-content\/uploads\/2021\/10\/Generalversammlungen-der-Raiffeisenbank-Ems-Vechte-eG-fuer-die-Geschaeftsjahre-2019-und-2020.jpg\" data-link=\"https:\/\/www.forum-soegel.de\/information\/?attachment_id=31214\" class=\"wp-image-31214\" srcset=\"https:\/\/www.forum-soegel.de\/information\/wp-content\/uploads\/2021\/10\/Generalversammlungen-der-Raiffeisenbank-Ems-Vechte-eG-fuer-die-Geschaeftsjahre-2019-und-2020.jpg 1024w, https:\/\/www.forum-soegel.de\/information\/wp-content\/uploads\/2021\/10\/Generalversammlungen-der-Raiffeisenbank-Ems-Vechte-eG-fuer-die-Geschaeftsjahre-2019-und-2020-300x151.jpg 300w, https:\/\/www.forum-soegel.de\/information\/wp-content\/uploads\/2021\/10\/Generalversammlungen-der-Raiffeisenbank-Ems-Vechte-eG-fuer-die-Geschaeftsjahre-2019-und-2020-768x387.jpg 768w\" sizes=\"auto, (max-width: 1024px) 100vw, 1024px\" \/><\/a><figcaption class=\"blocks-gallery-item__caption\">v.l.n.r.: Vorstandmitglied Albert Weersmann, Vorstandsmitglied Holger Terhalle, stellvertretender Aufsichtsratsvorsitzender Bernhard J\u00fcrgens, ausgeschiedenes Aufsichtsratsmitglied Jan-Harm ten Broek, ausgeschiedener Aufsichtsratsvorsitzender Otto Lieber, ausgeschiedenes Aufsichtsratsmitglied Heino Holt, ausgeschiedenes Warenbeiratsmitglied Theo R\u00f6ttering, ausgeschiedenes Warenbeiratsmitglied Helmut Konnemann, Gesch\u00e4ftsf\u00fchrer Wilhelm Funke, Vorstandsmitglied Andreas Terfehr, Vorstandsmitglied Josef Mescher.<\/figcaption><\/figure><\/li><\/ul><\/figure>\n","protected":false},"excerpt":{"rendered":"Mehr als 140 Jahre ehrenamtliche Arbeit f\u00fcr die Genossenschaft verabschiedet Die diesj\u00e4hrige Generalversammlung der Raiffeisenbank Ems-Vechte eG mit dem Warengesch\u00e4ft Raiffeisen Ems-Vechte wurde auf der Waldb\u00fchne in Ahmsen durchgef\u00fchrt. Da im vergangenen Jahr coronabedingt keine Generalversammlung als Pr\u00e4senzveranstaltung m\u00f6glich war, ist hierbei \u00fcber den Verlauf der Gesch\u00e4ftsjahre 2019 und 2020 informiert worden. Otto Lieber konnte [&hellip;]\n","protected":false},"author":2,"featured_media":0,"comment_status":"closed","ping_status":"closed","sticky":false,"template":"","format":"standard","meta":{"ngg_post_thumbnail":0,"footnotes":""},"categories":[4],"tags":[],"class_list":["post-31213","post","type-post","status-publish","format-standard","hentry","category-aus-der-geschaftswelt"],"_links":{"self":[{"href":"https:\/\/www.forum-soegel.de\/information\/wp-json\/wp\/v2\/posts\/31213","targetHints":{"allow":["GET"]}}],"collection":[{"href":"https:\/\/www.forum-soegel.de\/information\/wp-json\/wp\/v2\/posts"}],"about":[{"href":"https:\/\/www.forum-soegel.de\/information\/wp-json\/wp\/v2\/types\/post"}],"author":[{"embeddable":true,"href":"https:\/\/www.forum-soegel.de\/information\/wp-json\/wp\/v2\/users\/2"}],"replies":[{"embeddable":true,"href":"https:\/\/www.forum-soegel.de\/information\/wp-json\/wp\/v2\/comments?post=31213"}],"version-history":[{"count":1,"href":"https:\/\/www.forum-soegel.de\/information\/wp-json\/wp\/v2\/posts\/31213\/revisions"}],"predecessor-version":[{"id":31215,"href":"https:\/\/www.forum-soegel.de\/information\/wp-json\/wp\/v2\/posts\/31213\/revisions\/31215"}],"wp:attachment":[{"href":"https:\/\/www.forum-soegel.de\/information\/wp-json\/wp\/v2\/media?parent=31213"}],"wp:term":[{"taxonomy":"category","embeddable":true,"href":"https:\/\/www.forum-soegel.de\/information\/wp-json\/wp\/v2\/categories?post=31213"},{"taxonomy":"post_tag","embeddable":true,"href":"https:\/\/www.forum-soegel.de\/information\/wp-json\/wp\/v2\/tags?post=31213"}],"curies":[{"name":"wp","href":"https:\/\/api.w.org\/{rel}","templated":true}]}}