{"id":31210,"date":"2021-10-06T15:35:43","date_gmt":"2021-10-06T13:35:43","guid":{"rendered":"https:\/\/www.forum-soegel.de\/information\/?p=31210"},"modified":"2021-10-06T15:35:43","modified_gmt":"2021-10-06T13:35:43","slug":"kita-und-schule-spahnharrenstaette-nehmen-am-projekt-des-kreissportbundes-emsland-teil","status":"publish","type":"post","link":"https:\/\/www.forum-soegel.de\/information\/2021\/10\/kita-und-schule-spahnharrenstaette-nehmen-am-projekt-des-kreissportbundes-emsland-teil\/","title":{"rendered":"KiTa und Schule Spahnharrenst\u00e4tte nehmen am Projekt des KreisSportBundes Emsland teil"},"content":{"rendered":"\n<p>Spahnharrrenst\u00e4tte &#8211; Der KreisSpportBund Emsland (ksb) startet das Projekt eines Bewegungspasses. Hierdurch sollen die Kinder motiviert werden, zu Fu\u00df, mit dem Roller oder mit dem Fahrrad zur KiTa oder zur Grundschule zu fahren. Vom Schulbeginn bis zu den Herbstferien erhalten die Kinder, die mit dem Fahrrad oder zu Fu\u00df kommen, eine Unterschrift aus der Einrichtung in ihrem Bewegungspass.<\/p>\n\n\n\n<p>Die KiTa und die Grundschule m\u00f6chten die Familien durch diese Aktion motivieren, das Auto stehen zu lassen, um bewegungsaktiv in die Einrichtung zu kommen. Die \u00dcbergabe der Bewegungsp\u00e4sse f\u00fcr die Kita und Schule fand bei der Kindertagesst\u00e4tte durch Laura Tapken statt.<\/p>\n\n\n\n<p>Text\/Foto: KITA Spahnharrenst\u00e4tte<\/p>\n\n\n\n<figure class=\"wp-block-gallery columns-1 is-cropped wp-block-gallery-1 is-layout-flex wp-block-gallery-is-layout-flex\"><ul class=\"blocks-gallery-grid\"><li class=\"blocks-gallery-item\"><figure><a href=\"https:\/\/www.forum-soegel.de\/information\/wp-content\/uploads\/2021\/10\/KiTa-und-Schule-Spahnharrenstaette-nehmen-am-Projekt-des-KreisSportBund-Emsland-teil-1.jpg\"><img loading=\"lazy\" decoding=\"async\" width=\"1024\" height=\"676\" src=\"https:\/\/www.forum-soegel.de\/information\/wp-content\/uploads\/2021\/10\/KiTa-und-Schule-Spahnharrenstaette-nehmen-am-Projekt-des-KreisSportBund-Emsland-teil-1.jpg\" alt=\"\" data-id=\"31211\" data-full-url=\"https:\/\/www.forum-soegel.de\/information\/wp-content\/uploads\/2021\/10\/KiTa-und-Schule-Spahnharrenstaette-nehmen-am-Projekt-des-KreisSportBund-Emsland-teil-1.jpg\" data-link=\"https:\/\/www.forum-soegel.de\/information\/?attachment_id=31211\" class=\"wp-image-31211\" srcset=\"https:\/\/www.forum-soegel.de\/information\/wp-content\/uploads\/2021\/10\/KiTa-und-Schule-Spahnharrenstaette-nehmen-am-Projekt-des-KreisSportBund-Emsland-teil-1.jpg 1024w, https:\/\/www.forum-soegel.de\/information\/wp-content\/uploads\/2021\/10\/KiTa-und-Schule-Spahnharrenstaette-nehmen-am-Projekt-des-KreisSportBund-Emsland-teil-1-300x198.jpg 300w, https:\/\/www.forum-soegel.de\/information\/wp-content\/uploads\/2021\/10\/KiTa-und-Schule-Spahnharrenstaette-nehmen-am-Projekt-des-KreisSportBund-Emsland-teil-1-768x507.jpg 768w\" sizes=\"auto, (max-width: 1024px) 100vw, 1024px\" \/><\/a><\/figure><\/li><\/ul><\/figure>\n","protected":false},"excerpt":{"rendered":"Spahnharrrenst\u00e4tte &#8211; Der KreisSpportBund Emsland (ksb) startet das Projekt eines Bewegungspasses. Hierdurch sollen die Kinder motiviert werden, zu Fu\u00df, mit dem Roller oder mit dem Fahrrad zur KiTa oder zur Grundschule zu fahren. Vom Schulbeginn bis zu den Herbstferien erhalten die Kinder, die mit dem Fahrrad oder zu Fu\u00df kommen, eine Unterschrift aus der Einrichtung [&hellip;]\n","protected":false},"author":2,"featured_media":0,"comment_status":"closed","ping_status":"closed","sticky":false,"template":"","format":"standard","meta":{"ngg_post_thumbnail":0,"footnotes":""},"categories":[868],"tags":[],"class_list":["post-31210","post","type-post","status-publish","format-standard","hentry","category-zwischen-himmel-und-erde"],"_links":{"self":[{"href":"https:\/\/www.forum-soegel.de\/information\/wp-json\/wp\/v2\/posts\/31210","targetHints":{"allow":["GET"]}}],"collection":[{"href":"https:\/\/www.forum-soegel.de\/information\/wp-json\/wp\/v2\/posts"}],"about":[{"href":"https:\/\/www.forum-soegel.de\/information\/wp-json\/wp\/v2\/types\/post"}],"author":[{"embeddable":true,"href":"https:\/\/www.forum-soegel.de\/information\/wp-json\/wp\/v2\/users\/2"}],"replies":[{"embeddable":true,"href":"https:\/\/www.forum-soegel.de\/information\/wp-json\/wp\/v2\/comments?post=31210"}],"version-history":[{"count":1,"href":"https:\/\/www.forum-soegel.de\/information\/wp-json\/wp\/v2\/posts\/31210\/revisions"}],"predecessor-version":[{"id":31212,"href":"https:\/\/www.forum-soegel.de\/information\/wp-json\/wp\/v2\/posts\/31210\/revisions\/31212"}],"wp:attachment":[{"href":"https:\/\/www.forum-soegel.de\/information\/wp-json\/wp\/v2\/media?parent=31210"}],"wp:term":[{"taxonomy":"category","embeddable":true,"href":"https:\/\/www.forum-soegel.de\/information\/wp-json\/wp\/v2\/categories?post=31210"},{"taxonomy":"post_tag","embeddable":true,"href":"https:\/\/www.forum-soegel.de\/information\/wp-json\/wp\/v2\/tags?post=31210"}],"curies":[{"name":"wp","href":"https:\/\/api.w.org\/{rel}","templated":true}]}}