{"id":31207,"date":"2021-10-06T15:34:40","date_gmt":"2021-10-06T13:34:40","guid":{"rendered":"https:\/\/www.forum-soegel.de\/information\/?p=31207"},"modified":"2021-10-06T15:34:40","modified_gmt":"2021-10-06T13:34:40","slug":"kaplan-kruse-thevarajah-verabschiedet","status":"publish","type":"post","link":"https:\/\/www.forum-soegel.de\/information\/2021\/10\/kaplan-kruse-thevarajah-verabschiedet\/","title":{"rendered":"Kaplan Kruse Thevarajah verabschiedet"},"content":{"rendered":"\n<p>S\u00f6gel &#8211; Nach vier Jahren priesterlichen Wirkens wurde Kaplan Kruse Thevarajah w\u00e4hrend der Gottesdienste in den einzelnen Gemeinden des Pfarrverbundes S\u00f6gel&nbsp; verabschiedet.&nbsp; In S\u00f6gel bedankte sich Georg Severin vom Kirchenvorstand bei ihm f\u00fcr die vielf\u00e4ltigen Dienste als Kaplan und als geistlicher Rektor im Marstall Clemenswerth. In der&nbsp; Zeit der Vakanz habe Thevarajah auch die Aufgaben des Pfarradministrators \u00fcbernommen, so Severin, der &nbsp;ihm viel Gl\u00fcck und Gottes Segen&nbsp; f\u00fcr die neue Wirkungsst\u00e4tte in der Pfarrei Heilig Kreuz in Osnabr\u00fcck w\u00fcnschte. Der geb\u00fcrtige Twistringer wurde 2014 gemeinsam mit dem S\u00f6geler Hermann Prinz von Bischof Bode im Osnabr\u00fccker Dom zum Priester geweiht und trat seine erste Kaplanstelle bis 2017 in Melle an und kam danach nach S\u00f6gel.&nbsp;<\/p>\n\n\n\n<p>Als gemeinsames Geschenk der einzelnen Kirchengemeinden gab es f\u00fcr den scheidenden Kaplan ein neues gr\u00fcnes Messgewand, \u201edas mich immer an diese gro\u00dfe &nbsp;Pfarreiengemeinschaft um S\u00f6gel erinnern wird\u201c, sagte Thevarajah und bedankte sich bei allen, die ihn stets liebevoll begleitet und unterst\u00fctzt h\u00e4tten. \u201eMir bleibt die Erinnerung an viele sch\u00f6ne und wertvolle Begegnungen w\u00e4hrend meiner Zeit hier.&nbsp; Im gemeinsamen Glauben an Gott werden wir stets miteinander verbunden bleiben\u201c. Von der Kolpingfamilie S\u00f6gel bedankte sich Karl-Heinz Kenning bei Thevarajah f\u00fcr sein Engagement als Pr\u00e4sens und \u00fcberreichte ihm ein Pr\u00e4sent. Ebenso gab es ein gro\u00dfes Danke vom Samtgemeindeb\u00fcrgermeister G\u00fcnter Wigbers und B\u00fcrgermeisterin Irmgard Welling. Nach dem Gottesdienst in S\u00f6gel nutzten viele Besucher noch die M\u00f6glichkeit, sich bei einem Stehempfang beim Pfarrhaus &nbsp;pers\u00f6nlich von Thevarajah zu verabschieden. Da dieser an diesem Tag Geburtstag hatte, wurde ihm selbstverst\u00e4ndlich auch noch ein St\u00e4ndchen gebracht.<\/p>\n\n\n\n<p>Text\/Foto: Gisela Arling<\/p>\n\n\n\n<figure class=\"wp-block-gallery columns-1 is-cropped wp-block-gallery-1 is-layout-flex wp-block-gallery-is-layout-flex\"><ul class=\"blocks-gallery-grid\"><li class=\"blocks-gallery-item\"><figure><a href=\"https:\/\/www.forum-soegel.de\/information\/wp-content\/uploads\/2021\/10\/Kaplan-Kruse-Thevarajah-verabschiedet.jpg\"><img loading=\"lazy\" decoding=\"async\" width=\"1024\" height=\"548\" src=\"https:\/\/www.forum-soegel.de\/information\/wp-content\/uploads\/2021\/10\/Kaplan-Kruse-Thevarajah-verabschiedet.jpg\" alt=\"\" data-id=\"31208\" data-full-url=\"https:\/\/www.forum-soegel.de\/information\/wp-content\/uploads\/2021\/10\/Kaplan-Kruse-Thevarajah-verabschiedet.jpg\" data-link=\"https:\/\/www.forum-soegel.de\/information\/?attachment_id=31208\" class=\"wp-image-31208\" srcset=\"https:\/\/www.forum-soegel.de\/information\/wp-content\/uploads\/2021\/10\/Kaplan-Kruse-Thevarajah-verabschiedet.jpg 1024w, https:\/\/www.forum-soegel.de\/information\/wp-content\/uploads\/2021\/10\/Kaplan-Kruse-Thevarajah-verabschiedet-300x161.jpg 300w, https:\/\/www.forum-soegel.de\/information\/wp-content\/uploads\/2021\/10\/Kaplan-Kruse-Thevarajah-verabschiedet-768x411.jpg 768w\" sizes=\"auto, (max-width: 1024px) 100vw, 1024px\" \/><\/a><\/figure><\/li><\/ul><\/figure>\n","protected":false},"excerpt":{"rendered":"S\u00f6gel &#8211; Nach vier Jahren priesterlichen Wirkens wurde Kaplan Kruse Thevarajah w\u00e4hrend der Gottesdienste in den einzelnen Gemeinden des Pfarrverbundes S\u00f6gel&nbsp; verabschiedet.&nbsp; In S\u00f6gel bedankte sich Georg Severin vom Kirchenvorstand bei ihm f\u00fcr die vielf\u00e4ltigen Dienste als Kaplan und als geistlicher Rektor im Marstall Clemenswerth. In der&nbsp; Zeit der Vakanz habe Thevarajah auch die Aufgaben [&hellip;]\n","protected":false},"author":2,"featured_media":0,"comment_status":"closed","ping_status":"closed","sticky":false,"template":"","format":"standard","meta":{"ngg_post_thumbnail":0,"footnotes":""},"categories":[868],"tags":[],"class_list":["post-31207","post","type-post","status-publish","format-standard","hentry","category-zwischen-himmel-und-erde"],"_links":{"self":[{"href":"https:\/\/www.forum-soegel.de\/information\/wp-json\/wp\/v2\/posts\/31207","targetHints":{"allow":["GET"]}}],"collection":[{"href":"https:\/\/www.forum-soegel.de\/information\/wp-json\/wp\/v2\/posts"}],"about":[{"href":"https:\/\/www.forum-soegel.de\/information\/wp-json\/wp\/v2\/types\/post"}],"author":[{"embeddable":true,"href":"https:\/\/www.forum-soegel.de\/information\/wp-json\/wp\/v2\/users\/2"}],"replies":[{"embeddable":true,"href":"https:\/\/www.forum-soegel.de\/information\/wp-json\/wp\/v2\/comments?post=31207"}],"version-history":[{"count":1,"href":"https:\/\/www.forum-soegel.de\/information\/wp-json\/wp\/v2\/posts\/31207\/revisions"}],"predecessor-version":[{"id":31209,"href":"https:\/\/www.forum-soegel.de\/information\/wp-json\/wp\/v2\/posts\/31207\/revisions\/31209"}],"wp:attachment":[{"href":"https:\/\/www.forum-soegel.de\/information\/wp-json\/wp\/v2\/media?parent=31207"}],"wp:term":[{"taxonomy":"category","embeddable":true,"href":"https:\/\/www.forum-soegel.de\/information\/wp-json\/wp\/v2\/categories?post=31207"},{"taxonomy":"post_tag","embeddable":true,"href":"https:\/\/www.forum-soegel.de\/information\/wp-json\/wp\/v2\/tags?post=31207"}],"curies":[{"name":"wp","href":"https:\/\/api.w.org\/{rel}","templated":true}]}}