{"id":31204,"date":"2021-10-06T15:33:41","date_gmt":"2021-10-06T13:33:41","guid":{"rendered":"https:\/\/www.forum-soegel.de\/information\/?p=31204"},"modified":"2021-10-06T15:33:41","modified_gmt":"2021-10-06T13:33:41","slug":"fuenf-auszubildende-finden-im-familienzentrum-st-jakobus-ihren-lernort-fuer-die-praxis","status":"publish","type":"post","link":"https:\/\/www.forum-soegel.de\/information\/2021\/10\/fuenf-auszubildende-finden-im-familienzentrum-st-jakobus-ihren-lernort-fuer-die-praxis\/","title":{"rendered":"F\u00fcnf Auszubildende finden im Familienzentrum St. Jakobus ihren Lernort f\u00fcr die Praxis"},"content":{"rendered":"\n<p>S\u00f6gel &#8211; Frances Jula Dannenberg, Mona Ebel, Svenja Papen, Timo K\u00fcnnen und Angelina Stark absolvieren ihre Ausbildung in der kath. Kindertagesst\u00e4tte St. Jakobus.<\/p>\n\n\n\n<p>Lernort \u201ePraxis\u201c bedeutet, die erlernte Theorie von den berufsbildenden Schulen in die Praxis zu integrieren. Ziel ist es, dass Auszubildende die F\u00e4higkeit entwickeln, eigene Handlungsans\u00e4tze zu entfalten, umzusetzen und anschlie\u00dfend fachlich zu reflektieren. Somit stehen Beobachtung, Reflexion und Beurteilung p\u00e4dagogischen Handelns der Auszubildenden im Vordergrund. Die Wirksamkeit des eigenen Handelns zu erleben im Hinblick auf die Entwicklung von Kindern, aber auch bezogen auf die eigene Pers\u00f6nlichkeit und Professionalit\u00e4t, ist eine sehr bedeutsame Erfahrung.<\/p>\n\n\n\n<p>Des Weiteren werden Praxismentoren vom Team des Familienzentrums jeden einzelnen Auszubildenden zur Seite gestellt. Neben der individuellen Begleitung wird ein ausgearbeitetes Konzept der KiTa, der sogenannte Praxisguide, zur Verf\u00fcgung gestellt. Die Leitung Irmgard Welling hei\u00dft im Namen des Teams alle herzlich willkommen und w\u00fcnscht eine gute gemeinsame Zeit und einen erfolgreichen Abschluss an den Berufsbildenden Schulen.<\/p>\n\n\n\n<p>Text: Irmgard Welling<\/p>\n\n\n\n<p>Foto: Familienzentrum<\/p>\n\n\n\n<figure class=\"wp-block-gallery columns-1 is-cropped wp-block-gallery-1 is-layout-flex wp-block-gallery-is-layout-flex\"><ul class=\"blocks-gallery-grid\"><li class=\"blocks-gallery-item\"><figure><a href=\"https:\/\/www.forum-soegel.de\/information\/wp-content\/uploads\/2021\/10\/Fuenf-Auszubildende-finden-im-Familienzentrum-St.-Jakobus-ihren-Lernort-fuer-die-Praxis-1.jpg\"><img loading=\"lazy\" decoding=\"async\" width=\"1024\" height=\"638\" src=\"https:\/\/www.forum-soegel.de\/information\/wp-content\/uploads\/2021\/10\/Fuenf-Auszubildende-finden-im-Familienzentrum-St.-Jakobus-ihren-Lernort-fuer-die-Praxis-1.jpg\" alt=\"\" data-id=\"31205\" data-full-url=\"https:\/\/www.forum-soegel.de\/information\/wp-content\/uploads\/2021\/10\/Fuenf-Auszubildende-finden-im-Familienzentrum-St.-Jakobus-ihren-Lernort-fuer-die-Praxis-1.jpg\" data-link=\"https:\/\/www.forum-soegel.de\/information\/?attachment_id=31205\" class=\"wp-image-31205\" srcset=\"https:\/\/www.forum-soegel.de\/information\/wp-content\/uploads\/2021\/10\/Fuenf-Auszubildende-finden-im-Familienzentrum-St.-Jakobus-ihren-Lernort-fuer-die-Praxis-1.jpg 1024w, https:\/\/www.forum-soegel.de\/information\/wp-content\/uploads\/2021\/10\/Fuenf-Auszubildende-finden-im-Familienzentrum-St.-Jakobus-ihren-Lernort-fuer-die-Praxis-1-300x187.jpg 300w, https:\/\/www.forum-soegel.de\/information\/wp-content\/uploads\/2021\/10\/Fuenf-Auszubildende-finden-im-Familienzentrum-St.-Jakobus-ihren-Lernort-fuer-die-Praxis-1-768x479.jpg 768w\" sizes=\"auto, (max-width: 1024px) 100vw, 1024px\" \/><\/a><\/figure><\/li><\/ul><\/figure>\n","protected":false},"excerpt":{"rendered":"S\u00f6gel &#8211; Frances Jula Dannenberg, Mona Ebel, Svenja Papen, Timo K\u00fcnnen und Angelina Stark absolvieren ihre Ausbildung in der kath. Kindertagesst\u00e4tte St. Jakobus. Lernort \u201ePraxis\u201c bedeutet, die erlernte Theorie von den berufsbildenden Schulen in die Praxis zu integrieren. Ziel ist es, dass Auszubildende die F\u00e4higkeit entwickeln, eigene Handlungsans\u00e4tze zu entfalten, umzusetzen und anschlie\u00dfend fachlich zu [&hellip;]\n","protected":false},"author":2,"featured_media":0,"comment_status":"closed","ping_status":"closed","sticky":false,"template":"","format":"standard","meta":{"ngg_post_thumbnail":0,"footnotes":""},"categories":[868],"tags":[],"class_list":["post-31204","post","type-post","status-publish","format-standard","hentry","category-zwischen-himmel-und-erde"],"_links":{"self":[{"href":"https:\/\/www.forum-soegel.de\/information\/wp-json\/wp\/v2\/posts\/31204","targetHints":{"allow":["GET"]}}],"collection":[{"href":"https:\/\/www.forum-soegel.de\/information\/wp-json\/wp\/v2\/posts"}],"about":[{"href":"https:\/\/www.forum-soegel.de\/information\/wp-json\/wp\/v2\/types\/post"}],"author":[{"embeddable":true,"href":"https:\/\/www.forum-soegel.de\/information\/wp-json\/wp\/v2\/users\/2"}],"replies":[{"embeddable":true,"href":"https:\/\/www.forum-soegel.de\/information\/wp-json\/wp\/v2\/comments?post=31204"}],"version-history":[{"count":1,"href":"https:\/\/www.forum-soegel.de\/information\/wp-json\/wp\/v2\/posts\/31204\/revisions"}],"predecessor-version":[{"id":31206,"href":"https:\/\/www.forum-soegel.de\/information\/wp-json\/wp\/v2\/posts\/31204\/revisions\/31206"}],"wp:attachment":[{"href":"https:\/\/www.forum-soegel.de\/information\/wp-json\/wp\/v2\/media?parent=31204"}],"wp:term":[{"taxonomy":"category","embeddable":true,"href":"https:\/\/www.forum-soegel.de\/information\/wp-json\/wp\/v2\/categories?post=31204"},{"taxonomy":"post_tag","embeddable":true,"href":"https:\/\/www.forum-soegel.de\/information\/wp-json\/wp\/v2\/tags?post=31204"}],"curies":[{"name":"wp","href":"https:\/\/api.w.org\/{rel}","templated":true}]}}