{"id":31200,"date":"2021-10-06T15:32:29","date_gmt":"2021-10-06T13:32:29","guid":{"rendered":"https:\/\/www.forum-soegel.de\/information\/?p=31200"},"modified":"2021-10-06T15:32:29","modified_gmt":"2021-10-06T13:32:29","slug":"festgottesdienst-zur-maria-himmelfahrt-im-klostergarten-clemenswerth","status":"publish","type":"post","link":"https:\/\/www.forum-soegel.de\/information\/2021\/10\/festgottesdienst-zur-maria-himmelfahrt-im-klostergarten-clemenswerth\/","title":{"rendered":"Festgottesdienst zur Maria-Himmelfahrt im Klostergarten Clemenswerth"},"content":{"rendered":"\n<p>S\u00f6gel &#8211; Auch in diesem Jahr durften wegen der einzuhaltenden Corona-Schutzma\u00dfnahmen unter vorheriger Anmeldung nur 250 Gl\u00e4ubige am Festgottesdienst zur Mari\u00e4-Himmelfahrt in S\u00f6gel teilnehmen. Pater Edmund Kesenheimer vom Kloster Clemenswerth begr\u00fc\u00dfte die Gl\u00e4ubigen im Klostergarten der Schlosskapelle und brachte seine gro\u00dfe Freude \u00fcber das strahlende Sommerwetter zum Ausdruck.<\/p>\n\n\n\n<p>Der Gottesdienst wurde zelebriert vom Osnabr\u00fccker Weihbischof Johannes W\u00fcbbe, Kaplan Kruse Thevarajah von der katholischen Kirche S\u00f6gel und den Kapuzinern des Klosters Clemenswerth, Pater Edmund Kesenheimer und Pater Franz Beer. Musikalische Begleitung gab es von der Kolpingkapelle S\u00f6gel unter der Leitung von Hans Hanekamp und einem Projektchor unter der Leitung von Regionalkantor J\u00f6rg Christian Freese. Viele Messdiener und Bannertr\u00e4ger begleiteten die Geistlichen beim Einzug in den Klostergarten. Parallel zu der Messe wurde eine Kinderkirche beim Gloriettchen hinter dem Klostergarten gefeiert, deren un\u00fcberh\u00f6rbaren Ges\u00e4nge und Gebete den Weihbischof sichtlich erfreuten. Die ca. 40 Kinder kamen zur Segnung durch den Weihbischof zum Gottesdienst dazu. Eine 50k\u00f6pfige Pilgergruppe aus dem Osnabr\u00fccker Land und dem Emsland war auch in diesem Jahr unter der Leitung von Christian Thien an mehreren Tagen einige Teilstrecken des rund 90 Kilometer langen H\u00fcmmlinger Pilgerweges gegangen. Rechtzeitig zum Gottesdienst kehrten die Pilger in den Klostergarten ein.<\/p>\n\n\n\n<p>In seiner Predigt blickte W\u00fcbbe auf die einzigartige Rolle Mariens, die sie im Erl\u00f6sungsgeschehen f\u00fcr alle Menschen getragen hatte. Er sprach \u00fcber sie als eine Frau, \u201edie sehr fr\u00fch ihren eigenen Weg gehen und finden musste\u201c. Sie habe auf Gott vertrauen k\u00f6nnen in den schweren wie auch in den sch\u00f6nen Situationen ihres Lebens, in der Geschichte mit ihrem Sohn Jesus Christus bis unters Kreuz, so&nbsp; W\u00fcbbe. \u201eWir feiern heute nicht nur Maria, es ist gleichzeitig eine Feier der Lebenshoffnung f\u00fcr uns alle. Denn das, was f\u00fcr sie gilt, d\u00fcrfen auch wir uns erhoffen\u201c. Dabei sollte man dem Beispiel Mariens folgen, die als erste die Barmherzigkeit Gottes gepriesen habe. Die wesentliche Botschaft sei, so W\u00fcbbe, nicht nur an die eigenen Bed\u00fcrfnisse zu denken, sondern aufzustehen und anderen zu helfen.<\/p>\n\n\n\n<p>&nbsp;\u201eSoll ich im Sessel sitzen bleiben und die anderen machen lassen, oder mich bewegen lassen, handeln und etwas ver\u00e4ndern?\u201c, fragte W\u00fcbbe. Auch f\u00fcr die Kirche sei dies nach seinen Worten eine brisante Frage, da diese doch mitten im synodalen Weg st\u00fcnde und dabei Fragen nachgehe, wie die Gemeinschaft und der Glauben in der Kirche aussehen m\u00fcsse, damit Menschen wieder lernen d\u00fcrften, aus dem Vertrauen in Gott das Leben als lebenswert zu erfahren; wo Ver\u00e4nderungen um des Menschen Willen sein m\u00fcssten, die Missbrauch verhindern und ungesunde Einengungen aufbrechen, die das Machtgef\u00e4lle ver\u00e4ndern und&nbsp; auch f\u00fcr Frauen in Freiheit neue R\u00e4ume schaffen w\u00fcrden. Sich einzulassen auf neue Wege, das fordere die heutige Zeit.<\/p>\n\n\n\n<p>W\u00fcbbe sprach auch klare Worte zum Thema \u201eImpfen\u201c und berichtete von seinen positiven Erfahrungen als Mitglied eines mobilen Impfteams. \u201eUm der Freiheit willen m\u00f6chte ich alle einladen, bei denen aus medizinischen Gr\u00fcnden nichts im Wege steht, sich impfen zu lassen und daf\u00fcr zu werben. Damit wir hier weiter in Freiheit auf dieser Erde leben und uns bewegen k\u00f6nnen, haben auch wir f\u00fcr diese Erde eine Verantwortung, dass auch unsere Kinder und Kindeskinder merken, dass wir, um ihnen Vertrauen in die Zukunft zu geben, alles daf\u00fcr tun, dass diese Erde erhalten bleibt\u201c.<\/p>\n\n\n\n<p>Nach der Messe folgte eine Prozession mit der Monstranz durch den Klostergarten.<\/p>\n\n\n\n<p>Text\/Foto: Gisela Arling<\/p>\n\n\n\n<figure class=\"wp-block-gallery columns-2 is-cropped wp-block-gallery-1 is-layout-flex wp-block-gallery-is-layout-flex\"><ul class=\"blocks-gallery-grid\"><li class=\"blocks-gallery-item\"><figure><a href=\"https:\/\/www.forum-soegel.de\/information\/wp-content\/uploads\/2021\/10\/Festgottesdienst-zur-Maria-Himmelfahrt-im-Klostergarten-Clemenswerth-2.jpg\"><img loading=\"lazy\" decoding=\"async\" width=\"1024\" height=\"768\" src=\"https:\/\/www.forum-soegel.de\/information\/wp-content\/uploads\/2021\/10\/Festgottesdienst-zur-Maria-Himmelfahrt-im-Klostergarten-Clemenswerth-2.jpg\" alt=\"\" data-id=\"31201\" data-full-url=\"https:\/\/www.forum-soegel.de\/information\/wp-content\/uploads\/2021\/10\/Festgottesdienst-zur-Maria-Himmelfahrt-im-Klostergarten-Clemenswerth-2.jpg\" data-link=\"https:\/\/www.forum-soegel.de\/information\/?attachment_id=31201\" class=\"wp-image-31201\" srcset=\"https:\/\/www.forum-soegel.de\/information\/wp-content\/uploads\/2021\/10\/Festgottesdienst-zur-Maria-Himmelfahrt-im-Klostergarten-Clemenswerth-2.jpg 1024w, https:\/\/www.forum-soegel.de\/information\/wp-content\/uploads\/2021\/10\/Festgottesdienst-zur-Maria-Himmelfahrt-im-Klostergarten-Clemenswerth-2-300x225.jpg 300w, https:\/\/www.forum-soegel.de\/information\/wp-content\/uploads\/2021\/10\/Festgottesdienst-zur-Maria-Himmelfahrt-im-Klostergarten-Clemenswerth-2-768x576.jpg 768w\" sizes=\"auto, (max-width: 1024px) 100vw, 1024px\" \/><\/a><\/figure><\/li><li class=\"blocks-gallery-item\"><figure><a href=\"https:\/\/www.forum-soegel.de\/information\/wp-content\/uploads\/2021\/10\/Festgottesdienst-zur-Maria-Himmelfahrt-im-Klostergarten-Clemenswerth-1.jpeg\"><img loading=\"lazy\" decoding=\"async\" width=\"1014\" height=\"318\" src=\"https:\/\/www.forum-soegel.de\/information\/wp-content\/uploads\/2021\/10\/Festgottesdienst-zur-Maria-Himmelfahrt-im-Klostergarten-Clemenswerth-1.jpeg\" alt=\"\" data-id=\"31202\" data-full-url=\"https:\/\/www.forum-soegel.de\/information\/wp-content\/uploads\/2021\/10\/Festgottesdienst-zur-Maria-Himmelfahrt-im-Klostergarten-Clemenswerth-1.jpeg\" data-link=\"https:\/\/www.forum-soegel.de\/information\/?attachment_id=31202\" class=\"wp-image-31202\" srcset=\"https:\/\/www.forum-soegel.de\/information\/wp-content\/uploads\/2021\/10\/Festgottesdienst-zur-Maria-Himmelfahrt-im-Klostergarten-Clemenswerth-1.jpeg 1014w, https:\/\/www.forum-soegel.de\/information\/wp-content\/uploads\/2021\/10\/Festgottesdienst-zur-Maria-Himmelfahrt-im-Klostergarten-Clemenswerth-1-300x94.jpeg 300w, https:\/\/www.forum-soegel.de\/information\/wp-content\/uploads\/2021\/10\/Festgottesdienst-zur-Maria-Himmelfahrt-im-Klostergarten-Clemenswerth-1-768x241.jpeg 768w\" sizes=\"auto, (max-width: 1014px) 100vw, 1014px\" \/><\/a><\/figure><\/li><\/ul><\/figure>\n","protected":false},"excerpt":{"rendered":"S\u00f6gel &#8211; Auch in diesem Jahr durften wegen der einzuhaltenden Corona-Schutzma\u00dfnahmen unter vorheriger Anmeldung nur 250 Gl\u00e4ubige am Festgottesdienst zur Mari\u00e4-Himmelfahrt in S\u00f6gel teilnehmen. Pater Edmund Kesenheimer vom Kloster Clemenswerth begr\u00fc\u00dfte die Gl\u00e4ubigen im Klostergarten der Schlosskapelle und brachte seine gro\u00dfe Freude \u00fcber das strahlende Sommerwetter zum Ausdruck. Der Gottesdienst wurde zelebriert vom Osnabr\u00fccker Weihbischof [&hellip;]\n","protected":false},"author":2,"featured_media":0,"comment_status":"closed","ping_status":"closed","sticky":false,"template":"","format":"standard","meta":{"ngg_post_thumbnail":0,"footnotes":""},"categories":[868],"tags":[],"class_list":["post-31200","post","type-post","status-publish","format-standard","hentry","category-zwischen-himmel-und-erde"],"_links":{"self":[{"href":"https:\/\/www.forum-soegel.de\/information\/wp-json\/wp\/v2\/posts\/31200","targetHints":{"allow":["GET"]}}],"collection":[{"href":"https:\/\/www.forum-soegel.de\/information\/wp-json\/wp\/v2\/posts"}],"about":[{"href":"https:\/\/www.forum-soegel.de\/information\/wp-json\/wp\/v2\/types\/post"}],"author":[{"embeddable":true,"href":"https:\/\/www.forum-soegel.de\/information\/wp-json\/wp\/v2\/users\/2"}],"replies":[{"embeddable":true,"href":"https:\/\/www.forum-soegel.de\/information\/wp-json\/wp\/v2\/comments?post=31200"}],"version-history":[{"count":1,"href":"https:\/\/www.forum-soegel.de\/information\/wp-json\/wp\/v2\/posts\/31200\/revisions"}],"predecessor-version":[{"id":31203,"href":"https:\/\/www.forum-soegel.de\/information\/wp-json\/wp\/v2\/posts\/31200\/revisions\/31203"}],"wp:attachment":[{"href":"https:\/\/www.forum-soegel.de\/information\/wp-json\/wp\/v2\/media?parent=31200"}],"wp:term":[{"taxonomy":"category","embeddable":true,"href":"https:\/\/www.forum-soegel.de\/information\/wp-json\/wp\/v2\/categories?post=31200"},{"taxonomy":"post_tag","embeddable":true,"href":"https:\/\/www.forum-soegel.de\/information\/wp-json\/wp\/v2\/tags?post=31200"}],"curies":[{"name":"wp","href":"https:\/\/api.w.org\/{rel}","templated":true}]}}