{"id":31197,"date":"2021-10-06T15:31:12","date_gmt":"2021-10-06T13:31:12","guid":{"rendered":"https:\/\/www.forum-soegel.de\/information\/?p=31197"},"modified":"2021-10-06T15:31:12","modified_gmt":"2021-10-06T13:31:12","slug":"der-fachkraeftemangel-in-den-kitas-nimmt-rasant-zu","status":"publish","type":"post","link":"https:\/\/www.forum-soegel.de\/information\/2021\/10\/der-fachkraeftemangel-in-den-kitas-nimmt-rasant-zu\/","title":{"rendered":"Der Fachkr\u00e4ftemangel in den Kitas nimmt rasant zu"},"content":{"rendered":"\n<p>S\u00f6gel &#8211; Wir m\u00f6chten in der Arche Noah selber aktiv werden.<\/p>\n\n\n\n<p>In diesem Jahr werden 12 Praktikanten ihre Ausbildung bei uns beginnen, fortsetzen oder beenden.<\/p>\n\n\n\n<p>Dank der Unterst\u00fctzung unserer Erzieher in den Gruppen und unserer beiden Praxismentoren, Claudia Perk und Lena Wessels, k\u00f6nnen wir den Praktikanten eine sehr gute Vorbereitung auf ihr sp\u00e4teres Berufsfeld gew\u00e4hrleisten.<\/p>\n\n\n\n<p>Wir freuen uns auf ein erfolgreiches und lehrreiches Jahr und w\u00fcnschen allen Praktikanten viel Spa\u00df an ihrer Arbeit und viel Erfolg in der Schule.<\/p>\n\n\n\n<p>Alle Personen auf dem Foto sind mit der Ver\u00f6ffentlichung einverstanden.<br><br>Text\/Foto: Heike Rohe<\/p>\n\n\n\n<figure class=\"wp-block-gallery columns-1 is-cropped wp-block-gallery-1 is-layout-flex wp-block-gallery-is-layout-flex\"><ul class=\"blocks-gallery-grid\"><li class=\"blocks-gallery-item\"><figure><a href=\"https:\/\/www.forum-soegel.de\/information\/wp-content\/uploads\/2021\/10\/Der-Fachkraeftemangel-in-den-Kitas-nimmt-rasant-zu-scaled.jpg\"><img loading=\"lazy\" decoding=\"async\" width=\"1024\" height=\"768\" src=\"https:\/\/www.forum-soegel.de\/information\/wp-content\/uploads\/2021\/10\/Der-Fachkraeftemangel-in-den-Kitas-nimmt-rasant-zu-1024x768.jpg\" alt=\"\" data-id=\"31198\" data-full-url=\"https:\/\/www.forum-soegel.de\/information\/wp-content\/uploads\/2021\/10\/Der-Fachkraeftemangel-in-den-Kitas-nimmt-rasant-zu-scaled.jpg\" data-link=\"https:\/\/www.forum-soegel.de\/information\/?attachment_id=31198\" class=\"wp-image-31198\" srcset=\"https:\/\/www.forum-soegel.de\/information\/wp-content\/uploads\/2021\/10\/Der-Fachkraeftemangel-in-den-Kitas-nimmt-rasant-zu-1024x768.jpg 1024w, https:\/\/www.forum-soegel.de\/information\/wp-content\/uploads\/2021\/10\/Der-Fachkraeftemangel-in-den-Kitas-nimmt-rasant-zu-300x225.jpg 300w, https:\/\/www.forum-soegel.de\/information\/wp-content\/uploads\/2021\/10\/Der-Fachkraeftemangel-in-den-Kitas-nimmt-rasant-zu-768x576.jpg 768w, https:\/\/www.forum-soegel.de\/information\/wp-content\/uploads\/2021\/10\/Der-Fachkraeftemangel-in-den-Kitas-nimmt-rasant-zu-1536x1152.jpg 1536w, https:\/\/www.forum-soegel.de\/information\/wp-content\/uploads\/2021\/10\/Der-Fachkraeftemangel-in-den-Kitas-nimmt-rasant-zu-2048x1536.jpg 2048w\" sizes=\"auto, (max-width: 1024px) 100vw, 1024px\" \/><\/a><\/figure><\/li><\/ul><\/figure>\n","protected":false},"excerpt":{"rendered":"S\u00f6gel &#8211; Wir m\u00f6chten in der Arche Noah selber aktiv werden. In diesem Jahr werden 12 Praktikanten ihre Ausbildung bei uns beginnen, fortsetzen oder beenden. Dank der Unterst\u00fctzung unserer Erzieher in den Gruppen und unserer beiden Praxismentoren, Claudia Perk und Lena Wessels, k\u00f6nnen wir den Praktikanten eine sehr gute Vorbereitung auf ihr sp\u00e4teres Berufsfeld gew\u00e4hrleisten. [&hellip;]\n","protected":false},"author":2,"featured_media":0,"comment_status":"closed","ping_status":"closed","sticky":false,"template":"","format":"standard","meta":{"ngg_post_thumbnail":0,"footnotes":""},"categories":[868],"tags":[],"class_list":["post-31197","post","type-post","status-publish","format-standard","hentry","category-zwischen-himmel-und-erde"],"_links":{"self":[{"href":"https:\/\/www.forum-soegel.de\/information\/wp-json\/wp\/v2\/posts\/31197","targetHints":{"allow":["GET"]}}],"collection":[{"href":"https:\/\/www.forum-soegel.de\/information\/wp-json\/wp\/v2\/posts"}],"about":[{"href":"https:\/\/www.forum-soegel.de\/information\/wp-json\/wp\/v2\/types\/post"}],"author":[{"embeddable":true,"href":"https:\/\/www.forum-soegel.de\/information\/wp-json\/wp\/v2\/users\/2"}],"replies":[{"embeddable":true,"href":"https:\/\/www.forum-soegel.de\/information\/wp-json\/wp\/v2\/comments?post=31197"}],"version-history":[{"count":1,"href":"https:\/\/www.forum-soegel.de\/information\/wp-json\/wp\/v2\/posts\/31197\/revisions"}],"predecessor-version":[{"id":31199,"href":"https:\/\/www.forum-soegel.de\/information\/wp-json\/wp\/v2\/posts\/31197\/revisions\/31199"}],"wp:attachment":[{"href":"https:\/\/www.forum-soegel.de\/information\/wp-json\/wp\/v2\/media?parent=31197"}],"wp:term":[{"taxonomy":"category","embeddable":true,"href":"https:\/\/www.forum-soegel.de\/information\/wp-json\/wp\/v2\/categories?post=31197"},{"taxonomy":"post_tag","embeddable":true,"href":"https:\/\/www.forum-soegel.de\/information\/wp-json\/wp\/v2\/tags?post=31197"}],"curies":[{"name":"wp","href":"https:\/\/api.w.org\/{rel}","templated":true}]}}