{"id":31194,"date":"2021-10-06T15:29:22","date_gmt":"2021-10-06T13:29:22","guid":{"rendered":"https:\/\/www.forum-soegel.de\/information\/?p=31194"},"modified":"2021-10-06T15:29:22","modified_gmt":"2021-10-06T13:29:22","slug":"viele-ehrungen-beim-blutspendetermin-in-klein-berssen","status":"publish","type":"post","link":"https:\/\/www.forum-soegel.de\/information\/2021\/10\/viele-ehrungen-beim-blutspendetermin-in-klein-berssen\/","title":{"rendered":"Viele Ehrungen beim Blutspendetermin in Klein Ber\u00dfen"},"content":{"rendered":"\n<p>Klein Ber\u00dfen &#8211; Zum vierten Mal in diesem Jahr hatte der DRK-Ortsverband Ber\u00dfen-Stavern-Apeldorn im September 2021 zum Blutspenden in das B\u00fcrgerhaus in Klein Ber\u00dfen eingeladen. Mit 109 Spender wurden zwar keine neuen Rekorde gebrochen, die Verantwortlichen waren aber soweit zufrieden.<\/p>\n\n\n\n<p>Wie schon bei den Spendeterminen vorher hat sich hier auch die M\u00f6glichkeit der Terminreservierung \u00fcber die Homepage und die Blutspende-App bew\u00e4hrt und die Wartezeiten wurden auf ein Minimum reduziert.<\/p>\n\n\n\n<p>Besonders geehrte wurden Heinrich Lamp aus Apeldorn f\u00fcr seine 140 Spende und Werner Ficker aus Ber\u00dfen f\u00fcr seine 110 Spende. F\u00fcr 75 Spenden wurden Erhard Dopp und Heinz Br\u00fcggen aus Stavern, f\u00fcr 50 Spenden Elisabeth Behnen aus Ber\u00dfen und Ludger Wilken aus Stavern geehrt. Ebenfalls ein Pr\u00e4sent erhielten Verena Sch\u00fctte und Stefan Abeln aus Ber\u00dfen, sowie Ludger Schuckenbrock aus Stavern f\u00fcr ihre 25. Spende.<\/p>\n\n\n\n<p>Text\/Foto: Gerd Rode<\/p>\n\n\n\n<figure class=\"wp-block-gallery columns-1 is-cropped wp-block-gallery-1 is-layout-flex wp-block-gallery-is-layout-flex\"><ul class=\"blocks-gallery-grid\"><li class=\"blocks-gallery-item\"><figure><a href=\"https:\/\/www.forum-soegel.de\/information\/wp-content\/uploads\/2021\/10\/Viele-Ehrungen-beim-Blutspendetermin-in-Klein-Berssen-scaled.jpg\"><img loading=\"lazy\" decoding=\"async\" width=\"1024\" height=\"630\" src=\"https:\/\/www.forum-soegel.de\/information\/wp-content\/uploads\/2021\/10\/Viele-Ehrungen-beim-Blutspendetermin-in-Klein-Berssen-1024x630.jpg\" alt=\"\" data-id=\"31195\" data-full-url=\"https:\/\/www.forum-soegel.de\/information\/wp-content\/uploads\/2021\/10\/Viele-Ehrungen-beim-Blutspendetermin-in-Klein-Berssen-scaled.jpg\" data-link=\"https:\/\/www.forum-soegel.de\/information\/?attachment_id=31195\" class=\"wp-image-31195\" srcset=\"https:\/\/www.forum-soegel.de\/information\/wp-content\/uploads\/2021\/10\/Viele-Ehrungen-beim-Blutspendetermin-in-Klein-Berssen-1024x630.jpg 1024w, https:\/\/www.forum-soegel.de\/information\/wp-content\/uploads\/2021\/10\/Viele-Ehrungen-beim-Blutspendetermin-in-Klein-Berssen-300x185.jpg 300w, https:\/\/www.forum-soegel.de\/information\/wp-content\/uploads\/2021\/10\/Viele-Ehrungen-beim-Blutspendetermin-in-Klein-Berssen-768x472.jpg 768w, https:\/\/www.forum-soegel.de\/information\/wp-content\/uploads\/2021\/10\/Viele-Ehrungen-beim-Blutspendetermin-in-Klein-Berssen-1536x945.jpg 1536w, https:\/\/www.forum-soegel.de\/information\/wp-content\/uploads\/2021\/10\/Viele-Ehrungen-beim-Blutspendetermin-in-Klein-Berssen-2048x1260.jpg 2048w\" sizes=\"auto, (max-width: 1024px) 100vw, 1024px\" \/><\/a><figcaption class=\"blocks-gallery-item__caption\"><br><br><br><br>Auf dem Foto von links: Heinz Br\u00fcggen, Hedwig Reimann (DRK Ortsverband), Ludger Wilken, Agnes Wester (DRK-Ortsverband), Heinrich Lamp, Elisabeth Behnen, Stefan Abeln, Teamleiterin Frau von Contzen und Ludger Schuckenbrock<\/figcaption><\/figure><\/li><\/ul><figcaption class=\"blocks-gallery-caption\"><br><br><br><\/figcaption><\/figure>\n","protected":false},"excerpt":{"rendered":"Klein Ber\u00dfen &#8211; Zum vierten Mal in diesem Jahr hatte der DRK-Ortsverband Ber\u00dfen-Stavern-Apeldorn im September 2021 zum Blutspenden in das B\u00fcrgerhaus in Klein Ber\u00dfen eingeladen. Mit 109 Spender wurden zwar keine neuen Rekorde gebrochen, die Verantwortlichen waren aber soweit zufrieden. Wie schon bei den Spendeterminen vorher hat sich hier auch die M\u00f6glichkeit der Terminreservierung \u00fcber [&hellip;]\n","protected":false},"author":2,"featured_media":0,"comment_status":"closed","ping_status":"closed","sticky":false,"template":"","format":"standard","meta":{"ngg_post_thumbnail":0,"footnotes":""},"categories":[3],"tags":[],"class_list":["post-31194","post","type-post","status-publish","format-standard","hentry","category-aktuelles-aus-der-region"],"_links":{"self":[{"href":"https:\/\/www.forum-soegel.de\/information\/wp-json\/wp\/v2\/posts\/31194","targetHints":{"allow":["GET"]}}],"collection":[{"href":"https:\/\/www.forum-soegel.de\/information\/wp-json\/wp\/v2\/posts"}],"about":[{"href":"https:\/\/www.forum-soegel.de\/information\/wp-json\/wp\/v2\/types\/post"}],"author":[{"embeddable":true,"href":"https:\/\/www.forum-soegel.de\/information\/wp-json\/wp\/v2\/users\/2"}],"replies":[{"embeddable":true,"href":"https:\/\/www.forum-soegel.de\/information\/wp-json\/wp\/v2\/comments?post=31194"}],"version-history":[{"count":1,"href":"https:\/\/www.forum-soegel.de\/information\/wp-json\/wp\/v2\/posts\/31194\/revisions"}],"predecessor-version":[{"id":31196,"href":"https:\/\/www.forum-soegel.de\/information\/wp-json\/wp\/v2\/posts\/31194\/revisions\/31196"}],"wp:attachment":[{"href":"https:\/\/www.forum-soegel.de\/information\/wp-json\/wp\/v2\/media?parent=31194"}],"wp:term":[{"taxonomy":"category","embeddable":true,"href":"https:\/\/www.forum-soegel.de\/information\/wp-json\/wp\/v2\/categories?post=31194"},{"taxonomy":"post_tag","embeddable":true,"href":"https:\/\/www.forum-soegel.de\/information\/wp-json\/wp\/v2\/tags?post=31194"}],"curies":[{"name":"wp","href":"https:\/\/api.w.org\/{rel}","templated":true}]}}