{"id":31188,"date":"2021-10-06T15:24:37","date_gmt":"2021-10-06T13:24:37","guid":{"rendered":"https:\/\/www.forum-soegel.de\/information\/?p=31188"},"modified":"2021-10-06T15:24:37","modified_gmt":"2021-10-06T13:24:37","slug":"led-geschwindigkeitsdisplays-koennen-dank-grosser-spendenbereitschaft-in-spahnharrenstaette-installiert-werden","status":"publish","type":"post","link":"https:\/\/www.forum-soegel.de\/information\/2021\/10\/led-geschwindigkeitsdisplays-koennen-dank-grosser-spendenbereitschaft-in-spahnharrenstaette-installiert-werden\/","title":{"rendered":"LED &#8211; Geschwindigkeitsdisplays k\u00f6nnen dank gro\u00dfer Spendenbereitschaft in Spahnharrenst\u00e4tte installiert werden."},"content":{"rendered":"\n<p>Spahnharrenst\u00e4tte &#8211; Durch eine \u00fcberw\u00e4ltigende Spendenbereitschaft k\u00f6nnen wir uns in Zukunft \u00fcber drei neue LED Geschwindigkeitsdisplays freuen.<\/p>\n\n\n\n<p>Urspr\u00fcnglich waren nur zwei Displays geplant, die innerhalb von Spahnharrenst\u00e4tte zu einer Verkehrsberuhigungsma\u00dfnahme beitragen sollten.<\/p>\n\n\n\n<p>Die Displays k\u00f6nnen mobil eingesetzt werden und sind daher flexibel an unterschiedlichen Orten aufstellbar.<\/p>\n\n\n\n<p>Nachdem die Ortsdurchfahrt erneuert wurde, soll Tempos\u00fcndern nun durch Funktionstafeln verdeutlicht werden, in welchem Geschwindigkeitsbereich sie sich befinden.<\/p>\n\n\n\n<p>Dieses bew\u00e4hrte System kommt bereits in vielen anderen Kommunen zum Einsatz und zeigt dort eine starke Wirkung.<\/p>\n\n\n\n<p>Nur durch gemeinschaftliches Handeln konnte das Projekt umgesetzt werden. Neben ortsans\u00e4ssigen Firmen haben sich auch viele Privatpersonen beteiligt. Zudem spendete die Raiffeisenbank Ems-Vechte eG aus den Zweckertr\u00e4gen der VR-Gewinnspargemeinschaft einen Betrag von 900 Euro.<\/p>\n\n\n\n<p>Insgesamt konnte durch 76 Spender\/innen \u00fcber 7000 Euro generiert werden, was die anf\u00e4nglichen Erwartungen \u00fcbertroffen hatte und somit ein drittes Display erm\u00f6glichte.<\/p>\n\n\n\n<p>Diesen Bericht widmen wir allen B\u00fcrgerinnen und B\u00fcrgern sowie Firmen, die diese Anschaffung m\u00f6glich gemacht haben.<\/p>\n\n\n\n<p>DANKE!<\/p>\n\n\n\n<p>Wenn man gemeinsam an einem Strang zieht, ist vieles m\u00f6glich!<\/p>\n\n\n\n<p>Dieses Projekt wurde durch Initiative des F\u00f6rdervereins der Grundschule &amp; Kita (welcher in diesem Jahr ihr zehnj\u00e4hriges Bestehen feiert) und dem CDU-Ortsverband Spahnharrenst\u00e4tte geplant und durchgef\u00fchrt.<\/p>\n\n\n\n<p>Text: Christian Kr\u00fcger <\/p>\n\n\n\n<p>Foto: CDU Spahnharrenst\u00e4tte<\/p>\n\n\n\n<figure class=\"wp-block-gallery columns-1 is-cropped wp-block-gallery-1 is-layout-flex wp-block-gallery-is-layout-flex\"><ul class=\"blocks-gallery-grid\"><li class=\"blocks-gallery-item\"><figure><a href=\"https:\/\/www.forum-soegel.de\/information\/wp-content\/uploads\/2021\/10\/LED-Geschwindigkeitsdisplays-1.jpeg\"><img loading=\"lazy\" decoding=\"async\" width=\"1024\" height=\"683\" src=\"https:\/\/www.forum-soegel.de\/information\/wp-content\/uploads\/2021\/10\/LED-Geschwindigkeitsdisplays-1-1024x683.jpeg\" alt=\"\" data-id=\"31189\" data-full-url=\"https:\/\/www.forum-soegel.de\/information\/wp-content\/uploads\/2021\/10\/LED-Geschwindigkeitsdisplays-1.jpeg\" data-link=\"https:\/\/www.forum-soegel.de\/information\/?attachment_id=31189\" class=\"wp-image-31189\" srcset=\"https:\/\/www.forum-soegel.de\/information\/wp-content\/uploads\/2021\/10\/LED-Geschwindigkeitsdisplays-1-1024x683.jpeg 1024w, https:\/\/www.forum-soegel.de\/information\/wp-content\/uploads\/2021\/10\/LED-Geschwindigkeitsdisplays-1-300x200.jpeg 300w, https:\/\/www.forum-soegel.de\/information\/wp-content\/uploads\/2021\/10\/LED-Geschwindigkeitsdisplays-1-768x512.jpeg 768w, https:\/\/www.forum-soegel.de\/information\/wp-content\/uploads\/2021\/10\/LED-Geschwindigkeitsdisplays-1-1536x1024.jpeg 1536w, https:\/\/www.forum-soegel.de\/information\/wp-content\/uploads\/2021\/10\/LED-Geschwindigkeitsdisplays-1-2048x1365.jpeg 2048w\" sizes=\"auto, (max-width: 1024px) 100vw, 1024px\" \/><\/a><\/figure><\/li><\/ul><\/figure>\n","protected":false},"excerpt":{"rendered":"Spahnharrenst\u00e4tte &#8211; Durch eine \u00fcberw\u00e4ltigende Spendenbereitschaft k\u00f6nnen wir uns in Zukunft \u00fcber drei neue LED Geschwindigkeitsdisplays freuen. Urspr\u00fcnglich waren nur zwei Displays geplant, die innerhalb von Spahnharrenst\u00e4tte zu einer Verkehrsberuhigungsma\u00dfnahme beitragen sollten. Die Displays k\u00f6nnen mobil eingesetzt werden und sind daher flexibel an unterschiedlichen Orten aufstellbar. Nachdem die Ortsdurchfahrt erneuert wurde, soll Tempos\u00fcndern nun durch [&hellip;]\n","protected":false},"author":2,"featured_media":0,"comment_status":"closed","ping_status":"closed","sticky":false,"template":"","format":"standard","meta":{"ngg_post_thumbnail":0,"footnotes":""},"categories":[3],"tags":[],"class_list":["post-31188","post","type-post","status-publish","format-standard","hentry","category-aktuelles-aus-der-region"],"_links":{"self":[{"href":"https:\/\/www.forum-soegel.de\/information\/wp-json\/wp\/v2\/posts\/31188","targetHints":{"allow":["GET"]}}],"collection":[{"href":"https:\/\/www.forum-soegel.de\/information\/wp-json\/wp\/v2\/posts"}],"about":[{"href":"https:\/\/www.forum-soegel.de\/information\/wp-json\/wp\/v2\/types\/post"}],"author":[{"embeddable":true,"href":"https:\/\/www.forum-soegel.de\/information\/wp-json\/wp\/v2\/users\/2"}],"replies":[{"embeddable":true,"href":"https:\/\/www.forum-soegel.de\/information\/wp-json\/wp\/v2\/comments?post=31188"}],"version-history":[{"count":1,"href":"https:\/\/www.forum-soegel.de\/information\/wp-json\/wp\/v2\/posts\/31188\/revisions"}],"predecessor-version":[{"id":31190,"href":"https:\/\/www.forum-soegel.de\/information\/wp-json\/wp\/v2\/posts\/31188\/revisions\/31190"}],"wp:attachment":[{"href":"https:\/\/www.forum-soegel.de\/information\/wp-json\/wp\/v2\/media?parent=31188"}],"wp:term":[{"taxonomy":"category","embeddable":true,"href":"https:\/\/www.forum-soegel.de\/information\/wp-json\/wp\/v2\/categories?post=31188"},{"taxonomy":"post_tag","embeddable":true,"href":"https:\/\/www.forum-soegel.de\/information\/wp-json\/wp\/v2\/tags?post=31188"}],"curies":[{"name":"wp","href":"https:\/\/api.w.org\/{rel}","templated":true}]}}