{"id":31177,"date":"2021-10-06T15:13:45","date_gmt":"2021-10-06T13:13:45","guid":{"rendered":"https:\/\/www.forum-soegel.de\/information\/?p=31177"},"modified":"2021-10-06T15:13:45","modified_gmt":"2021-10-06T13:13:45","slug":"hildegard-mueller-in-soegel-zu-gast-im-klostergarten","status":"publish","type":"post","link":"https:\/\/www.forum-soegel.de\/information\/2021\/10\/hildegard-mueller-in-soegel-zu-gast-im-klostergarten\/","title":{"rendered":"Hildegard M\u00fcller in S\u00f6gel zu Gast im Klostergarten"},"content":{"rendered":"\n<p><strong>&#8222;Die Bibel und der Wein&#8220; &#8211; Gespr\u00e4che \u00fcber Gott und die Welt<\/strong><\/p>\n\n\n\n<p>S\u00f6gel &#8211; Bereits zum 5. Mal fand im Klostergarten des Schlosses Clemenswerth die Veranstaltung &#8222;Die Bibel und der Wein&#8220; statt, zu der Pater Edmund einmal im Jahr gemeinsam mit Gitta Connemann, CDU-Bundestagsabgeordnete, einl\u00e4dt. Die Namen der G\u00e4ste seien &#8222;hochkar\u00e4tig&#8220;. Es stecken Menschen dahinter, die jeder auf seiner besonderen Weise in dieses Gespr\u00e4chsformat &#8222;Die Bibel und der Wein&#8220; passen, so Pater Edmund in seiner Begr\u00fc\u00dfung. Er erinnert an die Besucher aus den Vorjahren: Julia Kl\u00f6ckner, Bischof Franz-Josef Bode, Annette Schavan und Roland Jahn.<\/p>\n\n\n\n<p>Gitta Connemann begr\u00fc\u00dfte Hildegard M\u00fcller ebenfalls herzlich: &#8222;Mit Hildegard M\u00fcller haben Pater Edmund und ich heute in S\u00f6gel den perfekten Gast. Die Pr\u00e4sidentin des Verbands der Automobilindustrie ist heute zu uns gekommen, um mit uns \u00fcber Gott und die Welt zu sprechen.&#8220; Connemann hob dabei die vielen Aufgaben M\u00fcllers hervor: &#8222;Neben ihrem herausfordernden Amt engagiert sie sich ehrenamtlich unter anderem im Zentralkomitee der Katholiken, f\u00fcr donum vitae und bei Unicef.&#8220; Erst k\u00fcrzlich sei Hildegard M\u00fcller auch in den Verwaltungsbeirat des &#8222;FC Bayern M\u00fcnchen&#8220; berufen worden.<\/p>\n\n\n\n<p>Bei von Walter Deitermann (Weinhandlung Werlte) kredenzten Weinen sprachen Hildegard M\u00fcller und Pater Edmund unter der Moderation von Gitta Connemann &nbsp;\u00fcber Glauben in Coronazeiten, Frauen in der Kirche und notwendige Reformen. Im weiteren Verlauf des Gespr\u00e4ches kamen auch die Themen &#8222;Autos und E-Mobilit\u00e4t&#8220;, &#8222;Fu\u00dfball&#8220; und Vieles mehr zur Sprache.<\/p>\n\n\n\n<p>Dabei werden dem Publikum S\u00e4tze von Hildegard M\u00fcller in Erinnerung bleiben wie beispielsweise zum Thema &#8222;Kirchenaustritte&#8220;: &#8222;ich freue mich \u00fcber jeden, der trotz der Krise der Kirche nicht den R\u00fccken kehrt. Denn Glaube bedeutet f\u00fcr mich auch ganz viel Freude. Wir haben entscheidende Jahre vor uns, die ich gerne mitgestalte&#8220;.<\/p>\n\n\n\n<p>Angesichts der Tatsache, dass sie die erste Bundestagsabgeordnete war, die eine Elternzeit nach der Geburt ihrer Tochter in Anspruch genommen hat antwortete sie: &#8222;Die Gesellschaft muss offen sein f\u00fcr ganz viel Lebensentw\u00fcrfe. Bestenfalls so, dass jeder Mensch entsprechend seiner Bed\u00fcrfnisse leben kann und darf!&#8220;<\/p>\n\n\n\n<p>Zum Thema Klimaschutz und Mobilit\u00e4t brachte der Satz: &#8222;Der engagierteste Standort ben\u00f6tigt Klimaschutz ben\u00f6tigt einen guten Standort; wir m\u00fcssen in Deutschland den Mut haben, als Vorbild zu gelten!&#8220; alles Gesagte auf einen Punkt. Da gelte es, offen und mit Ideenreichtum voran zu gehen, so M\u00fcller. Das habe Deutschland bisher in der Automobilindustrie ausgezeichnet und werde es auch k\u00fcnftig tun. &#8222;Wir haben das Auto erfunden; jetzt erfinden wir es neu!&#8220;<\/p>\n\n\n\n<p>Aus ihrer Zeit als Staatsministerin unter Angela Merkel berichtete M\u00fcller: &#8222;Angela Merkel hat eine wunderbare uneitle und beharrende Art, gepaart mit hoher Intelligenz und einem hervorragenden Ged\u00e4chtnis.&#8220;<\/p>\n\n\n\n<p>Emotional wurde M\u00fcller zum Thema Krieg und Afghanistan: &#8222;Als Abgeordnete hat man zu verantworten, dass Soldaten in den Krieg geschickt werden und deren Leben in Gefahr bringt. Selbst deren Tod steht in Verantwortung der Abgeordneten. Die derzeitige Lage in Afghanistan ist sehr belastend. Wenn ich an die Frauen und Kinder denke, gibt mir das ein ganz bitteres Gef\u00fchl.&#8220; Umso wichtiger sei es, dass die L\u00e4nder der Nato im Umgang mit den Verantwortlichen in Afghanistan an einem Strang ziehen.<\/p>\n\n\n\n<p>Pater Edmund pflichtete ihr bei. &#8222;Wir ben\u00f6tigen in unserer Gesellschaft mehr Toleranz und Respekt gegen\u00fcber den Mitmenschen. Zuh\u00f6ren und auch mal Nachgeben k\u00f6nnen sind Werte, die immer seltener anzutreffen sind. Hier muss sich ein Wandel vollziehen.&#8220; Er zog dabei den Heiligen Franziskus als Beispiel heran. &#8222;Der innere Reichtum sollte ein gr\u00f6\u00dferes Gewicht bekommen, nicht der \u00e4u\u00dfere!&#8220;<\/p>\n\n\n\n<p>Gitta Connemann zog am Ende des Gespr\u00e4ches ihr Res\u00fcmee: &#8222;Hildegard M\u00fcller hat ein riesengro\u00dfes Herz, Mut zur Verantwortung, R\u00fcckgrat, Respekt f\u00fcr andere, ist blitzgescheit und dabei auch noch mit rheinischem Humor gesegnet.&#8220; Ebenso dankte sie Pater Edmund f\u00fcr seine herzerw\u00e4rmende Gastfreundschaft und seine liebevolle Sicht auf die wichtigen Dinge des Lebens. Die G\u00e4ste, die trotz eines kurzen Regenschauers sichtlich aufmerksam das Gespr\u00e4ch verfolgten, dankten mit einem anhaltenden Applaus.<\/p>\n\n\n\n<p><br>Text\/Foto: Ingrid Cloppenburg<\/p>\n\n\n\n<figure class=\"wp-block-gallery columns-2 is-cropped wp-block-gallery-1 is-layout-flex wp-block-gallery-is-layout-flex\"><ul class=\"blocks-gallery-grid\"><li class=\"blocks-gallery-item\"><figure><a href=\"https:\/\/www.forum-soegel.de\/information\/wp-content\/uploads\/2021\/10\/Hildegard-Mueller-in-Soegel-zu-Gast-im-Klostergarten-2.jpg\"><img loading=\"lazy\" decoding=\"async\" width=\"1024\" height=\"683\" src=\"https:\/\/www.forum-soegel.de\/information\/wp-content\/uploads\/2021\/10\/Hildegard-Mueller-in-Soegel-zu-Gast-im-Klostergarten-2.jpg\" alt=\"\" data-id=\"31178\" data-full-url=\"https:\/\/www.forum-soegel.de\/information\/wp-content\/uploads\/2021\/10\/Hildegard-Mueller-in-Soegel-zu-Gast-im-Klostergarten-2.jpg\" data-link=\"https:\/\/www.forum-soegel.de\/information\/?attachment_id=31178\" class=\"wp-image-31178\" srcset=\"https:\/\/www.forum-soegel.de\/information\/wp-content\/uploads\/2021\/10\/Hildegard-Mueller-in-Soegel-zu-Gast-im-Klostergarten-2.jpg 1024w, https:\/\/www.forum-soegel.de\/information\/wp-content\/uploads\/2021\/10\/Hildegard-Mueller-in-Soegel-zu-Gast-im-Klostergarten-2-300x200.jpg 300w, https:\/\/www.forum-soegel.de\/information\/wp-content\/uploads\/2021\/10\/Hildegard-Mueller-in-Soegel-zu-Gast-im-Klostergarten-2-768x512.jpg 768w\" sizes=\"auto, (max-width: 1024px) 100vw, 1024px\" \/><\/a><\/figure><\/li><li class=\"blocks-gallery-item\"><figure><a href=\"https:\/\/www.forum-soegel.de\/information\/wp-content\/uploads\/2021\/10\/Hildegard-Mueller-in-Soegel-zu-Gast-im-Klostergarten-1.jpg\"><img loading=\"lazy\" decoding=\"async\" width=\"1024\" height=\"683\" src=\"https:\/\/www.forum-soegel.de\/information\/wp-content\/uploads\/2021\/10\/Hildegard-Mueller-in-Soegel-zu-Gast-im-Klostergarten-1.jpg\" alt=\"\" data-id=\"31179\" data-full-url=\"https:\/\/www.forum-soegel.de\/information\/wp-content\/uploads\/2021\/10\/Hildegard-Mueller-in-Soegel-zu-Gast-im-Klostergarten-1.jpg\" data-link=\"https:\/\/www.forum-soegel.de\/information\/?attachment_id=31179\" class=\"wp-image-31179\" srcset=\"https:\/\/www.forum-soegel.de\/information\/wp-content\/uploads\/2021\/10\/Hildegard-Mueller-in-Soegel-zu-Gast-im-Klostergarten-1.jpg 1024w, https:\/\/www.forum-soegel.de\/information\/wp-content\/uploads\/2021\/10\/Hildegard-Mueller-in-Soegel-zu-Gast-im-Klostergarten-1-300x200.jpg 300w, https:\/\/www.forum-soegel.de\/information\/wp-content\/uploads\/2021\/10\/Hildegard-Mueller-in-Soegel-zu-Gast-im-Klostergarten-1-768x512.jpg 768w\" sizes=\"auto, (max-width: 1024px) 100vw, 1024px\" \/><\/a><\/figure><\/li><\/ul><\/figure>\n","protected":false},"excerpt":{"rendered":"&#8222;Die Bibel und der Wein&#8220; &#8211; Gespr\u00e4che \u00fcber Gott und die Welt S\u00f6gel &#8211; Bereits zum 5. Mal fand im Klostergarten des Schlosses Clemenswerth die Veranstaltung &#8222;Die Bibel und der Wein&#8220; statt, zu der Pater Edmund einmal im Jahr gemeinsam mit Gitta Connemann, CDU-Bundestagsabgeordnete, einl\u00e4dt. Die Namen der G\u00e4ste seien &#8222;hochkar\u00e4tig&#8220;. Es stecken Menschen dahinter, [&hellip;]\n","protected":false},"author":2,"featured_media":0,"comment_status":"closed","ping_status":"closed","sticky":false,"template":"","format":"standard","meta":{"ngg_post_thumbnail":0,"footnotes":""},"categories":[3],"tags":[],"class_list":["post-31177","post","type-post","status-publish","format-standard","hentry","category-aktuelles-aus-der-region"],"_links":{"self":[{"href":"https:\/\/www.forum-soegel.de\/information\/wp-json\/wp\/v2\/posts\/31177","targetHints":{"allow":["GET"]}}],"collection":[{"href":"https:\/\/www.forum-soegel.de\/information\/wp-json\/wp\/v2\/posts"}],"about":[{"href":"https:\/\/www.forum-soegel.de\/information\/wp-json\/wp\/v2\/types\/post"}],"author":[{"embeddable":true,"href":"https:\/\/www.forum-soegel.de\/information\/wp-json\/wp\/v2\/users\/2"}],"replies":[{"embeddable":true,"href":"https:\/\/www.forum-soegel.de\/information\/wp-json\/wp\/v2\/comments?post=31177"}],"version-history":[{"count":1,"href":"https:\/\/www.forum-soegel.de\/information\/wp-json\/wp\/v2\/posts\/31177\/revisions"}],"predecessor-version":[{"id":31180,"href":"https:\/\/www.forum-soegel.de\/information\/wp-json\/wp\/v2\/posts\/31177\/revisions\/31180"}],"wp:attachment":[{"href":"https:\/\/www.forum-soegel.de\/information\/wp-json\/wp\/v2\/media?parent=31177"}],"wp:term":[{"taxonomy":"category","embeddable":true,"href":"https:\/\/www.forum-soegel.de\/information\/wp-json\/wp\/v2\/categories?post=31177"},{"taxonomy":"post_tag","embeddable":true,"href":"https:\/\/www.forum-soegel.de\/information\/wp-json\/wp\/v2\/tags?post=31177"}],"curies":[{"name":"wp","href":"https:\/\/api.w.org\/{rel}","templated":true}]}}