{"id":31168,"date":"2021-10-06T15:04:14","date_gmt":"2021-10-06T13:04:14","guid":{"rendered":"https:\/\/www.forum-soegel.de\/information\/?p=31168"},"modified":"2021-10-06T15:10:03","modified_gmt":"2021-10-06T13:10:03","slug":"feuerwehr-soegel-erkundet-kletterwald","status":"publish","type":"post","link":"https:\/\/www.forum-soegel.de\/information\/2021\/10\/feuerwehr-soegel-erkundet-kletterwald\/","title":{"rendered":"Feuerwehr S\u00f6gel erkundet Kletterwald"},"content":{"rendered":"\n<p>S\u00f6gel &#8211; Im Juli ist der \u00dcbungsdienst bei der Freiwilligen Feuerwehr S\u00f6gel in voller Mannschaftsst\u00e4rke wieder angelaufen. An den \u00dcbungsabenden wird dann in Fahrzeug bezogenen Gruppen ge\u00fcbt. Die Drehleitergruppe nutzte die M\u00f6glichkeit, den neu errichteten Kletterwald S\u00f6gel zu erkunden.<\/p>\n\n\n\n<p>Die Betreiber Jana Abeln und Rainer L\u00fcker begr\u00fc\u00dften die Feuerwehrkamerad \/innen und erkl\u00e4rten zun\u00e4chst die Anlage, die acht verschiedenen Strecken, die im Kletterwald angeboten werden und wiesen darauf hin, dass die Kletterer zu Beginn eine umfangreiche Einweisung durch das Personal erhalten. Jana Abeln zeigte den Feuerwehrleuten, wie eine Rettung aus der Kletterstrecke im Notfall erfolgt. Daf\u00fcr halte man sogenannte Rettungsrucks\u00e4cke, in denen ein Flaschenzug verstaut ist, mit dem in Not befindliche Personen aus dem Parcours abgeseilt werden k\u00f6nnen. Die Feuerwehr fuhr die Drehleiter in den Park, um zu testen, welche Punkte in den verschiedenen Strecken mit dem Drehleiterkorb erreicht werden k\u00f6nnen, um eine eventuelle Rettung zum Beispiel bei medizinischen Notf\u00e4llen zu unterst\u00fctzen.<\/p>\n\n\n\n<p>Die G\u00e4ste der Feuerwehr dankten den Betreibern f\u00fcr die intensive Einf\u00fchrung und f\u00fcr die Bewirtung zum Abschluss. Es werde sicherlich m\u00f6glich sein, so Betreiber und Feuerwehr, den Kletterwald auch an weiteren \u00dcbungsabenden f\u00fcr \u00dcbungen zu nutzen. (PM)<\/p>\n\n\n\n<p>Text: LB<\/p>\n\n\n\n<p>Foto: L\u00fcker<\/p>\n\n\n\n<figure class=\"wp-block-gallery columns-1 is-cropped wp-block-gallery-1 is-layout-flex wp-block-gallery-is-layout-flex\"><ul class=\"blocks-gallery-grid\"><li class=\"blocks-gallery-item\"><figure><a href=\"https:\/\/www.forum-soegel.de\/information\/wp-content\/uploads\/2021\/10\/Feuerwehr-Soegel-erkundet-Kletterwald-1-1-scaled.jpeg\"><img loading=\"lazy\" decoding=\"async\" width=\"1024\" height=\"768\" src=\"https:\/\/www.forum-soegel.de\/information\/wp-content\/uploads\/2021\/10\/Feuerwehr-Soegel-erkundet-Kletterwald-1-1-1024x768.jpeg\" alt=\"\" data-id=\"31172\" data-full-url=\"https:\/\/www.forum-soegel.de\/information\/wp-content\/uploads\/2021\/10\/Feuerwehr-Soegel-erkundet-Kletterwald-1-1-scaled.jpeg\" data-link=\"https:\/\/www.forum-soegel.de\/information\/2021\/10\/feuerwehr-soegel-erkundet-kletterwald\/feuerwehr-soegel-erkundet-kletterwald-1-1\/\" class=\"wp-image-31172\" srcset=\"https:\/\/www.forum-soegel.de\/information\/wp-content\/uploads\/2021\/10\/Feuerwehr-Soegel-erkundet-Kletterwald-1-1-1024x768.jpeg 1024w, https:\/\/www.forum-soegel.de\/information\/wp-content\/uploads\/2021\/10\/Feuerwehr-Soegel-erkundet-Kletterwald-1-1-300x225.jpeg 300w, https:\/\/www.forum-soegel.de\/information\/wp-content\/uploads\/2021\/10\/Feuerwehr-Soegel-erkundet-Kletterwald-1-1-768x576.jpeg 768w, https:\/\/www.forum-soegel.de\/information\/wp-content\/uploads\/2021\/10\/Feuerwehr-Soegel-erkundet-Kletterwald-1-1-1536x1152.jpeg 1536w, https:\/\/www.forum-soegel.de\/information\/wp-content\/uploads\/2021\/10\/Feuerwehr-Soegel-erkundet-Kletterwald-1-1-2048x1536.jpeg 2048w\" sizes=\"auto, (max-width: 1024px) 100vw, 1024px\" \/><\/a><\/figure><\/li><\/ul><figcaption class=\"blocks-gallery-caption\">Die Drehleiter-Ausbildungsgruppe der Feuerwehr S\u00f6gel erkundete den neuen Kletterwald und lie\u00df sich die Notfallma\u00dfnahmen erkl\u00e4ren.<\/figcaption><\/figure>\n\n\n\n<p><\/p>\n","protected":false},"excerpt":{"rendered":"S\u00f6gel &#8211; Im Juli ist der \u00dcbungsdienst bei der Freiwilligen Feuerwehr S\u00f6gel in voller Mannschaftsst\u00e4rke wieder angelaufen. An den \u00dcbungsabenden wird dann in Fahrzeug bezogenen Gruppen ge\u00fcbt. Die Drehleitergruppe nutzte die M\u00f6glichkeit, den neu errichteten Kletterwald S\u00f6gel zu erkunden. Die Betreiber Jana Abeln und Rainer L\u00fcker begr\u00fc\u00dften die Feuerwehrkamerad \/innen und erkl\u00e4rten zun\u00e4chst die Anlage, [&hellip;]\n","protected":false},"author":2,"featured_media":0,"comment_status":"closed","ping_status":"closed","sticky":false,"template":"","format":"standard","meta":{"ngg_post_thumbnail":0,"footnotes":""},"categories":[3],"tags":[],"class_list":["post-31168","post","type-post","status-publish","format-standard","hentry","category-aktuelles-aus-der-region"],"_links":{"self":[{"href":"https:\/\/www.forum-soegel.de\/information\/wp-json\/wp\/v2\/posts\/31168","targetHints":{"allow":["GET"]}}],"collection":[{"href":"https:\/\/www.forum-soegel.de\/information\/wp-json\/wp\/v2\/posts"}],"about":[{"href":"https:\/\/www.forum-soegel.de\/information\/wp-json\/wp\/v2\/types\/post"}],"author":[{"embeddable":true,"href":"https:\/\/www.forum-soegel.de\/information\/wp-json\/wp\/v2\/users\/2"}],"replies":[{"embeddable":true,"href":"https:\/\/www.forum-soegel.de\/information\/wp-json\/wp\/v2\/comments?post=31168"}],"version-history":[{"count":2,"href":"https:\/\/www.forum-soegel.de\/information\/wp-json\/wp\/v2\/posts\/31168\/revisions"}],"predecessor-version":[{"id":31173,"href":"https:\/\/www.forum-soegel.de\/information\/wp-json\/wp\/v2\/posts\/31168\/revisions\/31173"}],"wp:attachment":[{"href":"https:\/\/www.forum-soegel.de\/information\/wp-json\/wp\/v2\/media?parent=31168"}],"wp:term":[{"taxonomy":"category","embeddable":true,"href":"https:\/\/www.forum-soegel.de\/information\/wp-json\/wp\/v2\/categories?post=31168"},{"taxonomy":"post_tag","embeddable":true,"href":"https:\/\/www.forum-soegel.de\/information\/wp-json\/wp\/v2\/tags?post=31168"}],"curies":[{"name":"wp","href":"https:\/\/api.w.org\/{rel}","templated":true}]}}