{"id":31158,"date":"2021-10-06T14:57:41","date_gmt":"2021-10-06T12:57:41","guid":{"rendered":"https:\/\/www.forum-soegel.de\/information\/?p=31158"},"modified":"2021-10-06T14:57:41","modified_gmt":"2021-10-06T12:57:41","slug":"die-besten-selfie-spots-im-emsland","status":"publish","type":"post","link":"https:\/\/www.forum-soegel.de\/information\/2021\/10\/die-besten-selfie-spots-im-emsland\/","title":{"rendered":"Die besten Selfie-Spots im Emsland"},"content":{"rendered":"\n<p><strong>F\u00fcr das perfekte Foto gibt es mehr als 50 ausgewiesene Standorte<\/strong><\/p>\n\n\n\n<p>Emsland &#8211; Von sich selbst gemachte Fotos mit dem Mobiltelefon sind mittlerweile ganz normal und kein Trend mehr. Meistens werden die Smartphone-Bilder direkt in sozialen Netzwerken wie Facebook oder Instagram f\u00fcr die \u00d6ffentlichkeit zug\u00e4nglich gemacht.<\/p>\n\n\n\n<p>Bei dem sommerlichen Gemeinschaftsprojekt \u201eEmsland SELFIE\u201c von Emsland Tourismus und den Tourist-Informationen der Region lassen sich nun wieder emslandweit in unmittelbarer N\u00e4he bekannter Sehensw\u00fcrdigkeiten markierte Standorte finden. So wissen Einheimische und Besucher: Hier kann ich einen perfekten Schnappschuss von mir und anderen machen \u2013 mit einer passenden Kulisse im Hintergrund.<\/p>\n\n\n\n<p>Aufgespr\u00fchte Fu\u00dfabdr\u00fccke mit der Bezeichnung \u201eEmsland SELFIE Standort\u201c befinden sich zum Beispiel vor der Bronzeskulptur \u201ePastor sine Koh&#8220; in Emsb\u00fcren, vor dem Harener Schifffahrtsmuseum oder beim Emslandmuseum Schloss Clemenswerth in S\u00f6gel. Eine \u00dcbersicht mit allen Standorten in der Region finden Sie unter www.emsland.com\/selfie. Die Liste wird von den emsl\u00e4ndischen Orten sukzessive erweitert.<\/p>\n\n\n\n<p>Kontakt:<\/p>\n\n\n\n<p>Emsland Tourismus GmbH<\/p>\n\n\n\n<p>Ordeniederung 1, 49716 Meppen<\/p>\n\n\n\n<p>Besucheranschrift:<\/p>\n\n\n\n<p>Herzog-Arenberg-Stra\u00dfe 12, 49716 Meppen<\/p>\n\n\n\n<p>Tel. 05931 92509-00<\/p>\n\n\n\n<p>www.emsland.com<\/p>\n\n\n\n<p>Text\/Foto: Martina Alfers<\/p>\n\n\n\n<figure class=\"wp-block-gallery columns-2 is-cropped wp-block-gallery-1 is-layout-flex wp-block-gallery-is-layout-flex\"><ul class=\"blocks-gallery-grid\"><li class=\"blocks-gallery-item\"><figure><a href=\"https:\/\/www.forum-soegel.de\/information\/wp-content\/uploads\/2021\/10\/Die-besten-Selfie-Spots-im-Emsland-3.jpg\"><img loading=\"lazy\" decoding=\"async\" width=\"1024\" height=\"683\" src=\"https:\/\/www.forum-soegel.de\/information\/wp-content\/uploads\/2021\/10\/Die-besten-Selfie-Spots-im-Emsland-3.jpg\" alt=\"\" data-id=\"31159\" data-full-url=\"https:\/\/www.forum-soegel.de\/information\/wp-content\/uploads\/2021\/10\/Die-besten-Selfie-Spots-im-Emsland-3.jpg\" data-link=\"https:\/\/www.forum-soegel.de\/information\/?attachment_id=31159\" class=\"wp-image-31159\" srcset=\"https:\/\/www.forum-soegel.de\/information\/wp-content\/uploads\/2021\/10\/Die-besten-Selfie-Spots-im-Emsland-3.jpg 1024w, https:\/\/www.forum-soegel.de\/information\/wp-content\/uploads\/2021\/10\/Die-besten-Selfie-Spots-im-Emsland-3-300x200.jpg 300w, https:\/\/www.forum-soegel.de\/information\/wp-content\/uploads\/2021\/10\/Die-besten-Selfie-Spots-im-Emsland-3-768x512.jpg 768w\" sizes=\"auto, (max-width: 1024px) 100vw, 1024px\" \/><\/a><\/figure><\/li><li class=\"blocks-gallery-item\"><figure><a href=\"https:\/\/www.forum-soegel.de\/information\/wp-content\/uploads\/2021\/10\/Die-besten-Selfie-Spots-im-Emsland-1.jpg\"><img loading=\"lazy\" decoding=\"async\" width=\"1024\" height=\"683\" src=\"https:\/\/www.forum-soegel.de\/information\/wp-content\/uploads\/2021\/10\/Die-besten-Selfie-Spots-im-Emsland-1.jpg\" alt=\"\" data-id=\"31160\" data-full-url=\"https:\/\/www.forum-soegel.de\/information\/wp-content\/uploads\/2021\/10\/Die-besten-Selfie-Spots-im-Emsland-1.jpg\" data-link=\"https:\/\/www.forum-soegel.de\/information\/?attachment_id=31160\" class=\"wp-image-31160\" srcset=\"https:\/\/www.forum-soegel.de\/information\/wp-content\/uploads\/2021\/10\/Die-besten-Selfie-Spots-im-Emsland-1.jpg 1024w, https:\/\/www.forum-soegel.de\/information\/wp-content\/uploads\/2021\/10\/Die-besten-Selfie-Spots-im-Emsland-1-300x200.jpg 300w, https:\/\/www.forum-soegel.de\/information\/wp-content\/uploads\/2021\/10\/Die-besten-Selfie-Spots-im-Emsland-1-768x512.jpg 768w\" sizes=\"auto, (max-width: 1024px) 100vw, 1024px\" \/><\/a><\/figure><\/li><li class=\"blocks-gallery-item\"><figure><a href=\"https:\/\/www.forum-soegel.de\/information\/wp-content\/uploads\/2021\/10\/Die-besten-Selfie-Spots-im-Emsland-2.jpg\"><img loading=\"lazy\" decoding=\"async\" width=\"1024\" height=\"683\" src=\"https:\/\/www.forum-soegel.de\/information\/wp-content\/uploads\/2021\/10\/Die-besten-Selfie-Spots-im-Emsland-2.jpg\" alt=\"\" data-id=\"31161\" data-full-url=\"https:\/\/www.forum-soegel.de\/information\/wp-content\/uploads\/2021\/10\/Die-besten-Selfie-Spots-im-Emsland-2.jpg\" data-link=\"https:\/\/www.forum-soegel.de\/information\/?attachment_id=31161\" class=\"wp-image-31161\" srcset=\"https:\/\/www.forum-soegel.de\/information\/wp-content\/uploads\/2021\/10\/Die-besten-Selfie-Spots-im-Emsland-2.jpg 1024w, https:\/\/www.forum-soegel.de\/information\/wp-content\/uploads\/2021\/10\/Die-besten-Selfie-Spots-im-Emsland-2-300x200.jpg 300w, https:\/\/www.forum-soegel.de\/information\/wp-content\/uploads\/2021\/10\/Die-besten-Selfie-Spots-im-Emsland-2-768x512.jpg 768w\" sizes=\"auto, (max-width: 1024px) 100vw, 1024px\" \/><\/a><\/figure><\/li><\/ul><\/figure>\n","protected":false},"excerpt":{"rendered":"F\u00fcr das perfekte Foto gibt es mehr als 50 ausgewiesene Standorte Emsland &#8211; Von sich selbst gemachte Fotos mit dem Mobiltelefon sind mittlerweile ganz normal und kein Trend mehr. Meistens werden die Smartphone-Bilder direkt in sozialen Netzwerken wie Facebook oder Instagram f\u00fcr die \u00d6ffentlichkeit zug\u00e4nglich gemacht. Bei dem sommerlichen Gemeinschaftsprojekt \u201eEmsland SELFIE\u201c von Emsland Tourismus [&hellip;]\n","protected":false},"author":2,"featured_media":0,"comment_status":"closed","ping_status":"closed","sticky":false,"template":"","format":"standard","meta":{"ngg_post_thumbnail":0,"footnotes":""},"categories":[3],"tags":[],"class_list":["post-31158","post","type-post","status-publish","format-standard","hentry","category-aktuelles-aus-der-region"],"_links":{"self":[{"href":"https:\/\/www.forum-soegel.de\/information\/wp-json\/wp\/v2\/posts\/31158","targetHints":{"allow":["GET"]}}],"collection":[{"href":"https:\/\/www.forum-soegel.de\/information\/wp-json\/wp\/v2\/posts"}],"about":[{"href":"https:\/\/www.forum-soegel.de\/information\/wp-json\/wp\/v2\/types\/post"}],"author":[{"embeddable":true,"href":"https:\/\/www.forum-soegel.de\/information\/wp-json\/wp\/v2\/users\/2"}],"replies":[{"embeddable":true,"href":"https:\/\/www.forum-soegel.de\/information\/wp-json\/wp\/v2\/comments?post=31158"}],"version-history":[{"count":1,"href":"https:\/\/www.forum-soegel.de\/information\/wp-json\/wp\/v2\/posts\/31158\/revisions"}],"predecessor-version":[{"id":31162,"href":"https:\/\/www.forum-soegel.de\/information\/wp-json\/wp\/v2\/posts\/31158\/revisions\/31162"}],"wp:attachment":[{"href":"https:\/\/www.forum-soegel.de\/information\/wp-json\/wp\/v2\/media?parent=31158"}],"wp:term":[{"taxonomy":"category","embeddable":true,"href":"https:\/\/www.forum-soegel.de\/information\/wp-json\/wp\/v2\/categories?post=31158"},{"taxonomy":"post_tag","embeddable":true,"href":"https:\/\/www.forum-soegel.de\/information\/wp-json\/wp\/v2\/tags?post=31158"}],"curies":[{"name":"wp","href":"https:\/\/api.w.org\/{rel}","templated":true}]}}