{"id":31142,"date":"2021-10-06T14:39:27","date_gmt":"2021-10-06T12:39:27","guid":{"rendered":"https:\/\/www.forum-soegel.de\/information\/?p=31142"},"modified":"2021-10-06T14:40:10","modified_gmt":"2021-10-06T12:40:10","slug":"baugebiet-in-stavern-kann-umgesetzt-werden","status":"publish","type":"post","link":"https:\/\/www.forum-soegel.de\/information\/2021\/10\/baugebiet-in-stavern-kann-umgesetzt-werden\/","title":{"rendered":"Baugebiet in Stavern kann umgesetzt werden"},"content":{"rendered":"\n<p>Stavern &#8211; Auf dem ehemaligen Sportgel\u00e4nde in Klein Stavern k\u00f6nnen die Bauarbeiten f\u00fcr die Erschlie\u00dfung von zun\u00e4chst acht Baupl\u00e4tzen in K\u00fcrze losgehen. \u201eUnser Bebauungsplan ist rechtkr\u00e4ftig, jetzt k\u00f6nnen wir starten\u201c, sagte B\u00fcrgermeister Helmut Rawe bei einem Ortstermin.<\/p>\n\n\n\n<p>F\u00fcr die neuen Baugrundst\u00fccke liegen dem B\u00fcrgermeister zufolge bereits verschiedene Anfragen vor. Mit dem Angebot in Waldn\u00e4he und mit einem Baugebiet als verbindendes Element zwischen den Orten Klein und Gro\u00df Stavern sei eine gute Sache jetzt umsetzungsf\u00e4hig. \u201eIch freue mich dar\u00fcber sehr, zumal die Verhandlungen f\u00fcr eine nochmalige Erweiterung des Gebietes auf gutem Wege sind\u201c, so Rawe.<\/p>\n\n\n\n<p>Das rund ein Hektar gro\u00dfe und von hohem Baumbestand umgebende Gel\u00e4nde bietet Platz f\u00fcr acht Baupl\u00e4tze. Das ehemalige Umkleidegeb\u00e4ude bleibe den Einwohnern von Stavern und insbesondere den dortigen alten und neuen Anwohnern als Begegnungsst\u00e4tte und Nachbarschaftstreff erhalten. Au\u00dferdem entst\u00fcnde mit dem schon vorhandenen Spielplatz und einer \u00f6ffentlichen Toilettenanlage im ehemaligen Umkleidegeb\u00e4ude ein attraktiver Pausenplatz f\u00fcr Radtouristen.<\/p>\n\n\n\n<p>F\u00fcr die Planung und Abwicklung des gesamten Bebauungsplanverfahren bedankte sich Rawe bei der Samtgemeinde S\u00f6gel. Landschaftsplanerin Dagmar Untiedt und Fachbereichsleiter Josef G\u00f6\u00dfling von der Samtgemeinde h\u00e4tten die Gemeinde Stavern kompetent beraten und \u201eviel Arbeit abgenommen.\u201c<\/p>\n\n\n\n<p>Nach entsprechender Kalkulation hat der Gemeinderat Stavern den Bauplatzpreis auf 30 Euro pro Quadratmeter festgelegt. \u201eWir wissen, dass das Bauen teuer geworden ist und wollen deshalb unseren Beitrag leisten, jungen Familien mit diesem vergleichsweise niedrigen Preis das eigene Heim zu erm\u00f6glichen\u201c, so der B\u00fcrgermeister.<\/p>\n\n\n\n<p>Text\/Foto: Samtgemeinde S\u00f6gel<\/p>\n\n\n\n<figure class=\"wp-block-image size-full is-resized\"><img loading=\"lazy\" decoding=\"async\" src=\"https:\/\/www.forum-soegel.de\/information\/wp-content\/uploads\/2021\/10\/Baugebiet-in-Stavern-kann-umgesetzt-werden.png\" alt=\"\" class=\"wp-image-31143\" width=\"594\" height=\"362\" srcset=\"https:\/\/www.forum-soegel.de\/information\/wp-content\/uploads\/2021\/10\/Baugebiet-in-Stavern-kann-umgesetzt-werden.png 1024w, https:\/\/www.forum-soegel.de\/information\/wp-content\/uploads\/2021\/10\/Baugebiet-in-Stavern-kann-umgesetzt-werden-300x183.png 300w, https:\/\/www.forum-soegel.de\/information\/wp-content\/uploads\/2021\/10\/Baugebiet-in-Stavern-kann-umgesetzt-werden-768x469.png 768w\" sizes=\"auto, (max-width: 594px) 100vw, 594px\" \/><figcaption>Umgeben von hohem Baumbestand entsteht zwischen den Ortsteilen Klein und Gro\u00df Stavern ein neues, erweiterungsf\u00e4higes Baugebiet. Unser Foto zeigt den Staverner B\u00fcrgermeister Helmut Rawe (Mitte) mit dem Fachbereichsleiter f\u00fcr das Bauwesen, Josef G\u00f6\u00dfling, und Landschaftsplanerin Dagmar Untiedt, beide von der Samtgemeinde S\u00f6gel.<\/figcaption><\/figure>\n","protected":false},"excerpt":{"rendered":"Stavern &#8211; Auf dem ehemaligen Sportgel\u00e4nde in Klein Stavern k\u00f6nnen die Bauarbeiten f\u00fcr die Erschlie\u00dfung von zun\u00e4chst acht Baupl\u00e4tzen in K\u00fcrze losgehen. \u201eUnser Bebauungsplan ist rechtkr\u00e4ftig, jetzt k\u00f6nnen wir starten\u201c, sagte B\u00fcrgermeister Helmut Rawe bei einem Ortstermin. F\u00fcr die neuen Baugrundst\u00fccke liegen dem B\u00fcrgermeister zufolge bereits verschiedene Anfragen vor. Mit dem Angebot in Waldn\u00e4he und [&hellip;]\n","protected":false},"author":2,"featured_media":0,"comment_status":"closed","ping_status":"closed","sticky":false,"template":"","format":"standard","meta":{"ngg_post_thumbnail":0,"footnotes":""},"categories":[3],"tags":[],"class_list":["post-31142","post","type-post","status-publish","format-standard","hentry","category-aktuelles-aus-der-region"],"_links":{"self":[{"href":"https:\/\/www.forum-soegel.de\/information\/wp-json\/wp\/v2\/posts\/31142","targetHints":{"allow":["GET"]}}],"collection":[{"href":"https:\/\/www.forum-soegel.de\/information\/wp-json\/wp\/v2\/posts"}],"about":[{"href":"https:\/\/www.forum-soegel.de\/information\/wp-json\/wp\/v2\/types\/post"}],"author":[{"embeddable":true,"href":"https:\/\/www.forum-soegel.de\/information\/wp-json\/wp\/v2\/users\/2"}],"replies":[{"embeddable":true,"href":"https:\/\/www.forum-soegel.de\/information\/wp-json\/wp\/v2\/comments?post=31142"}],"version-history":[{"count":2,"href":"https:\/\/www.forum-soegel.de\/information\/wp-json\/wp\/v2\/posts\/31142\/revisions"}],"predecessor-version":[{"id":31145,"href":"https:\/\/www.forum-soegel.de\/information\/wp-json\/wp\/v2\/posts\/31142\/revisions\/31145"}],"wp:attachment":[{"href":"https:\/\/www.forum-soegel.de\/information\/wp-json\/wp\/v2\/media?parent=31142"}],"wp:term":[{"taxonomy":"category","embeddable":true,"href":"https:\/\/www.forum-soegel.de\/information\/wp-json\/wp\/v2\/categories?post=31142"},{"taxonomy":"post_tag","embeddable":true,"href":"https:\/\/www.forum-soegel.de\/information\/wp-json\/wp\/v2\/tags?post=31142"}],"curies":[{"name":"wp","href":"https:\/\/api.w.org\/{rel}","templated":true}]}}