{"id":31140,"date":"2021-10-06T14:37:38","date_gmt":"2021-10-06T12:37:38","guid":{"rendered":"https:\/\/www.forum-soegel.de\/information\/?p=31140"},"modified":"2021-10-06T14:37:38","modified_gmt":"2021-10-06T12:37:38","slug":"50-jahre-der-kulturkreis-clemenswerth-feiert-geburtstag","status":"publish","type":"post","link":"https:\/\/www.forum-soegel.de\/information\/2021\/10\/50-jahre-der-kulturkreis-clemenswerth-feiert-geburtstag\/","title":{"rendered":"50 Jahre \u2013 Der Kulturkreis Clemenswerth feiert Geburtstag!"},"content":{"rendered":"\n<p>S\u00f6gel &#8211; Ein halbes Jahrhundert Kunst, Kultur und Konzerte in S\u00f6gel: f\u00fcr sein Jubil\u00e4umsjahr hat sich der Kulturkreis Clemenswerth etwas Besonderes einfallen lassen und beschenkte seine j\u00fcngsten Fans am 12.09.2021 mit einem olchigen Nachmittagsangebot. Die Olchis LIVE! Ein K\u00f6nig zum Gefurztag.<\/p>\n\n\n\n<p>Die Reihen waren bis auf den letzten Platz gef\u00fcllt, den die Corona-Vorgaben noch zulie\u00dfen. Dies lag gewiss nicht nur daran, dass der Eintritt frei war, sondern auch an der Stoffwahl. Denn die Kinderb\u00fccher rund um die Abenteuer der Olchis erfreuen bereits seit 30 Jahren Jung und Alt. Ihr Sch\u00f6pfer, Kinderbuchautor Ehrhardt Dietl, hat mit den gr\u00fcnen Wesen, die auf der M\u00fcllkippe von Schmuddelfing leben und sich von Abfall und Unrat ern\u00e4hren, eine liebenswerte Familie erdichtet, deren Lebensfreude und Phantasie, aber auch deren tabubrechendes Verhalten Kinder nicht nur begeistern kann, sondern zugleich auch deren Bewusstsein f\u00fcr Sinn und Unsinn von Autorit\u00e4ten sch\u00e4rft.<\/p>\n\n\n\n<p>Gro\u00df war daher im Vorfeld die Skepsis bei einigen der j\u00fcngeren Zuschauer, denn w\u00fcrden auf der B\u00fchne auch wirklich die drei H\u00f6rh\u00f6rner zu sehen sein, mit denen die Olchis sogar Regenw\u00fcrmer r\u00fclpsen h\u00f6ren k\u00f6nnen? Was ist mit den knubbeligen Nasen, die vor allem fein fauligen Geruch m\u00f6gen? Ob man es \u00fcberhaupt in der Aula des H\u00fcmmling-Gymnasiums aushalten k\u00f6nne? Inspiriert durch die Kinderbuchillustrationen und H\u00f6rspiele hatte die geladene Expertengruppe ein sehr genaues Bild von ihren Helden, und die zahlreichen Fans der Olchis wurden nicht entt\u00e4uscht!<\/p>\n\n\n\n<p>Mit dem bekannten \u201eOlchi-Lied\u201c, welches von dem einen Olchi-Kind (Svenja Baumg\u00e4rtner) vorgetragen wurde, war die Aufmerksamkeit der Zuschauer sofort gesichert, sodass die Auff\u00fchrung starten konnte. Nach einer kleinen Unterhaltung mit dem Publikum ging es auch direkt auf die M\u00fcllkippe. Das bunte B\u00fchnenbild war im Stil der B\u00fccher gestaltet und ergab mit den gro\u00dfartigen Kost\u00fcmen eine fabelhafte Kulisse.<\/p>\n\n\n\n<p>Passend zum Jubil\u00e4um des Kulturkreises ging es auch auf der B\u00fchne um einen Geburtstag, oder wie Olchis sagen: Gefurztag. Das Olchi-Kind war gerade dabei, einen solchen Gefurztag vorzubereiten: Olchi-Oma (Martina Klose) sollte eine kr\u00f6tige Torte bekommen. Gut, dass Fritzi, die Gehilfin des Professors (Oda Bergkemper) ihm noch einen Gefallen schuldet und mithilft. Allerdings werden die Vorbereitungen gest\u00f6rt, denn durch die Ankunft des Olchi-K\u00f6nigs (Stefan Senf) haben alle drei Olchis pl\u00f6tzlich alle H\u00e4nde voll zu tun. Seine Majest\u00e4t l\u00e4sst es sich bei den Gastgebern erst einmal richtig gut gehen. Olchi-Oma ist ein gro\u00dfer Fan der Monarchie und selig, endlich einen echten K\u00f6nig verw\u00f6hnen zu d\u00fcrfen, was allerdings Olchi-Opa (Alexander Haubrich) zunehmend auf die Nerven geht. Ihm erscheint der Besucher von Anfang an suspekt, zumal seine Anspr\u00fcche an die Dienstfertigkeit seiner neuen Untertanen stetig steigen. Erst als der K\u00f6nig verspricht, den Olchis zu zeigen, wie man fliegt, l\u00e4sst sich auch Opa dazu herab, Untertan zu spielen. Allerdings h\u00e4lt ihn das nicht davon ab, den K\u00f6nig im Dichten zu besiegen und Olchi-Oma von allzu heftigen Schw\u00e4rmereien abzuhalten. Die zunehmende Rivalit\u00e4t zwischen Olchi-K\u00f6nig und Olchi-Opa gipfelt schlie\u00dflich in einer Wette: Opas geliebte Knochenpfeife gegen die K\u00f6nigskrone, wenn der K\u00f6nig tats\u00e4chlich fliegen kann. Das Olchi-Kind und Fritzi werden auch zunehmend misstrauischer, und als es zum gro\u00dfen Showdown auf dem h\u00f6chsten Berg der M\u00fcllkippe kommt, ist klar: die Krone wars, die den K\u00f6nig macht.<\/p>\n\n\n\n<p>W\u00e4hrend der gesamten Auff\u00fchrung konnten sich die Darsteller der gespannten Aufmerksamkeit des Publikums sicher sein: Die energiegeladenen Spr\u00fcnge des Olchi-Kindes und sein lautes Lachen \u00fcber jede Ungeschicklichkeit der restlichen Darsteller machten es den Anwesenden leicht, sich mit ihm zu identifizieren. Auch Olchi-Opas knurrig-schlaue Art und Olchi-Omas schw\u00e4rmerische Hingabe an den Monarchen erinnerten wohl manche an die eigenen Gro\u00dfeltern. Dies zusammen mit dem spannenden Plot, sowie die mitrei\u00dfenden Lieder und die Einbeziehung der Zuschauer in die Handlung lie\u00dfen dem Team von \u201eTheater auf Tour\u201c die Herzen zufliegen und als am Ende gemeinsam mit dem Publikum das Olchi-Lied angestimmt wurde, kr\u00e4hten sogar die Dreij\u00e4hrigen mit.<\/p>\n\n\n\n<p>Ein toller Auftakt in die kommende Theatersaison und ein gro\u00dfartiges St\u00fcck, um ein Jubil\u00e4um denkw\u00fcrdig zu begehen. Es bleibt zu hoffen, dass der kostenfreie Einblick in das Theaterprogramm auch bei weiteren Theaterfreunden Lust auf mehr hervorgerufen hat.<br><br>Rezension von Felicitas Ehrhard<\/p>\n","protected":false},"excerpt":{"rendered":"S\u00f6gel &#8211; Ein halbes Jahrhundert Kunst, Kultur und Konzerte in S\u00f6gel: f\u00fcr sein Jubil\u00e4umsjahr hat sich der Kulturkreis Clemenswerth etwas Besonderes einfallen lassen und beschenkte seine j\u00fcngsten Fans am 12.09.2021 mit einem olchigen Nachmittagsangebot. Die Olchis LIVE! Ein K\u00f6nig zum Gefurztag. Die Reihen waren bis auf den letzten Platz gef\u00fcllt, den die Corona-Vorgaben noch zulie\u00dfen. [&hellip;]\n","protected":false},"author":2,"featured_media":0,"comment_status":"closed","ping_status":"closed","sticky":false,"template":"","format":"standard","meta":{"ngg_post_thumbnail":0,"footnotes":""},"categories":[3],"tags":[],"class_list":["post-31140","post","type-post","status-publish","format-standard","hentry","category-aktuelles-aus-der-region"],"_links":{"self":[{"href":"https:\/\/www.forum-soegel.de\/information\/wp-json\/wp\/v2\/posts\/31140","targetHints":{"allow":["GET"]}}],"collection":[{"href":"https:\/\/www.forum-soegel.de\/information\/wp-json\/wp\/v2\/posts"}],"about":[{"href":"https:\/\/www.forum-soegel.de\/information\/wp-json\/wp\/v2\/types\/post"}],"author":[{"embeddable":true,"href":"https:\/\/www.forum-soegel.de\/information\/wp-json\/wp\/v2\/users\/2"}],"replies":[{"embeddable":true,"href":"https:\/\/www.forum-soegel.de\/information\/wp-json\/wp\/v2\/comments?post=31140"}],"version-history":[{"count":1,"href":"https:\/\/www.forum-soegel.de\/information\/wp-json\/wp\/v2\/posts\/31140\/revisions"}],"predecessor-version":[{"id":31141,"href":"https:\/\/www.forum-soegel.de\/information\/wp-json\/wp\/v2\/posts\/31140\/revisions\/31141"}],"wp:attachment":[{"href":"https:\/\/www.forum-soegel.de\/information\/wp-json\/wp\/v2\/media?parent=31140"}],"wp:term":[{"taxonomy":"category","embeddable":true,"href":"https:\/\/www.forum-soegel.de\/information\/wp-json\/wp\/v2\/categories?post=31140"},{"taxonomy":"post_tag","embeddable":true,"href":"https:\/\/www.forum-soegel.de\/information\/wp-json\/wp\/v2\/tags?post=31140"}],"curies":[{"name":"wp","href":"https:\/\/api.w.org\/{rel}","templated":true}]}}