{"id":31041,"date":"2021-07-05T14:38:19","date_gmt":"2021-07-05T12:38:19","guid":{"rendered":"https:\/\/www.forum-soegel.de\/information\/?p=31041"},"modified":"2021-07-05T14:38:19","modified_gmt":"2021-07-05T12:38:19","slug":"sportabzeichensaison-in-boerger","status":"publish","type":"post","link":"https:\/\/www.forum-soegel.de\/information\/2021\/07\/sportabzeichensaison-in-boerger\/","title":{"rendered":"Sportabzeichensaison in B\u00f6rger"},"content":{"rendered":"\n<p>B\u00f6rger &#8211; Das Team Sportabzeichen von Eintracht B\u00f6rger startet wieder mit der Abnahme des Sportabzeichens ab Montag, dem 21.Juni 2021, jeweils montags um 19:00 Uhr auf dem Sportplatz an der Waldstra\u00dfe. Teilnehmen kann jede\/jeder jeden Alters. Eine Anmeldung ist nicht erforderlich, aber aufgrund der Corona Verordnung und Kontakt-R\u00fcckverfolgung soll bitte jeder Teilnehmer einen Zettel mit Namen, Anschrift und Telefonnummer abgeben. Das Team freut sich auf viele Teilnehmer:<\/p>\n\n\n\n<p>Die offizielle \u00dcbergabe der Sportabzeichen im Januar 2021 musste leider coronabedingt ausfallen. Die Sportabzeichen wurden aber Anfang M\u00e4rz 2021 jedem Sportler pers\u00f6nlich \u00fcberbracht. Trotz des sehr schwierigen Jahres haben viele Sportler das Sportabzeichen 2020 absolviert. Insgesamt haben 56 Erwachsene, 29 Kinder und Jugendliche das Sportabzeichen erhalten. Au\u00dferdem konnte an 7 Familien das Sportabzeichen \u00fcberreicht werden. Mechthild T\u00f6bben, Monika Sievers, Ingrid Robben und Hermann Plaggenborg konnten zum 15ten Mal das Sportabzeichen entgegennehmen.<\/p>\n\n\n\n<p>Margret W\u00f6ste konnte zum 20sten und Maria Schwarz zum 30sten Sportabzeichen gratuliert werden.<\/p>\n\n\n\n<p>Text: Team Sportabzeichen&#8220; von Eintracht B\u00f6rger (Beatrix Schulte)<\/p>\n\n\n\n<p>Foto: Nils K\u00f6geler<\/p>\n\n\n\n<figure class=\"wp-block-gallery columns-1 is-cropped wp-block-gallery-1 is-layout-flex wp-block-gallery-is-layout-flex\"><ul class=\"blocks-gallery-grid\"><li class=\"blocks-gallery-item\"><figure><a href=\"https:\/\/www.forum-soegel.de\/information\/wp-content\/uploads\/2021\/07\/Sportabzeichensaison-in-Boerger-1.jpg\"><img loading=\"lazy\" decoding=\"async\" width=\"866\" height=\"768\" src=\"https:\/\/www.forum-soegel.de\/information\/wp-content\/uploads\/2021\/07\/Sportabzeichensaison-in-Boerger-1.jpg\" alt=\"\" data-id=\"31042\" data-full-url=\"https:\/\/www.forum-soegel.de\/information\/wp-content\/uploads\/2021\/07\/Sportabzeichensaison-in-Boerger-1.jpg\" data-link=\"https:\/\/www.forum-soegel.de\/information\/?attachment_id=31042\" class=\"wp-image-31042\" srcset=\"https:\/\/www.forum-soegel.de\/information\/wp-content\/uploads\/2021\/07\/Sportabzeichensaison-in-Boerger-1.jpg 866w, https:\/\/www.forum-soegel.de\/information\/wp-content\/uploads\/2021\/07\/Sportabzeichensaison-in-Boerger-1-300x266.jpg 300w, https:\/\/www.forum-soegel.de\/information\/wp-content\/uploads\/2021\/07\/Sportabzeichensaison-in-Boerger-1-768x681.jpg 768w\" sizes=\"auto, (max-width: 866px) 100vw, 866px\" \/><\/a><figcaption class=\"blocks-gallery-item__caption\">\u00dcbergabe Sportabzeichen Maria Schwarz<\/figcaption><\/figure><\/li><\/ul><\/figure>\n","protected":false},"excerpt":{"rendered":"B\u00f6rger &#8211; Das Team Sportabzeichen von Eintracht B\u00f6rger startet wieder mit der Abnahme des Sportabzeichens ab Montag, dem 21.Juni 2021, jeweils montags um 19:00 Uhr auf dem Sportplatz an der Waldstra\u00dfe. Teilnehmen kann jede\/jeder jeden Alters. Eine Anmeldung ist nicht erforderlich, aber aufgrund der Corona Verordnung und Kontakt-R\u00fcckverfolgung soll bitte jeder Teilnehmer einen Zettel mit [&hellip;]\n","protected":false},"author":2,"featured_media":0,"comment_status":"closed","ping_status":"closed","sticky":false,"template":"","format":"standard","meta":{"ngg_post_thumbnail":0,"footnotes":""},"categories":[5],"tags":[],"class_list":["post-31041","post","type-post","status-publish","format-standard","hentry","category-was-machen-die-vereine"],"_links":{"self":[{"href":"https:\/\/www.forum-soegel.de\/information\/wp-json\/wp\/v2\/posts\/31041","targetHints":{"allow":["GET"]}}],"collection":[{"href":"https:\/\/www.forum-soegel.de\/information\/wp-json\/wp\/v2\/posts"}],"about":[{"href":"https:\/\/www.forum-soegel.de\/information\/wp-json\/wp\/v2\/types\/post"}],"author":[{"embeddable":true,"href":"https:\/\/www.forum-soegel.de\/information\/wp-json\/wp\/v2\/users\/2"}],"replies":[{"embeddable":true,"href":"https:\/\/www.forum-soegel.de\/information\/wp-json\/wp\/v2\/comments?post=31041"}],"version-history":[{"count":1,"href":"https:\/\/www.forum-soegel.de\/information\/wp-json\/wp\/v2\/posts\/31041\/revisions"}],"predecessor-version":[{"id":31043,"href":"https:\/\/www.forum-soegel.de\/information\/wp-json\/wp\/v2\/posts\/31041\/revisions\/31043"}],"wp:attachment":[{"href":"https:\/\/www.forum-soegel.de\/information\/wp-json\/wp\/v2\/media?parent=31041"}],"wp:term":[{"taxonomy":"category","embeddable":true,"href":"https:\/\/www.forum-soegel.de\/information\/wp-json\/wp\/v2\/categories?post=31041"},{"taxonomy":"post_tag","embeddable":true,"href":"https:\/\/www.forum-soegel.de\/information\/wp-json\/wp\/v2\/tags?post=31041"}],"curies":[{"name":"wp","href":"https:\/\/api.w.org\/{rel}","templated":true}]}}