{"id":31038,"date":"2021-07-05T14:36:49","date_gmt":"2021-07-05T12:36:49","guid":{"rendered":"https:\/\/www.forum-soegel.de\/information\/?p=31038"},"modified":"2021-07-05T14:36:49","modified_gmt":"2021-07-05T12:36:49","slug":"konzerte-duerfen-wieder-stattfinden","status":"publish","type":"post","link":"https:\/\/www.forum-soegel.de\/information\/2021\/07\/konzerte-duerfen-wieder-stattfinden\/","title":{"rendered":"Konzerte d\u00fcrfen wieder stattfinden"},"content":{"rendered":"\n<p>S\u00f6gel &#8211; Mit guter Resonanz beim Kartenverkauf aber auch mit gewissenhafter Beachtung der Hygienevorschriften konnte der Kulturkreis Clemenswerth in S\u00f6gel die ersten Konzerte stattfinden lassen. \u201eDarauf sind wir mit unserem engagierten Team sehr stolz\u201c, sagte Vorsitzender Manfred Rojahn anl\u00e4sslich der Begr\u00fc\u00dfung der Zuschauer beim Gloriettenkonzert im Klostergarten Clemenswerth. Bereits in der Woche zuvor fand ein Blues-Konzert auf dem Heimathof statt. Beide Konzerte konnten dank des trockenen Wetters drau\u00dfen stattfinden. \u201eEtwas w\u00e4rmer h\u00e4tte es sein d\u00fcrfen, aber unter diesen Voraussetzungen ist das fast nebens\u00e4chlich. Hauptsache ist, dass wir wieder starten d\u00fcrfen.\u201c So zeigte sich das Posaunenquartett OPUS 4 mit Posaunenisten des Gewandhausorchesters zu Leipzig auch bestens gelaunt und spielten St\u00fccke aus ihrem umfangreichen Repertoire aus f\u00fcnf Jahrhunderten. Besonders begeistert zeigte sich das Publikum von der Musik, die die Posaunisten in einen kompletten Barockposaunensatz vortrugen, passte diese Musik wie in einer kleinen Zeitreise zum barocken Umfeld des Schlosses Clemenswerth.<\/p>\n\n\n\n<p>Am letzen Wochenende im Mai, also eine Woche zuvor, konnte der Kulturkreis Clemenswerth indes die Blues-Band \u201eGet the cat\u201c verpflichten. Der Sprecher der Band zeigte sich dabei hocherfreut \u00fcber den ersten offiziellen Auftritt der Band seit Langem. \u201eWir d\u00fcrfen wieder das tun, was uns am meisten Freude macht: Musik f\u00fcr unser Publikum spielen!\u201c Dabei konnte es der Qualit\u00e4t der Musik an diesem Abend keinen Abbruch tun, dass ein Musiker aufgrund einer angeordneten Corona-Quarant\u00e4ne kurzfristig ersetzt werden musste. Der Applaus war den Musikern trotzdem gewiss.<\/p>\n\n\n\n<p>Aufgrund der Hygienevorschriften durften keine Getr\u00e4nke verkauft werden. Die G\u00e4ste hatten Decken und Getr\u00e4nke vorsorglich mitgebracht.<\/p>\n\n\n\n<p>Text\/Foto: Ingrid Cloppenburg<\/p>\n\n\n\n<figure class=\"wp-block-gallery columns-1 is-cropped wp-block-gallery-1 is-layout-flex wp-block-gallery-is-layout-flex\"><ul class=\"blocks-gallery-grid\"><li class=\"blocks-gallery-item\"><figure><a href=\"https:\/\/www.forum-soegel.de\/information\/wp-content\/uploads\/2021\/07\/Konzerte-duerfen-wieder-stattfinden-1.jpg\"><img loading=\"lazy\" decoding=\"async\" width=\"1024\" height=\"768\" src=\"https:\/\/www.forum-soegel.de\/information\/wp-content\/uploads\/2021\/07\/Konzerte-duerfen-wieder-stattfinden-1.jpg\" alt=\"\" data-id=\"31039\" data-full-url=\"https:\/\/www.forum-soegel.de\/information\/wp-content\/uploads\/2021\/07\/Konzerte-duerfen-wieder-stattfinden-1.jpg\" data-link=\"https:\/\/www.forum-soegel.de\/information\/?attachment_id=31039\" class=\"wp-image-31039\" srcset=\"https:\/\/www.forum-soegel.de\/information\/wp-content\/uploads\/2021\/07\/Konzerte-duerfen-wieder-stattfinden-1.jpg 1024w, https:\/\/www.forum-soegel.de\/information\/wp-content\/uploads\/2021\/07\/Konzerte-duerfen-wieder-stattfinden-1-300x225.jpg 300w, https:\/\/www.forum-soegel.de\/information\/wp-content\/uploads\/2021\/07\/Konzerte-duerfen-wieder-stattfinden-1-768x576.jpg 768w\" sizes=\"auto, (max-width: 1024px) 100vw, 1024px\" \/><\/a><\/figure><\/li><\/ul><\/figure>\n","protected":false},"excerpt":{"rendered":"S\u00f6gel &#8211; Mit guter Resonanz beim Kartenverkauf aber auch mit gewissenhafter Beachtung der Hygienevorschriften konnte der Kulturkreis Clemenswerth in S\u00f6gel die ersten Konzerte stattfinden lassen. \u201eDarauf sind wir mit unserem engagierten Team sehr stolz\u201c, sagte Vorsitzender Manfred Rojahn anl\u00e4sslich der Begr\u00fc\u00dfung der Zuschauer beim Gloriettenkonzert im Klostergarten Clemenswerth. Bereits in der Woche zuvor fand ein [&hellip;]\n","protected":false},"author":2,"featured_media":0,"comment_status":"closed","ping_status":"closed","sticky":false,"template":"","format":"standard","meta":{"ngg_post_thumbnail":0,"footnotes":""},"categories":[5],"tags":[],"class_list":["post-31038","post","type-post","status-publish","format-standard","hentry","category-was-machen-die-vereine"],"_links":{"self":[{"href":"https:\/\/www.forum-soegel.de\/information\/wp-json\/wp\/v2\/posts\/31038","targetHints":{"allow":["GET"]}}],"collection":[{"href":"https:\/\/www.forum-soegel.de\/information\/wp-json\/wp\/v2\/posts"}],"about":[{"href":"https:\/\/www.forum-soegel.de\/information\/wp-json\/wp\/v2\/types\/post"}],"author":[{"embeddable":true,"href":"https:\/\/www.forum-soegel.de\/information\/wp-json\/wp\/v2\/users\/2"}],"replies":[{"embeddable":true,"href":"https:\/\/www.forum-soegel.de\/information\/wp-json\/wp\/v2\/comments?post=31038"}],"version-history":[{"count":1,"href":"https:\/\/www.forum-soegel.de\/information\/wp-json\/wp\/v2\/posts\/31038\/revisions"}],"predecessor-version":[{"id":31040,"href":"https:\/\/www.forum-soegel.de\/information\/wp-json\/wp\/v2\/posts\/31038\/revisions\/31040"}],"wp:attachment":[{"href":"https:\/\/www.forum-soegel.de\/information\/wp-json\/wp\/v2\/media?parent=31038"}],"wp:term":[{"taxonomy":"category","embeddable":true,"href":"https:\/\/www.forum-soegel.de\/information\/wp-json\/wp\/v2\/categories?post=31038"},{"taxonomy":"post_tag","embeddable":true,"href":"https:\/\/www.forum-soegel.de\/information\/wp-json\/wp\/v2\/tags?post=31038"}],"curies":[{"name":"wp","href":"https:\/\/api.w.org\/{rel}","templated":true}]}}