{"id":3093,"date":"2010-09-01T00:01:17","date_gmt":"2010-08-31T22:01:17","guid":{"rendered":"https:\/\/www.forum-soegel.de\/information\/?p=3093"},"modified":"2010-08-29T14:30:47","modified_gmt":"2010-08-29T12:30:47","slug":"ihr-garten-soll-schoner-werden","status":"publish","type":"post","link":"https:\/\/www.forum-soegel.de\/information\/2010\/09\/ihr-garten-soll-schoner-werden\/","title":{"rendered":"Ihr Garten soll sch\u00f6ner werden ?"},"content":{"rendered":"<p>Sie m\u00f6chten Ihren Garten planen oder neu gestalten, umgestalten oder modernisieren?<\/p>\n<p>Sie tr\u00e4umen von einem Wasserlauf oder einer Teichanlage ?<\/p>\n<p>Auf all diese Fragen wei\u00df Frank K\u00f6hler eine kompetente Antwort.<\/p>\n<p>Im Jahr 2007 hat K\u00f6hler seinen Garten- und Landschaftsbaubetrieb in S\u00f6gel gegr\u00fcndet.<\/p>\n<p>Heute, drei Jahre sp\u00e4ter, ist er mit einer fachkundigen Mannschaft in der Region im \u201eDauereinsatz\u201c<\/p>\n<p>Sein Angebot deckt alle Bereiche in der\u00a0 Garten- und Landschaftsgestaltung ab.<\/p>\n<p>Dazu geh\u00f6rt nat\u00fcrlich auch die permanente Pflege des Gartens.<\/p>\n<p>Zu seinen weiteren Leistungen geh\u00f6ren aber auch die Grabpflege oder Winterdienste.<\/p>\n<p>Und wer alles selbst machen will, der kann sich bei K\u00f6hler auch Ger\u00e4te und Maschinen leihen.<\/p>\n<p>Ma\u00dfst\u00e4be misst \u00a0K\u00f6hler bei sich und seinen Mitarbeitern an der Zufriedenheit seiner Kunden.<\/p>\n<p>Text: KS<\/p>\n<p>Foto: Hermann Bergmann.<\/p>\n","protected":false},"excerpt":{"rendered":"Sie m\u00f6chten Ihren Garten planen oder neu gestalten, umgestalten oder modernisieren? Sie tr\u00e4umen von einem Wasserlauf oder einer Teichanlage ? Auf all diese Fragen wei\u00df Frank K\u00f6hler eine kompetente Antwort. Im Jahr 2007 hat K\u00f6hler seinen Garten- und Landschaftsbaubetrieb in S\u00f6gel gegr\u00fcndet. Heute, drei Jahre sp\u00e4ter, ist er mit einer fachkundigen Mannschaft in der Region [&hellip;]\n","protected":false},"author":2,"featured_media":0,"comment_status":"closed","ping_status":"closed","sticky":false,"template":"","format":"standard","meta":{"ngg_post_thumbnail":0,"footnotes":""},"categories":[4],"tags":[427,428],"class_list":["post-3093","post","type-post","status-publish","format-standard","hentry","category-aus-der-geschaftswelt","tag-garten","tag-garten-und-landschaftsbau"],"_links":{"self":[{"href":"https:\/\/www.forum-soegel.de\/information\/wp-json\/wp\/v2\/posts\/3093","targetHints":{"allow":["GET"]}}],"collection":[{"href":"https:\/\/www.forum-soegel.de\/information\/wp-json\/wp\/v2\/posts"}],"about":[{"href":"https:\/\/www.forum-soegel.de\/information\/wp-json\/wp\/v2\/types\/post"}],"author":[{"embeddable":true,"href":"https:\/\/www.forum-soegel.de\/information\/wp-json\/wp\/v2\/users\/2"}],"replies":[{"embeddable":true,"href":"https:\/\/www.forum-soegel.de\/information\/wp-json\/wp\/v2\/comments?post=3093"}],"version-history":[{"count":1,"href":"https:\/\/www.forum-soegel.de\/information\/wp-json\/wp\/v2\/posts\/3093\/revisions"}],"predecessor-version":[{"id":3094,"href":"https:\/\/www.forum-soegel.de\/information\/wp-json\/wp\/v2\/posts\/3093\/revisions\/3094"}],"wp:attachment":[{"href":"https:\/\/www.forum-soegel.de\/information\/wp-json\/wp\/v2\/media?parent=3093"}],"wp:term":[{"taxonomy":"category","embeddable":true,"href":"https:\/\/www.forum-soegel.de\/information\/wp-json\/wp\/v2\/categories?post=3093"},{"taxonomy":"post_tag","embeddable":true,"href":"https:\/\/www.forum-soegel.de\/information\/wp-json\/wp\/v2\/tags?post=3093"}],"curies":[{"name":"wp","href":"https:\/\/api.w.org\/{rel}","templated":true}]}}