{"id":30640,"date":"2021-04-12T16:18:21","date_gmt":"2021-04-12T14:18:21","guid":{"rendered":"https:\/\/www.forum-soegel.de\/information\/?p=30640"},"modified":"2021-04-12T16:18:21","modified_gmt":"2021-04-12T14:18:21","slug":"fastenzeit-in-der-grundschule-st-johannes","status":"publish","type":"post","link":"https:\/\/www.forum-soegel.de\/information\/2021\/04\/fastenzeit-in-der-grundschule-st-johannes\/","title":{"rendered":"Fastenzeit in der Grundschule St. Johannes"},"content":{"rendered":"\n<p>Spahnharrenst\u00e4tte &#8211; In diesem Jahr f\u00e4llt auch der Beginn der Fastenzeit in der Grundschule anders aus als sonst.<\/p>\n\n\n\n<p>Statt in der Kirche haben die Kinder mit Abstand auf dem Schulhof den \u201eAschermittwoch\u201c begangen. Auch wurde aus Hygienegr\u00fcnden nat\u00fcrlich kein Aschekreuz auf die Stirn der Kinder gezeichnet. In einem Wortgottesdienst, den die Lehrerinnen Frau Konen und Frau G\u00fclker vorbereitet haben, wurde den Kindern genau erkl\u00e4rt, warum die Asche in der Fastenzeit \u00fcberhaupt eine Rolle spielt und wie wir diese besondere Zeit der Vorbereitung auf Ostern trotz Corona f\u00fcllen k\u00f6nnen. Aufgegriffen wurde dabei der \u201eBaum der guten Taten\u201c aus dem vergangenen Jahr, der auf Grund der Schulschlie\u00dfung im M\u00e4rz nicht beendet werden konnte. An diesem Baum h\u00e4ngen noch immer viele, viele gute Taten der Sch\u00fcler aus dem vergangenen Jahr. In diesem Jahr k\u00f6nnen sich die Kinder nun an diesen Beispielen orientieren und ebenfalls f\u00fcr jede Woche eine gute Tat w\u00e4hlen. Auf diese Weise wird nun die Aktion des letzten Jahres wieder aufgenommen und beendet. Gleich am ersten Tag nahmen sich schon viele Kinder eine Tat vor, mit der sie ihre Mitmenschen in dieser Fastenzeit eine Freude machen m\u00f6chten.<\/p>\n\n\n\n<p>Text\/Foto: Grundschule Spahnharrenst\u00e4tte<\/p>\n\n\n\n<figure class=\"wp-block-gallery columns-3 is-cropped wp-block-gallery-1 is-layout-flex wp-block-gallery-is-layout-flex\"><ul class=\"blocks-gallery-grid\"><li class=\"blocks-gallery-item\"><figure><a href=\"https:\/\/www.forum-soegel.de\/information\/wp-content\/uploads\/2021\/04\/Fastenzeit-in-der-Grundschule-St.-Johannes-9.jpg\"><img loading=\"lazy\" decoding=\"async\" width=\"1024\" height=\"642\" src=\"https:\/\/www.forum-soegel.de\/information\/wp-content\/uploads\/2021\/04\/Fastenzeit-in-der-Grundschule-St.-Johannes-9.jpg\" alt=\"\" data-id=\"30641\" data-full-url=\"https:\/\/www.forum-soegel.de\/information\/wp-content\/uploads\/2021\/04\/Fastenzeit-in-der-Grundschule-St.-Johannes-9.jpg\" data-link=\"https:\/\/www.forum-soegel.de\/information\/?attachment_id=30641\" class=\"wp-image-30641\" srcset=\"https:\/\/www.forum-soegel.de\/information\/wp-content\/uploads\/2021\/04\/Fastenzeit-in-der-Grundschule-St.-Johannes-9.jpg 1024w, https:\/\/www.forum-soegel.de\/information\/wp-content\/uploads\/2021\/04\/Fastenzeit-in-der-Grundschule-St.-Johannes-9-300x188.jpg 300w, https:\/\/www.forum-soegel.de\/information\/wp-content\/uploads\/2021\/04\/Fastenzeit-in-der-Grundschule-St.-Johannes-9-768x482.jpg 768w\" sizes=\"auto, (max-width: 1024px) 100vw, 1024px\" \/><\/a><\/figure><\/li><li class=\"blocks-gallery-item\"><figure><a href=\"https:\/\/www.forum-soegel.de\/information\/wp-content\/uploads\/2021\/04\/Fastenzeit-in-der-Grundschule-St.-Johannes-1.jpg\"><img loading=\"lazy\" decoding=\"async\" width=\"965\" height=\"768\" src=\"https:\/\/www.forum-soegel.de\/information\/wp-content\/uploads\/2021\/04\/Fastenzeit-in-der-Grundschule-St.-Johannes-1.jpg\" alt=\"\" data-id=\"30642\" data-full-url=\"https:\/\/www.forum-soegel.de\/information\/wp-content\/uploads\/2021\/04\/Fastenzeit-in-der-Grundschule-St.-Johannes-1.jpg\" data-link=\"https:\/\/www.forum-soegel.de\/information\/?attachment_id=30642\" class=\"wp-image-30642\" srcset=\"https:\/\/www.forum-soegel.de\/information\/wp-content\/uploads\/2021\/04\/Fastenzeit-in-der-Grundschule-St.-Johannes-1.jpg 965w, https:\/\/www.forum-soegel.de\/information\/wp-content\/uploads\/2021\/04\/Fastenzeit-in-der-Grundschule-St.-Johannes-1-300x239.jpg 300w, https:\/\/www.forum-soegel.de\/information\/wp-content\/uploads\/2021\/04\/Fastenzeit-in-der-Grundschule-St.-Johannes-1-768x611.jpg 768w\" sizes=\"auto, (max-width: 965px) 100vw, 965px\" \/><\/a><\/figure><\/li><li class=\"blocks-gallery-item\"><figure><a href=\"https:\/\/www.forum-soegel.de\/information\/wp-content\/uploads\/2021\/04\/Fastenzeit-in-der-Grundschule-St.-Johannes-2.jpg\"><img loading=\"lazy\" decoding=\"async\" width=\"1024\" height=\"768\" src=\"https:\/\/www.forum-soegel.de\/information\/wp-content\/uploads\/2021\/04\/Fastenzeit-in-der-Grundschule-St.-Johannes-2.jpg\" alt=\"\" data-id=\"30643\" data-full-url=\"https:\/\/www.forum-soegel.de\/information\/wp-content\/uploads\/2021\/04\/Fastenzeit-in-der-Grundschule-St.-Johannes-2.jpg\" data-link=\"https:\/\/www.forum-soegel.de\/information\/?attachment_id=30643\" class=\"wp-image-30643\" srcset=\"https:\/\/www.forum-soegel.de\/information\/wp-content\/uploads\/2021\/04\/Fastenzeit-in-der-Grundschule-St.-Johannes-2.jpg 1024w, https:\/\/www.forum-soegel.de\/information\/wp-content\/uploads\/2021\/04\/Fastenzeit-in-der-Grundschule-St.-Johannes-2-300x225.jpg 300w, https:\/\/www.forum-soegel.de\/information\/wp-content\/uploads\/2021\/04\/Fastenzeit-in-der-Grundschule-St.-Johannes-2-768x576.jpg 768w\" sizes=\"auto, (max-width: 1024px) 100vw, 1024px\" \/><\/a><\/figure><\/li><li class=\"blocks-gallery-item\"><figure><a href=\"https:\/\/www.forum-soegel.de\/information\/wp-content\/uploads\/2021\/04\/Fastenzeit-in-der-Grundschule-St.-Johannes-3.jpg\"><img loading=\"lazy\" decoding=\"async\" width=\"1024\" height=\"768\" src=\"https:\/\/www.forum-soegel.de\/information\/wp-content\/uploads\/2021\/04\/Fastenzeit-in-der-Grundschule-St.-Johannes-3.jpg\" alt=\"\" data-id=\"30644\" data-full-url=\"https:\/\/www.forum-soegel.de\/information\/wp-content\/uploads\/2021\/04\/Fastenzeit-in-der-Grundschule-St.-Johannes-3.jpg\" data-link=\"https:\/\/www.forum-soegel.de\/information\/?attachment_id=30644\" class=\"wp-image-30644\" srcset=\"https:\/\/www.forum-soegel.de\/information\/wp-content\/uploads\/2021\/04\/Fastenzeit-in-der-Grundschule-St.-Johannes-3.jpg 1024w, https:\/\/www.forum-soegel.de\/information\/wp-content\/uploads\/2021\/04\/Fastenzeit-in-der-Grundschule-St.-Johannes-3-300x225.jpg 300w, https:\/\/www.forum-soegel.de\/information\/wp-content\/uploads\/2021\/04\/Fastenzeit-in-der-Grundschule-St.-Johannes-3-768x576.jpg 768w\" sizes=\"auto, (max-width: 1024px) 100vw, 1024px\" \/><\/a><\/figure><\/li><li class=\"blocks-gallery-item\"><figure><a href=\"https:\/\/www.forum-soegel.de\/information\/wp-content\/uploads\/2021\/04\/Fastenzeit-in-der-Grundschule-St.-Johannes-4.jpg\"><img loading=\"lazy\" decoding=\"async\" width=\"1024\" height=\"768\" src=\"https:\/\/www.forum-soegel.de\/information\/wp-content\/uploads\/2021\/04\/Fastenzeit-in-der-Grundschule-St.-Johannes-4.jpg\" alt=\"\" data-id=\"30645\" data-full-url=\"https:\/\/www.forum-soegel.de\/information\/wp-content\/uploads\/2021\/04\/Fastenzeit-in-der-Grundschule-St.-Johannes-4.jpg\" data-link=\"https:\/\/www.forum-soegel.de\/information\/?attachment_id=30645\" class=\"wp-image-30645\" srcset=\"https:\/\/www.forum-soegel.de\/information\/wp-content\/uploads\/2021\/04\/Fastenzeit-in-der-Grundschule-St.-Johannes-4.jpg 1024w, https:\/\/www.forum-soegel.de\/information\/wp-content\/uploads\/2021\/04\/Fastenzeit-in-der-Grundschule-St.-Johannes-4-300x225.jpg 300w, https:\/\/www.forum-soegel.de\/information\/wp-content\/uploads\/2021\/04\/Fastenzeit-in-der-Grundschule-St.-Johannes-4-768x576.jpg 768w\" sizes=\"auto, (max-width: 1024px) 100vw, 1024px\" \/><\/a><\/figure><\/li><li class=\"blocks-gallery-item\"><figure><a href=\"https:\/\/www.forum-soegel.de\/information\/wp-content\/uploads\/2021\/04\/Fastenzeit-in-der-Grundschule-St.-Johannes-5.jpg\"><img loading=\"lazy\" decoding=\"async\" width=\"1024\" height=\"768\" src=\"https:\/\/www.forum-soegel.de\/information\/wp-content\/uploads\/2021\/04\/Fastenzeit-in-der-Grundschule-St.-Johannes-5.jpg\" alt=\"\" data-id=\"30646\" data-full-url=\"https:\/\/www.forum-soegel.de\/information\/wp-content\/uploads\/2021\/04\/Fastenzeit-in-der-Grundschule-St.-Johannes-5.jpg\" data-link=\"https:\/\/www.forum-soegel.de\/information\/?attachment_id=30646\" class=\"wp-image-30646\" srcset=\"https:\/\/www.forum-soegel.de\/information\/wp-content\/uploads\/2021\/04\/Fastenzeit-in-der-Grundschule-St.-Johannes-5.jpg 1024w, https:\/\/www.forum-soegel.de\/information\/wp-content\/uploads\/2021\/04\/Fastenzeit-in-der-Grundschule-St.-Johannes-5-300x225.jpg 300w, https:\/\/www.forum-soegel.de\/information\/wp-content\/uploads\/2021\/04\/Fastenzeit-in-der-Grundschule-St.-Johannes-5-768x576.jpg 768w\" sizes=\"auto, (max-width: 1024px) 100vw, 1024px\" \/><\/a><\/figure><\/li><li class=\"blocks-gallery-item\"><figure><a href=\"https:\/\/www.forum-soegel.de\/information\/wp-content\/uploads\/2021\/04\/Fastenzeit-in-der-Grundschule-St.-Johannes-6.jpg\"><img loading=\"lazy\" decoding=\"async\" width=\"576\" height=\"768\" src=\"https:\/\/www.forum-soegel.de\/information\/wp-content\/uploads\/2021\/04\/Fastenzeit-in-der-Grundschule-St.-Johannes-6.jpg\" alt=\"\" data-id=\"30647\" data-full-url=\"https:\/\/www.forum-soegel.de\/information\/wp-content\/uploads\/2021\/04\/Fastenzeit-in-der-Grundschule-St.-Johannes-6.jpg\" data-link=\"https:\/\/www.forum-soegel.de\/information\/?attachment_id=30647\" class=\"wp-image-30647\" srcset=\"https:\/\/www.forum-soegel.de\/information\/wp-content\/uploads\/2021\/04\/Fastenzeit-in-der-Grundschule-St.-Johannes-6.jpg 576w, https:\/\/www.forum-soegel.de\/information\/wp-content\/uploads\/2021\/04\/Fastenzeit-in-der-Grundschule-St.-Johannes-6-225x300.jpg 225w\" sizes=\"auto, (max-width: 576px) 100vw, 576px\" \/><\/a><\/figure><\/li><li class=\"blocks-gallery-item\"><figure><a href=\"https:\/\/www.forum-soegel.de\/information\/wp-content\/uploads\/2021\/04\/Fastenzeit-in-der-Grundschule-St.-Johannes-7.jpg\"><img loading=\"lazy\" decoding=\"async\" width=\"1024\" height=\"683\" src=\"https:\/\/www.forum-soegel.de\/information\/wp-content\/uploads\/2021\/04\/Fastenzeit-in-der-Grundschule-St.-Johannes-7.jpg\" alt=\"\" data-id=\"30648\" data-full-url=\"https:\/\/www.forum-soegel.de\/information\/wp-content\/uploads\/2021\/04\/Fastenzeit-in-der-Grundschule-St.-Johannes-7.jpg\" data-link=\"https:\/\/www.forum-soegel.de\/information\/?attachment_id=30648\" class=\"wp-image-30648\" srcset=\"https:\/\/www.forum-soegel.de\/information\/wp-content\/uploads\/2021\/04\/Fastenzeit-in-der-Grundschule-St.-Johannes-7.jpg 1024w, https:\/\/www.forum-soegel.de\/information\/wp-content\/uploads\/2021\/04\/Fastenzeit-in-der-Grundschule-St.-Johannes-7-300x200.jpg 300w, https:\/\/www.forum-soegel.de\/information\/wp-content\/uploads\/2021\/04\/Fastenzeit-in-der-Grundschule-St.-Johannes-7-768x512.jpg 768w\" sizes=\"auto, (max-width: 1024px) 100vw, 1024px\" \/><\/a><\/figure><\/li><li class=\"blocks-gallery-item\"><figure><a href=\"https:\/\/www.forum-soegel.de\/information\/wp-content\/uploads\/2021\/04\/Fastenzeit-in-der-Grundschule-St.-Johannes-8.jpg\"><img loading=\"lazy\" decoding=\"async\" width=\"541\" height=\"768\" src=\"https:\/\/www.forum-soegel.de\/information\/wp-content\/uploads\/2021\/04\/Fastenzeit-in-der-Grundschule-St.-Johannes-8.jpg\" alt=\"\" data-id=\"30649\" data-full-url=\"https:\/\/www.forum-soegel.de\/information\/wp-content\/uploads\/2021\/04\/Fastenzeit-in-der-Grundschule-St.-Johannes-8.jpg\" data-link=\"https:\/\/www.forum-soegel.de\/information\/?attachment_id=30649\" class=\"wp-image-30649\" srcset=\"https:\/\/www.forum-soegel.de\/information\/wp-content\/uploads\/2021\/04\/Fastenzeit-in-der-Grundschule-St.-Johannes-8.jpg 541w, https:\/\/www.forum-soegel.de\/information\/wp-content\/uploads\/2021\/04\/Fastenzeit-in-der-Grundschule-St.-Johannes-8-211x300.jpg 211w\" sizes=\"auto, (max-width: 541px) 100vw, 541px\" \/><\/a><\/figure><\/li><\/ul><\/figure>\n","protected":false},"excerpt":{"rendered":"Spahnharrenst\u00e4tte &#8211; In diesem Jahr f\u00e4llt auch der Beginn der Fastenzeit in der Grundschule anders aus als sonst. Statt in der Kirche haben die Kinder mit Abstand auf dem Schulhof den \u201eAschermittwoch\u201c begangen. Auch wurde aus Hygienegr\u00fcnden nat\u00fcrlich kein Aschekreuz auf die Stirn der Kinder gezeichnet. In einem Wortgottesdienst, den die Lehrerinnen Frau Konen und [&hellip;]\n","protected":false},"author":2,"featured_media":0,"comment_status":"closed","ping_status":"closed","sticky":false,"template":"","format":"standard","meta":{"ngg_post_thumbnail":0,"footnotes":""},"categories":[6],"tags":[],"class_list":["post-30640","post","type-post","status-publish","format-standard","hentry","category-aus-der-schule-geplaudert"],"_links":{"self":[{"href":"https:\/\/www.forum-soegel.de\/information\/wp-json\/wp\/v2\/posts\/30640","targetHints":{"allow":["GET"]}}],"collection":[{"href":"https:\/\/www.forum-soegel.de\/information\/wp-json\/wp\/v2\/posts"}],"about":[{"href":"https:\/\/www.forum-soegel.de\/information\/wp-json\/wp\/v2\/types\/post"}],"author":[{"embeddable":true,"href":"https:\/\/www.forum-soegel.de\/information\/wp-json\/wp\/v2\/users\/2"}],"replies":[{"embeddable":true,"href":"https:\/\/www.forum-soegel.de\/information\/wp-json\/wp\/v2\/comments?post=30640"}],"version-history":[{"count":1,"href":"https:\/\/www.forum-soegel.de\/information\/wp-json\/wp\/v2\/posts\/30640\/revisions"}],"predecessor-version":[{"id":30650,"href":"https:\/\/www.forum-soegel.de\/information\/wp-json\/wp\/v2\/posts\/30640\/revisions\/30650"}],"wp:attachment":[{"href":"https:\/\/www.forum-soegel.de\/information\/wp-json\/wp\/v2\/media?parent=30640"}],"wp:term":[{"taxonomy":"category","embeddable":true,"href":"https:\/\/www.forum-soegel.de\/information\/wp-json\/wp\/v2\/categories?post=30640"},{"taxonomy":"post_tag","embeddable":true,"href":"https:\/\/www.forum-soegel.de\/information\/wp-json\/wp\/v2\/tags?post=30640"}],"curies":[{"name":"wp","href":"https:\/\/api.w.org\/{rel}","templated":true}]}}