{"id":30573,"date":"2021-04-12T15:32:08","date_gmt":"2021-04-12T13:32:08","guid":{"rendered":"https:\/\/www.forum-soegel.de\/information\/?p=30573"},"modified":"2021-04-12T15:44:31","modified_gmt":"2021-04-12T13:44:31","slug":"videoprojekt-zum-weltfrauentag-2021","status":"publish","type":"post","link":"https:\/\/www.forum-soegel.de\/information\/2021\/04\/videoprojekt-zum-weltfrauentag-2021\/","title":{"rendered":"Videoprojekt zum Weltfrauentag 2021"},"content":{"rendered":"\n<p>Emsland &#8211; Der Internationale Frauentag wird weltweit seit \u00fcber 100 Jahren am 08.M\u00e4rz gefeiert. Auch wenn sich die Rolle der Frau in der Gesellschaft bereits gewandelt hat, wird der Tag allj\u00e4hrlich daf\u00fcr genutzt, um auf bestehende globale Probleme aufmerksam zu machen.<\/p>\n\n\n\n<p>Daf\u00fcr werden Veranstaltungen organisiert und Projekte auf den Weg gebracht. In diesem Jahr mussten aufgrund der noch anhaltenden Corona-Pandemie viele Projekte auch im Landkreis Emsland abgesagt werden oder auf ein Online-Format begrenzt werden. Damit die Themen rund um Gleichstellung und die Arbeit der Gleichstellungsbeauftragten aber nicht in Vergessenheit geraten, hat die Arbeitsgemeinschaft der Kommunalen Gleichstellungsbeauftragten im Landkreis Emsland ein Video-Projekt zum Weltfrauentag erstellt.<\/p>\n\n\n\n<p>Die f\u00fcnf hauptamtlichen und 15 ehrenamtlichen Gleichstellungsbeauftragten haben in kleinen Projektgruppen 8 Schwerpunkte bearbeitet. Diese Themenschwerpunkte sind:<\/p>\n\n\n\n<ul class=\"wp-block-list\"><li>M\u00e4nner und Gleichstellung<\/li><li>Gewalt im \u00f6ffentlichen Raum<\/li><li>Altersarmut<\/li><li>Zuwanderung<\/li><li>Frauen und Politik<\/li><li>H\u00e4usliche Gewalt<\/li><li>Equal Pay Day<\/li><li>Arbeit der Gleichstellungsbeauftragten.<\/li><\/ul>\n\n\n\n<p>Die Ergebnisse wurden in der Zeit vom 01. bis zum 08. M\u00e4rz (dem Weltfrauentag) auf Facebook, Instagram und den Homepages des Landkreises Emsland und der St\u00e4dte und Samtgemeinden gezeigt. Auch auf YouTube sind die Videos zu sehen, f\u00fcr diejenigen, die nicht in den sozialen Netzwerken unterwegs sind. Hier sind die entsprechenden Links:<\/p>\n\n\n\n<p><a href=\"https:\/\/www.facebook.com\/Kommunale.Gleichstellungsbeauftragte.Emsland\">https:\/\/www.facebook.com\/Kommunale.Gleichstellungsbeauftragte.Emsland<\/a><\/p>\n\n\n\n<p><a href=\"http:\/\/www.youtube.com\/channel\/UCIKQ0NfCYxArorWm8MUCehA\" data-type=\"URL\">www.youtube.com\/channel\/UCIKQ0NfCYxArorWm8MUCehA<\/a><\/p>\n\n\n\n<p><a href=\"http:\/\/www.instagram.com\/weltfrauentag_lk_el\/\" data-type=\"URL\">www.instagram.com\/weltfrauentag_lk_el\/<\/a><\/p>\n\n\n\n<p>Text: Annelene Abeln<\/p>\n","protected":false},"excerpt":{"rendered":"Emsland &#8211; Der Internationale Frauentag wird weltweit seit \u00fcber 100 Jahren am 08.M\u00e4rz gefeiert. Auch wenn sich die Rolle der Frau in der Gesellschaft bereits gewandelt hat, wird der Tag allj\u00e4hrlich daf\u00fcr genutzt, um auf bestehende globale Probleme aufmerksam zu machen. Daf\u00fcr werden Veranstaltungen organisiert und Projekte auf den Weg gebracht. In diesem Jahr mussten [&hellip;]\n","protected":false},"author":2,"featured_media":0,"comment_status":"closed","ping_status":"closed","sticky":false,"template":"","format":"standard","meta":{"ngg_post_thumbnail":0,"footnotes":""},"categories":[3],"tags":[],"class_list":["post-30573","post","type-post","status-publish","format-standard","hentry","category-aktuelles-aus-der-region"],"_links":{"self":[{"href":"https:\/\/www.forum-soegel.de\/information\/wp-json\/wp\/v2\/posts\/30573","targetHints":{"allow":["GET"]}}],"collection":[{"href":"https:\/\/www.forum-soegel.de\/information\/wp-json\/wp\/v2\/posts"}],"about":[{"href":"https:\/\/www.forum-soegel.de\/information\/wp-json\/wp\/v2\/types\/post"}],"author":[{"embeddable":true,"href":"https:\/\/www.forum-soegel.de\/information\/wp-json\/wp\/v2\/users\/2"}],"replies":[{"embeddable":true,"href":"https:\/\/www.forum-soegel.de\/information\/wp-json\/wp\/v2\/comments?post=30573"}],"version-history":[{"count":6,"href":"https:\/\/www.forum-soegel.de\/information\/wp-json\/wp\/v2\/posts\/30573\/revisions"}],"predecessor-version":[{"id":30582,"href":"https:\/\/www.forum-soegel.de\/information\/wp-json\/wp\/v2\/posts\/30573\/revisions\/30582"}],"wp:attachment":[{"href":"https:\/\/www.forum-soegel.de\/information\/wp-json\/wp\/v2\/media?parent=30573"}],"wp:term":[{"taxonomy":"category","embeddable":true,"href":"https:\/\/www.forum-soegel.de\/information\/wp-json\/wp\/v2\/categories?post=30573"},{"taxonomy":"post_tag","embeddable":true,"href":"https:\/\/www.forum-soegel.de\/information\/wp-json\/wp\/v2\/tags?post=30573"}],"curies":[{"name":"wp","href":"https:\/\/api.w.org\/{rel}","templated":true}]}}