{"id":30568,"date":"2021-04-12T15:28:24","date_gmt":"2021-04-12T13:28:24","guid":{"rendered":"https:\/\/www.forum-soegel.de\/information\/?p=30568"},"modified":"2021-04-12T15:28:24","modified_gmt":"2021-04-12T13:28:24","slug":"polizeieinsaetze-und-schadensereignisse-in-der-samtgemeinde-soegel-2","status":"publish","type":"post","link":"https:\/\/www.forum-soegel.de\/information\/2021\/04\/polizeieinsaetze-und-schadensereignisse-in-der-samtgemeinde-soegel-2\/","title":{"rendered":"Polizeieins\u00e4tze und Schadensereignisse in der Samtgemeinde S\u00f6gel"},"content":{"rendered":"\n<p>S\u00f6gel &#8211; In dem Berichtszeitraum von Anfang Februar bis Anfang M\u00e4rz gab es im Bereich der Samtgemeinde S\u00f6gel fast keine Verkehrsunf\u00e4lle oder Schadensereignisse, \u00fcber die hier berichtet werden m\u00fcsste. Das ist als \u00e4u\u00dferst positiv zu bewerten.<\/p>\n\n\n\n<p>Lediglich zwei Vorf\u00e4lle sind uns gemeldet worden:<\/p>\n\n\n\n<p>In einem Fall bittet die Polizei S\u00f6gel darum, dass sich m\u00f6gliche Zeugen zu einem Ereignis, das sich am Freitag, den 05.02.2021 gegen 17.00 Uhr in S\u00f6gel auf der Stra\u00dfe \u201eIm T\u00fcnneken\u201c zugetragen hat. Eine Autofahrerin wurde von mehreren Jugendlichen angesprochen und beleidigten die Frau. Nach kurzer verbaler Auseinandersetzung verlie\u00dfen die Jugendlichen die \u00d6rtlichkeit.<\/p>\n\n\n\n<p>Die Feuerwehr meldete Eins\u00e4tze, die durch Brandmeldeanlagen (BMA) ausgel\u00f6st wurden. In diesem Jahr musste sie bereits in f\u00fcnf F\u00e4llen aufgrund von Fehlalarmen durch BMA ausr\u00fccken.<\/p>\n\n\n\n<p>Am fr\u00fchen Dienstagmorgen (16.02.2021) gegen 04.50 Uhr hatte die Alarmmeldung einer BMA aus einem gr\u00f6\u00dferen Verbrauchermarkt an der Wahner Stra\u00dfe in S\u00f6gel einen anderen Hintergrund. Auf dem Dach und unterhalb des Daches in der Dachfolie angesammelte Schneereste waren offensichtlich aufgetaut, wie die Erkundung durch die Feuerwehr ergab. Das Tauwasser floss dann durch die Zwischendecke in den Laden. Dabei erfasste das Wasser auch mehrere Rauchmelder im Dachgeschoss, die an den Sparren angebracht waren und den Alarm f\u00fcr die Feuerwehr und den Betriebsleiter ausl\u00f6sten. Nachdem die Anlage erneut ausl\u00f6ste, wurden alle durchfeuchteten Melder entfernt. Die Feuerwehr S\u00f6gel war mit dem Einsatzleitfahrzeug und einem L\u00f6schgruppenfahrzeug ausger\u00fcckt. Weitere Kr\u00e4fte standen im Feuerwehrhaus in Bereitschaft. Nach Angaben des Marktleiters konnte der Markt am Dienstagmorgen nach Beseitigung der Sch\u00e4den \u00f6ffnen.<\/p>\n\n\n\n<p>Text: Gerd Rode<\/p>\n\n\n\n<p>Foto: Feuerwehr S\u00f6gel<\/p>\n\n\n\n<figure class=\"wp-block-gallery columns-1 is-cropped wp-block-gallery-1 is-layout-flex wp-block-gallery-is-layout-flex\"><ul class=\"blocks-gallery-grid\"><li class=\"blocks-gallery-item\"><figure><a href=\"https:\/\/www.forum-soegel.de\/information\/wp-content\/uploads\/2021\/04\/Polizeieinsaetze-und-Schadensereignisse-in-der-Samtgemeinde-Soegel-1.jpg\"><img loading=\"lazy\" decoding=\"async\" width=\"1024\" height=\"533\" src=\"https:\/\/www.forum-soegel.de\/information\/wp-content\/uploads\/2021\/04\/Polizeieinsaetze-und-Schadensereignisse-in-der-Samtgemeinde-Soegel-1.jpg\" alt=\"\" data-id=\"30569\" data-full-url=\"https:\/\/www.forum-soegel.de\/information\/wp-content\/uploads\/2021\/04\/Polizeieinsaetze-und-Schadensereignisse-in-der-Samtgemeinde-Soegel-1.jpg\" data-link=\"https:\/\/www.forum-soegel.de\/information\/?attachment_id=30569\" class=\"wp-image-30569\" srcset=\"https:\/\/www.forum-soegel.de\/information\/wp-content\/uploads\/2021\/04\/Polizeieinsaetze-und-Schadensereignisse-in-der-Samtgemeinde-Soegel-1.jpg 1024w, https:\/\/www.forum-soegel.de\/information\/wp-content\/uploads\/2021\/04\/Polizeieinsaetze-und-Schadensereignisse-in-der-Samtgemeinde-Soegel-1-300x156.jpg 300w, https:\/\/www.forum-soegel.de\/information\/wp-content\/uploads\/2021\/04\/Polizeieinsaetze-und-Schadensereignisse-in-der-Samtgemeinde-Soegel-1-768x400.jpg 768w\" sizes=\"auto, (max-width: 1024px) 100vw, 1024px\" \/><\/a><\/figure><\/li><\/ul><figcaption class=\"blocks-gallery-caption\">Als die Feuerwehr S\u00f6gel nach der Ausl\u00f6sung der Brandmeldeanlage des Verbrauchermarkts die R\u00e4ume \u00fcberpr\u00fcfte, stellte sie fest, dass Tauwasser die Rauchmelder aktiviert hatte.<\/figcaption><\/figure>\n","protected":false},"excerpt":{"rendered":"S\u00f6gel &#8211; In dem Berichtszeitraum von Anfang Februar bis Anfang M\u00e4rz gab es im Bereich der Samtgemeinde S\u00f6gel fast keine Verkehrsunf\u00e4lle oder Schadensereignisse, \u00fcber die hier berichtet werden m\u00fcsste. Das ist als \u00e4u\u00dferst positiv zu bewerten. Lediglich zwei Vorf\u00e4lle sind uns gemeldet worden: In einem Fall bittet die Polizei S\u00f6gel darum, dass sich m\u00f6gliche Zeugen [&hellip;]\n","protected":false},"author":2,"featured_media":0,"comment_status":"closed","ping_status":"closed","sticky":false,"template":"","format":"standard","meta":{"ngg_post_thumbnail":0,"footnotes":""},"categories":[931],"tags":[],"class_list":["post-30568","post","type-post","status-publish","format-standard","hentry","category-blaulichtreport"],"_links":{"self":[{"href":"https:\/\/www.forum-soegel.de\/information\/wp-json\/wp\/v2\/posts\/30568","targetHints":{"allow":["GET"]}}],"collection":[{"href":"https:\/\/www.forum-soegel.de\/information\/wp-json\/wp\/v2\/posts"}],"about":[{"href":"https:\/\/www.forum-soegel.de\/information\/wp-json\/wp\/v2\/types\/post"}],"author":[{"embeddable":true,"href":"https:\/\/www.forum-soegel.de\/information\/wp-json\/wp\/v2\/users\/2"}],"replies":[{"embeddable":true,"href":"https:\/\/www.forum-soegel.de\/information\/wp-json\/wp\/v2\/comments?post=30568"}],"version-history":[{"count":1,"href":"https:\/\/www.forum-soegel.de\/information\/wp-json\/wp\/v2\/posts\/30568\/revisions"}],"predecessor-version":[{"id":30570,"href":"https:\/\/www.forum-soegel.de\/information\/wp-json\/wp\/v2\/posts\/30568\/revisions\/30570"}],"wp:attachment":[{"href":"https:\/\/www.forum-soegel.de\/information\/wp-json\/wp\/v2\/media?parent=30568"}],"wp:term":[{"taxonomy":"category","embeddable":true,"href":"https:\/\/www.forum-soegel.de\/information\/wp-json\/wp\/v2\/categories?post=30568"},{"taxonomy":"post_tag","embeddable":true,"href":"https:\/\/www.forum-soegel.de\/information\/wp-json\/wp\/v2\/tags?post=30568"}],"curies":[{"name":"wp","href":"https:\/\/api.w.org\/{rel}","templated":true}]}}