{"id":30565,"date":"2021-04-12T15:24:12","date_gmt":"2021-04-12T13:24:12","guid":{"rendered":"https:\/\/www.forum-soegel.de\/information\/?p=30565"},"modified":"2021-04-12T15:24:12","modified_gmt":"2021-04-12T13:24:12","slug":"huemmlinger-ferienpass-trotzt-der-pandemie","status":"publish","type":"post","link":"https:\/\/www.forum-soegel.de\/information\/2021\/04\/huemmlinger-ferienpass-trotzt-der-pandemie\/","title":{"rendered":"H\u00fcmmlinger Ferienpass trotzt der Pandemie"},"content":{"rendered":"\n<p><em>Zahlreiche Angebote werden f\u00fcr die Sommerferien geplant<\/em><\/p>\n\n\n\n<p>S\u00f6gel &#8211; Der H\u00fcmmlinger Ferienpass findet auch in diesem Jahr eine Neuauflage. In Kooperation mit vielen Vereinen wird in den diesj\u00e4hrigen Sommerferien wieder ein Programm auf die Beine gestellt, so die Organisatoren aus den Samtgemeinden S\u00f6gel, Werlte, Nordh\u00fcmmling und Lathen gemeinsam mit dem Regionalmanager Ralph Deitermann. An die normalerweise etwa 400 Veranstaltungen, die im Rahmen des H\u00fcmmlinger Ferienpasses vor der Pandemie angeboten wurden, kommen die Organisatoren in diesem Jahr aufgrund der Einschr\u00e4nkungen nicht heran.<\/p>\n\n\n\n<p>Auch im letzten Jahr wurden alle Anbieter von Ferienpassangeboten vor gro\u00dfe Herausforderungen gestellt, erinnerte Deitermann in einem gemeinsamen Gespr\u00e4ch beim Schloss Clemenswerth in S\u00f6gel. \u201eDiese wurden aber hervorragend gemeistert. Im Jahr 2020 wurden \u00fcber 300 Angebote auf der Online-Plattform hinterlegt. Darunter waren auch viele, die mehrfach angeboten wurden.\u201c Deitermann berichtete, dass im letzten Jahr tolle Ideen entwickelt wurden, wie beispielsweise Schnitzeljagden oder Radtouren, die drau\u00dfen stattfanden konnten. \u201eDas Emslandmuseum Schloss Clemenswerth als Anbieter hatte sich f\u00fcr 2020 viele interessante Veranstaltungen einfallen lassen.\u201c&nbsp; Auf Grundlage der Erfahrungen aus dem letzten Jahr k\u00f6nne das Angebot dann auch f\u00fcr 2021 ausgebaut werden.<\/p>\n\n\n\n<p>Die Vertreter der einzelnen Gemeinden berichteten, dass die Eltern und Sch\u00fclerinnen und Sch\u00fcler im vergangenen Jahr froh waren, dass sich das H\u00fcmmlinger Ferienpassteam entschieden hatte, ein Angebot f\u00fcr die Sommerferien zusammenzustellen. Umso mehr wisse das Ferienpassteam auch das Engagement der Ehrenamtlichen zu sch\u00e4tzen, die mit so vielen Ideen den Ferienpass bereichert h\u00e4tten.<\/p>\n\n\n\n<p>Die Sommerferien beginnen in diesem Jahr am 22. Juli und dauern bis zum 1. September. Alle Informationen \u00fcber den Ferienpass gibt es online auf \u201ehuemmlinger-ferienpass.de\u201c. Die Organisatoren weisen explizit darauf hin, dass sich alle Teilnehmer vorher online f\u00fcr die Angebote einschreiben m\u00fcssen. Eine spontane Teilnahme, so wie es in fr\u00fcheren Jahren noch m\u00f6glich gewesen sei, ist aufgrund der Pandemie-Vorschriften nicht m\u00f6glich. Nur nach Anmeldung sei auch eine R\u00fcckverfolgung aufgrund der anzugebenden Kontaktdaten recht einfach, erkl\u00e4rte Deitermann. Die notwendigen Auflagen wie Mindestabstand oder auch das Tragen von Schutzmasken m\u00fcssten, wenn n\u00f6tig, ebenfalls eingehalten werden.&nbsp; In diesem Jahr soll zus\u00e4tzlich noch ein Flyer mit Hinweisen f\u00fcr Sch\u00fclerinnen und Sch\u00fcler sowie deren Eltern aufgelegt werden.<\/p>\n\n\n\n<p>\u201eDamit der Ferienpass 2021 wieder gelingt, sind die ersten Termine der Umsetzung zu beachten. Aktuell werden wieder die Gemeinden und Vereine angeschrieben, sodass dann ab dem 30.05. bis zum 20.06. voraussichtlich wieder die Wunschlisten erstellt werden k\u00f6nnen; kurz darauf erfolgt die Zuteilung. Der Resteverkauf ist ab dem 12.07.2021 vorgesehen\u201c, erkl\u00e4rt Deitermann das Prozedere.<\/p>\n\n\n\n<p>Einig sind sich alle aus dem Team, dass das Gelingen des Ferienpasses mit dem Engagement der Gemeinden und Vereine zusammenh\u00e4ngt, die die Angebote ehrenamtlich anbieten und durchf\u00fchren. \u201eWir hoffen auf ein gro\u00dfes Angebot aus unserer Region!\u201c<\/p>\n\n\n\n<p>Text: Ingrid Cloppenburg<\/p>\n\n\n\n<p>Foto: Samtgemeinde S\u00f6gel<\/p>\n\n\n\n<figure class=\"wp-block-gallery columns-1 is-cropped wp-block-gallery-1 is-layout-flex wp-block-gallery-is-layout-flex\"><ul class=\"blocks-gallery-grid\"><li class=\"blocks-gallery-item\"><figure><a href=\"https:\/\/www.forum-soegel.de\/information\/wp-content\/uploads\/2021\/04\/Huemmlinger-Ferienpass-trotzt-der-Pandemie-1.jpg\"><img loading=\"lazy\" decoding=\"async\" width=\"1024\" height=\"768\" src=\"https:\/\/www.forum-soegel.de\/information\/wp-content\/uploads\/2021\/04\/Huemmlinger-Ferienpass-trotzt-der-Pandemie-1.jpg\" alt=\"\" data-id=\"30566\" data-full-url=\"https:\/\/www.forum-soegel.de\/information\/wp-content\/uploads\/2021\/04\/Huemmlinger-Ferienpass-trotzt-der-Pandemie-1.jpg\" data-link=\"https:\/\/www.forum-soegel.de\/information\/?attachment_id=30566\" class=\"wp-image-30566\" srcset=\"https:\/\/www.forum-soegel.de\/information\/wp-content\/uploads\/2021\/04\/Huemmlinger-Ferienpass-trotzt-der-Pandemie-1.jpg 1024w, https:\/\/www.forum-soegel.de\/information\/wp-content\/uploads\/2021\/04\/Huemmlinger-Ferienpass-trotzt-der-Pandemie-1-300x225.jpg 300w, https:\/\/www.forum-soegel.de\/information\/wp-content\/uploads\/2021\/04\/Huemmlinger-Ferienpass-trotzt-der-Pandemie-1-768x576.jpg 768w\" sizes=\"auto, (max-width: 1024px) 100vw, 1024px\" \/><\/a><\/figure><\/li><\/ul><figcaption class=\"blocks-gallery-caption\">Gemeinsam mit dem Museumsdirektor Oliver Fok und Ramona Krons (rechts) vom Emslandmuseum Schloss Clemenswerth hat das Team rund um den H\u00fcmmlinger Ferienpass die Pl\u00e4ne f\u00fcr den diesj\u00e4hrigen Ferienpass vorgestellt: (von links) J\u00fcrgen Rolfes (S\u00f6gel), Norbert Rosema (Nordh\u00fcmmling), Jens Niermann (Werlte), Sigrid Tietjen und J\u00fcrgen Ermes (beide Lathen) und Regionalmanager Ralph Deitermann.<\/figcaption><\/figure>\n","protected":false},"excerpt":{"rendered":"Zahlreiche Angebote werden f\u00fcr die Sommerferien geplant S\u00f6gel &#8211; Der H\u00fcmmlinger Ferienpass findet auch in diesem Jahr eine Neuauflage. In Kooperation mit vielen Vereinen wird in den diesj\u00e4hrigen Sommerferien wieder ein Programm auf die Beine gestellt, so die Organisatoren aus den Samtgemeinden S\u00f6gel, Werlte, Nordh\u00fcmmling und Lathen gemeinsam mit dem Regionalmanager Ralph Deitermann. An die [&hellip;]\n","protected":false},"author":2,"featured_media":0,"comment_status":"closed","ping_status":"closed","sticky":false,"template":"","format":"standard","meta":{"ngg_post_thumbnail":0,"footnotes":""},"categories":[3],"tags":[],"class_list":["post-30565","post","type-post","status-publish","format-standard","hentry","category-aktuelles-aus-der-region"],"_links":{"self":[{"href":"https:\/\/www.forum-soegel.de\/information\/wp-json\/wp\/v2\/posts\/30565","targetHints":{"allow":["GET"]}}],"collection":[{"href":"https:\/\/www.forum-soegel.de\/information\/wp-json\/wp\/v2\/posts"}],"about":[{"href":"https:\/\/www.forum-soegel.de\/information\/wp-json\/wp\/v2\/types\/post"}],"author":[{"embeddable":true,"href":"https:\/\/www.forum-soegel.de\/information\/wp-json\/wp\/v2\/users\/2"}],"replies":[{"embeddable":true,"href":"https:\/\/www.forum-soegel.de\/information\/wp-json\/wp\/v2\/comments?post=30565"}],"version-history":[{"count":1,"href":"https:\/\/www.forum-soegel.de\/information\/wp-json\/wp\/v2\/posts\/30565\/revisions"}],"predecessor-version":[{"id":30567,"href":"https:\/\/www.forum-soegel.de\/information\/wp-json\/wp\/v2\/posts\/30565\/revisions\/30567"}],"wp:attachment":[{"href":"https:\/\/www.forum-soegel.de\/information\/wp-json\/wp\/v2\/media?parent=30565"}],"wp:term":[{"taxonomy":"category","embeddable":true,"href":"https:\/\/www.forum-soegel.de\/information\/wp-json\/wp\/v2\/categories?post=30565"},{"taxonomy":"post_tag","embeddable":true,"href":"https:\/\/www.forum-soegel.de\/information\/wp-json\/wp\/v2\/tags?post=30565"}],"curies":[{"name":"wp","href":"https:\/\/api.w.org\/{rel}","templated":true}]}}