{"id":30561,"date":"2021-04-12T15:22:05","date_gmt":"2021-04-12T13:22:05","guid":{"rendered":"https:\/\/www.forum-soegel.de\/information\/?p=30561"},"modified":"2021-04-12T15:22:05","modified_gmt":"2021-04-12T13:22:05","slug":"gute-bildung-braucht-gute-raeume","status":"publish","type":"post","link":"https:\/\/www.forum-soegel.de\/information\/2021\/04\/gute-bildung-braucht-gute-raeume\/","title":{"rendered":"Gute Bildung braucht gute R\u00e4ume"},"content":{"rendered":"\n<p><strong>Sanierung des denkmalgesch\u00fctzten Marstalls n\u00f6tig<\/strong><\/p>\n\n\n\n<p>S\u00f6gel &#8211; Die Jugendbildungsst\u00e4tte Marstall Clemenswerth ist nicht nur f\u00fcr ihre Bildung \u00fcberregional bekannt. Auch das \u00fcber 275 Jahre alte, denkmalgesch\u00fctzte Geb\u00e4ude begeistert j\u00e4hrlich viele Besucher*innen der Schlossanlage Clemenswerth in S\u00f6gel. Wie dieses bestm\u00f6glich erhalten werden kann, dar\u00fcber wurde jetzt mit der CDU-Bundestagsabgeordneten Gitta Connemann diskutiert. An einem Austauschtreffen nahmen auch das Ehepaar Probst von der Probst Projektierung GmbH und der Kandidat f\u00fcr das Samtgemeindeb\u00fcrgeramt in der Samtgemeinde S\u00f6gel, Dr. Niels Gepp, teil.<\/p>\n\n\n\n<p>Im Marstall Clemenswerth werden j\u00e4hrlich \u00fcber 400 Veranstaltungen vornehmlich der Kinder- und Jugend- aber auch der Erwachsenenbildung durchgef\u00fchrt, z.B. mit Schulklassen, Firmlingen, Ch\u00f6ren, Freizeiten, Gruppen des Kreissportbunds oder anderen Gruppen. \u00dcber die H\u00e4lfte davon als eigene durchgef\u00fchrte Veranstaltungen. Das bedeutet weiterhin, dass deutlich \u00fcber 10.000 Teilnehmende pro Jahr in die Bildungsst\u00e4tte kommen, auch nach der aktuellen Pandemie. Sie kommen in ein Geb\u00e4ude, in ein Haus, das Erlebnisse und Erinnerungen schafft. Zu der wertvollen p\u00e4dagogischen Arbeit hat auch die Atmosph\u00e4re des denkmalgesch\u00fctzten Geb\u00e4udes einen Anteil daran, dass viele gerne an das Haus zur\u00fcckdenken und den Marstall mit einer ganz besonderen Erfahrung assoziieren. Auch Gitta Connemann war des \u00d6fteren zu Gast: \u201eIch erinnere mich an viele sch\u00f6ne Begegnungen hier. Wir haben hier mit dem Marstall Clemenswerth nicht nur eine herausragende Jugendbildungsst\u00e4tte, sondern auch eine Visitenkarte f\u00fcr S\u00f6gel. Sie ist Teil des Herzens des gesamten H\u00fcmmlings.\u201c<\/p>\n\n\n\n<p>\u201eDoch an diesem geschichts- und begegnungstr\u00e4chtigen Geb\u00e4ude nagt augenscheinlich der Zahn der Zeit\u201c, so Christian Thien, der sich als Hausleiter bereits seit mehreren Jahren um den Zustand des Geb\u00e4udes Sorgen macht. \u201eBereits zu Beginn meiner T\u00e4tigkeit hier im Marstall wurde mir die Verantwortung f\u00fcr die Sanierung der besch\u00e4digten Fugen, Steine, Sandsteinfassungen und der Dachgauben angetragen, und gerade in den letzten Jahren sahen wir eine extreme Entwicklung, die bereits zu teilweise komplett ausgel\u00f6sten Steinen aus dem Mauerwerk des Geb\u00e4udes f\u00fchrt\u201c.<\/p>\n\n\n\n<p>In dem Austauschtreffen informierte Connemann \u00fcber das Denkmalschutz-Sonderprogramm des Bundes. Dieses Sonderprogramm m\u00fcsse f\u00fcr jedes Jahr neu beschlossen werden. Der aktuelle Zustand des Geb\u00e4udes mache daher eine Diskussion \u00fcber eine Notwendigkeit von Sanierungen des denkmalgesch\u00fctzten Geb\u00e4udes zwingend erforderlich. Gemeinsam wurde auf die letzte Investition in den Denkmalschutz, die Sanierung der Fenster, vor sieben Jahren zur\u00fcckgeblickt. Diese Fenstersanierung wurde als eines der ersten regionalen Projekte vom Denkmalschutz-Sonderprogramm gef\u00f6rdert. Schon damals wurde u.a. auf die Fugen und Steine aufmerksam gemacht. Inzwischen br\u00f6ckelt es sichtbar an einigen Stellen. Eindringendes Wasser und Feuchtigkeit und auch der nat\u00fcrliche Verfallsprozess setzen dem Gem\u00e4uer stark zu. Auch wenn in den letzten Jahren an verschiedenen Stellen immer mal wieder renoviert und saniert wurde, besteht nun Handlungsbedarf. \u201eIrgendwann funktioniert auch die Renovierung der Renovierung nicht mehr\u201c, so der staatliche gepr\u00fcfte Restaurator Probst. Die gesch\u00e4tzten Kosten der in den n\u00e4chsten Jahren anstehenden Ma\u00dfnahmen belaufen&nbsp; sich auf knapp 400.000 Euro, so der Restaurator nach einer teilweisen Vorstellung seines Gutachtens.<\/p>\n\n\n\n<p>Bei einer Begehung konnten sich die Beteiligten selbst ein Bild vom aktuellen Zustand des Geb\u00e4udes machen und waren sich einig: \u201eHier muss etwas getan werden.\u201c Die M\u00f6glichkeit, die Sanierung \u00fcber das Sonderprogramm f\u00f6rdern zu lassen, ist f\u00fcr den Verein eine gro\u00dfe Chance. Der Antrag bedarf unter anderem der Zustimmung des Landesamts f\u00fcr Denkmalpflege. Eine herausfordernde Frage, die es auch zu kl\u00e4ren gilt, ist die Gegenfinanzierung. Das Bundesprogramm f\u00f6rdert max. 50 % der anfallenden Kosten, die anderen 50 % m\u00fcssten durch weitere F\u00f6rdergeber finanziert werden. Alle Beteiligten waren sich aber angesichts der \u00fcberregionalen Bedeutung des Geb\u00e4udes darin einig, dass daf\u00fcr eine passende L\u00f6sung gefunden werden muss.<\/p>\n\n\n\n<p>Mit Blick auf den Antrag f\u00fcr das Denkmalschutz-Sonderprogramm gaben sich die Beteiligten optimistisch. Connemann sagte dem Verein ihre Unterst\u00fctzung zu. Sie werde alles daran zu setzen, dass das Projekt eine F\u00f6rderung erhalte. Hausleiter Christian Thien dankte allen Beteiligten f\u00fcr ihr Engagement rund um die Erhaltung des denkmalgesch\u00fctzten Marstalls und k\u00fcndigte an, den Antrag in der kommenden Woche auf den Weg zu bringen.<\/p>\n\n\n\n<p>Text\/Foto: Christian Thien<\/p>\n\n\n\n<figure class=\"wp-block-gallery columns-1 is-cropped wp-block-gallery-1 is-layout-flex wp-block-gallery-is-layout-flex\"><ul class=\"blocks-gallery-grid\"><li class=\"blocks-gallery-item\"><figure><a href=\"https:\/\/www.forum-soegel.de\/information\/wp-content\/uploads\/2021\/04\/Gute-Bildung-braucht-gute-Raeume-1.jpg\"><img loading=\"lazy\" decoding=\"async\" width=\"1024\" height=\"768\" src=\"https:\/\/www.forum-soegel.de\/information\/wp-content\/uploads\/2021\/04\/Gute-Bildung-braucht-gute-Raeume-1.jpg\" alt=\"\" data-id=\"30562\" data-full-url=\"https:\/\/www.forum-soegel.de\/information\/wp-content\/uploads\/2021\/04\/Gute-Bildung-braucht-gute-Raeume-1.jpg\" data-link=\"https:\/\/www.forum-soegel.de\/information\/?attachment_id=30562\" class=\"wp-image-30562\" srcset=\"https:\/\/www.forum-soegel.de\/information\/wp-content\/uploads\/2021\/04\/Gute-Bildung-braucht-gute-Raeume-1.jpg 1024w, https:\/\/www.forum-soegel.de\/information\/wp-content\/uploads\/2021\/04\/Gute-Bildung-braucht-gute-Raeume-1-300x225.jpg 300w, https:\/\/www.forum-soegel.de\/information\/wp-content\/uploads\/2021\/04\/Gute-Bildung-braucht-gute-Raeume-1-768x576.jpg 768w\" sizes=\"auto, (max-width: 1024px) 100vw, 1024px\" \/><\/a><\/figure><\/li><\/ul><\/figure>\n","protected":false},"excerpt":{"rendered":"Sanierung des denkmalgesch\u00fctzten Marstalls n\u00f6tig S\u00f6gel &#8211; Die Jugendbildungsst\u00e4tte Marstall Clemenswerth ist nicht nur f\u00fcr ihre Bildung \u00fcberregional bekannt. Auch das \u00fcber 275 Jahre alte, denkmalgesch\u00fctzte Geb\u00e4ude begeistert j\u00e4hrlich viele Besucher*innen der Schlossanlage Clemenswerth in S\u00f6gel. Wie dieses bestm\u00f6glich erhalten werden kann, dar\u00fcber wurde jetzt mit der CDU-Bundestagsabgeordneten Gitta Connemann diskutiert. An einem Austauschtreffen nahmen [&hellip;]\n","protected":false},"author":2,"featured_media":0,"comment_status":"closed","ping_status":"closed","sticky":false,"template":"","format":"standard","meta":{"ngg_post_thumbnail":0,"footnotes":""},"categories":[3],"tags":[],"class_list":["post-30561","post","type-post","status-publish","format-standard","hentry","category-aktuelles-aus-der-region"],"_links":{"self":[{"href":"https:\/\/www.forum-soegel.de\/information\/wp-json\/wp\/v2\/posts\/30561","targetHints":{"allow":["GET"]}}],"collection":[{"href":"https:\/\/www.forum-soegel.de\/information\/wp-json\/wp\/v2\/posts"}],"about":[{"href":"https:\/\/www.forum-soegel.de\/information\/wp-json\/wp\/v2\/types\/post"}],"author":[{"embeddable":true,"href":"https:\/\/www.forum-soegel.de\/information\/wp-json\/wp\/v2\/users\/2"}],"replies":[{"embeddable":true,"href":"https:\/\/www.forum-soegel.de\/information\/wp-json\/wp\/v2\/comments?post=30561"}],"version-history":[{"count":1,"href":"https:\/\/www.forum-soegel.de\/information\/wp-json\/wp\/v2\/posts\/30561\/revisions"}],"predecessor-version":[{"id":30563,"href":"https:\/\/www.forum-soegel.de\/information\/wp-json\/wp\/v2\/posts\/30561\/revisions\/30563"}],"wp:attachment":[{"href":"https:\/\/www.forum-soegel.de\/information\/wp-json\/wp\/v2\/media?parent=30561"}],"wp:term":[{"taxonomy":"category","embeddable":true,"href":"https:\/\/www.forum-soegel.de\/information\/wp-json\/wp\/v2\/categories?post=30561"},{"taxonomy":"post_tag","embeddable":true,"href":"https:\/\/www.forum-soegel.de\/information\/wp-json\/wp\/v2\/tags?post=30561"}],"curies":[{"name":"wp","href":"https:\/\/api.w.org\/{rel}","templated":true}]}}