{"id":30549,"date":"2021-04-12T15:16:50","date_gmt":"2021-04-12T13:16:50","guid":{"rendered":"https:\/\/www.forum-soegel.de\/information\/?p=30549"},"modified":"2021-04-12T15:16:50","modified_gmt":"2021-04-12T13:16:50","slug":"autohaus-bartels-baut-neu-und-innovativ","status":"publish","type":"post","link":"https:\/\/www.forum-soegel.de\/information\/2021\/04\/autohaus-bartels-baut-neu-und-innovativ\/","title":{"rendered":"Autohaus Bartels baut neu und innovativ"},"content":{"rendered":"\n<p><strong>Deutschlandweit einheitliche Regelung zum Moped-F\u00fchrerschein ab 15 Jahre<\/strong><\/p>\n\n\n\n<p>S\u00f6gel &#8211; Rechtzeitig zum Jahresende konnte Carsten Bartels planm\u00e4\u00dfig mit seinem Autohaus in die neuen R\u00e4umlichkeiten am H\u00fcmmlinger Ring umziehen. Damit beendete er eine zweij\u00e4hrige Planungsphase und eine anschlie\u00dfende gut 14-monatige Bauphase. \u201eDass ich hier gl\u00fccklich und stolz im neuen Zuhause des Autohauses Bartels zuversichtlich in die Zukunft schauen darf, habe ich nicht nur den Architekten und Bauunternehmen sowie der Gemeinde S\u00f6gel zu verdanken, sondern in erster Linie meinem ambitionierten Team und meinem eifrigen Vater,\u201c zeigt sich Bartels anl\u00e4sslich eines Gespr\u00e4chs mit der Bundestagsabgeordneten Gitta Connemann (CDU) und dem CDU-Samtgemeindeb\u00fcrgermeisterkandidaten Niels Gepp dankbar.<\/p>\n\n\n\n<p>Am bisherigen Unternehmensstandort an der Sigiltrastra\u00dfe war das Autohaus mit seinen 47 Mitarbeitern nach Angaben von Bartels &#8222;aus allen N\u00e4hten&#8220; geplatzt. Und jetzt? Platz satt! Auf dem 28.000 Quadratmeter gro\u00dfen Grundst\u00fcck direkt am hoch frequentierten Kreisel im Gewerbegebiet P\u00fcttkesberge stehen bereits das 50 mal 40 Meter gro\u00dfen Autohaus, ein Geb\u00e4ude f\u00fcr Lackiererei und Karosserie, ein Lager und eine T\u00dcV-Station. In den n\u00e4chsten Monaten sollen zudem eine Tankstelle nebst \u201eHamburgermanufaktur\u201c, eine Waschstra\u00dfe sowie Schnellladestationen und Wohnmobilstellpl\u00e4tze entstehen.<\/p>\n\n\n\n<p>Connemann und Gepp waren beeindruckt von den gro\u00dfen modernen R\u00e4umlichkeiten, der neuesten Technik im Werkstattbetrieb und der 1.000 qm gro\u00dfen Verkaufsfl\u00e4che. Gepp: \u201eHier haben wir ein neues Aush\u00e4ngeschild f\u00fcr die Gemeinde S\u00f6gel bekommen.\u201c Besonderes Augenmerk fand die nach Bartels Angaben in Deutschland nur drei Mal vorhandene 360 Grad-Fotobox f\u00fcr Autos. \u201eHier ist das Fotostudio f\u00fcr unsere Verkaufswagen\u201c, zeigte Bartels eine Innovation im Verkaufswesen. \u201eWir verkaufen viele PKW direkt \u00fcber das Internet. So kommt es nicht selten vor, dass wir den Wagen schon verkauft haben, bevor er aus der Fotobox rausgefahren wurde.\u201c<\/p>\n\n\n\n<p>Eine \u201esaure Zeit\u201c sei jedoch f\u00fcr die Automobilbranche die Zeit des Lockdowns infolge der Corona-Pandemie. Er dr\u00e4ngt darauf, den Weg zu einer Normalit\u00e4t einzul\u00e4uten. Unter Einhaltung der Hygienevorschriften seien Kunden seiner Ansicht nach in den Autoh\u00e4usern relativ sicher vor m\u00f6glichen Ansteckungen, findet Bartels. \u201eWir in der Automobilbranche haben ausreichend Fl\u00e4che &#8211; sowohl drau\u00dfen als auch drinnen &#8211; um die Mindestabst\u00e4nde einzuhalten\u201c, betont er.<\/p>\n\n\n\n<p>\u201eWir brauchen eine \u00d6ffnungsperspektive\u201c, stimmte Connemann ihm zu. \u201eMittelst\u00e4ndische Betriebe wie das Autohaus Bartels sind das R\u00fcckgrat der Wirtschaft. Sie m\u00fcssen wissen, wie es weitergeht.\u201c<\/p>\n\n\n\n<p>Noch ein weiteres Thema brannte Bartels unter den N\u00e4geln: seit 2013 gibt es bundesweit die F\u00fchrerscheinklasse \u201eAM\u201c. Damit d\u00fcrfen Jugendliche Roller, dreir\u00e4drige Kleinkraftr\u00e4der sowie vierr\u00e4drige Leichtkraftfahrzeuge bis 45 km\/h fahren. Ein Leichtkraftfahrzeug \u2013 auch Microcar genannt \u2013 ist ein Gef\u00e4hrt von deutlich niedrigerem Gewicht als ein normales Auto. In den meisten Bundesl\u00e4ndern kann der F\u00fchrerschein f\u00fcr die Klasse AM bereits mit 15 Jahren erworben werden. Nur in Baden-W\u00fcrttemberg, Bremen, Hamburg und Niedersachsen gilt noch die Altersbegrenzung von 16 Jahren.&nbsp; \u201eDas Land Niedersachsen hat bisher von seiner Option im ge\u00e4nderten Stra\u00dfenverkehrsgesetz keinen Gebrauch gemacht\u201c, teilt Carsten Bartels mit, der Microcars haupts\u00e4chlich an Kunden aus den benachbarten Bundesl\u00e4ndern verkauft.<\/p>\n\n\n\n<p>Das Bundeskabinett hat im Mai 2019 eine Gesetzes\u00e4nderung beschlossen, die es den L\u00e4ndern erm\u00f6glicht, das Mindestalter von bisher 16 Jahren dauerhaft auf 15 zu senken. Connemann dazu: \u201eEine Regelung, die nur in einigen Bundesl\u00e4ndern gilt und sich an Landesgrenzen \u00e4ndert, verkompliziert das Verfahren nur zus\u00e4tzlich. Ich werde da nachhaken!\u201c<\/p>\n\n\n\n<p>\u00a0Foto\/Text: Ingrid Cloppenburg<\/p>\n\n\n\n<figure class=\"wp-block-gallery columns-2 is-cropped wp-block-gallery-1 is-layout-flex wp-block-gallery-is-layout-flex\"><ul class=\"blocks-gallery-grid\"><li class=\"blocks-gallery-item\"><figure><a href=\"https:\/\/www.forum-soegel.de\/information\/wp-content\/uploads\/2021\/04\/Autohaus-Bartels-baut-neu-2.jpg\"><img loading=\"lazy\" decoding=\"async\" width=\"1024\" height=\"768\" src=\"https:\/\/www.forum-soegel.de\/information\/wp-content\/uploads\/2021\/04\/Autohaus-Bartels-baut-neu-2.jpg\" alt=\"\" data-id=\"30550\" data-full-url=\"https:\/\/www.forum-soegel.de\/information\/wp-content\/uploads\/2021\/04\/Autohaus-Bartels-baut-neu-2.jpg\" data-link=\"https:\/\/www.forum-soegel.de\/information\/?attachment_id=30550\" class=\"wp-image-30550\" srcset=\"https:\/\/www.forum-soegel.de\/information\/wp-content\/uploads\/2021\/04\/Autohaus-Bartels-baut-neu-2.jpg 1024w, https:\/\/www.forum-soegel.de\/information\/wp-content\/uploads\/2021\/04\/Autohaus-Bartels-baut-neu-2-300x225.jpg 300w, https:\/\/www.forum-soegel.de\/information\/wp-content\/uploads\/2021\/04\/Autohaus-Bartels-baut-neu-2-768x576.jpg 768w\" sizes=\"auto, (max-width: 1024px) 100vw, 1024px\" \/><\/a><\/figure><\/li><li class=\"blocks-gallery-item\"><figure><a href=\"https:\/\/www.forum-soegel.de\/information\/wp-content\/uploads\/2021\/04\/Autohaus-Bartels-baut-neu-1.jpg\"><img loading=\"lazy\" decoding=\"async\" width=\"1024\" height=\"616\" src=\"https:\/\/www.forum-soegel.de\/information\/wp-content\/uploads\/2021\/04\/Autohaus-Bartels-baut-neu-1.jpg\" alt=\"\" data-id=\"30551\" data-full-url=\"https:\/\/www.forum-soegel.de\/information\/wp-content\/uploads\/2021\/04\/Autohaus-Bartels-baut-neu-1.jpg\" data-link=\"https:\/\/www.forum-soegel.de\/information\/?attachment_id=30551\" class=\"wp-image-30551\" srcset=\"https:\/\/www.forum-soegel.de\/information\/wp-content\/uploads\/2021\/04\/Autohaus-Bartels-baut-neu-1.jpg 1024w, https:\/\/www.forum-soegel.de\/information\/wp-content\/uploads\/2021\/04\/Autohaus-Bartels-baut-neu-1-300x180.jpg 300w, https:\/\/www.forum-soegel.de\/information\/wp-content\/uploads\/2021\/04\/Autohaus-Bartels-baut-neu-1-768x462.jpg 768w\" sizes=\"auto, (max-width: 1024px) 100vw, 1024px\" \/><\/a><\/figure><\/li><\/ul><\/figure>\n","protected":false},"excerpt":{"rendered":"Deutschlandweit einheitliche Regelung zum Moped-F\u00fchrerschein ab 15 Jahre S\u00f6gel &#8211; Rechtzeitig zum Jahresende konnte Carsten Bartels planm\u00e4\u00dfig mit seinem Autohaus in die neuen R\u00e4umlichkeiten am H\u00fcmmlinger Ring umziehen. Damit beendete er eine zweij\u00e4hrige Planungsphase und eine anschlie\u00dfende gut 14-monatige Bauphase. \u201eDass ich hier gl\u00fccklich und stolz im neuen Zuhause des Autohauses Bartels zuversichtlich in die [&hellip;]\n","protected":false},"author":2,"featured_media":0,"comment_status":"closed","ping_status":"closed","sticky":false,"template":"","format":"standard","meta":{"ngg_post_thumbnail":0,"footnotes":""},"categories":[3],"tags":[],"class_list":["post-30549","post","type-post","status-publish","format-standard","hentry","category-aktuelles-aus-der-region"],"_links":{"self":[{"href":"https:\/\/www.forum-soegel.de\/information\/wp-json\/wp\/v2\/posts\/30549","targetHints":{"allow":["GET"]}}],"collection":[{"href":"https:\/\/www.forum-soegel.de\/information\/wp-json\/wp\/v2\/posts"}],"about":[{"href":"https:\/\/www.forum-soegel.de\/information\/wp-json\/wp\/v2\/types\/post"}],"author":[{"embeddable":true,"href":"https:\/\/www.forum-soegel.de\/information\/wp-json\/wp\/v2\/users\/2"}],"replies":[{"embeddable":true,"href":"https:\/\/www.forum-soegel.de\/information\/wp-json\/wp\/v2\/comments?post=30549"}],"version-history":[{"count":1,"href":"https:\/\/www.forum-soegel.de\/information\/wp-json\/wp\/v2\/posts\/30549\/revisions"}],"predecessor-version":[{"id":30552,"href":"https:\/\/www.forum-soegel.de\/information\/wp-json\/wp\/v2\/posts\/30549\/revisions\/30552"}],"wp:attachment":[{"href":"https:\/\/www.forum-soegel.de\/information\/wp-json\/wp\/v2\/media?parent=30549"}],"wp:term":[{"taxonomy":"category","embeddable":true,"href":"https:\/\/www.forum-soegel.de\/information\/wp-json\/wp\/v2\/categories?post=30549"},{"taxonomy":"post_tag","embeddable":true,"href":"https:\/\/www.forum-soegel.de\/information\/wp-json\/wp\/v2\/tags?post=30549"}],"curies":[{"name":"wp","href":"https:\/\/api.w.org\/{rel}","templated":true}]}}