{"id":30495,"date":"2021-03-02T17:03:14","date_gmt":"2021-03-02T16:03:14","guid":{"rendered":"https:\/\/www.forum-soegel.de\/information\/?p=30495"},"modified":"2021-03-02T17:03:15","modified_gmt":"2021-03-02T16:03:15","slug":"mit-dem-touristikverein-2-saisonkarten-fuer-das-schloss-gewinnen","status":"publish","type":"post","link":"https:\/\/www.forum-soegel.de\/information\/2021\/03\/mit-dem-touristikverein-2-saisonkarten-fuer-das-schloss-gewinnen\/","title":{"rendered":"Mit dem Touristikverein 2 Saisonkarten f\u00fcr das Schloss gewinnen"},"content":{"rendered":"\n<p>S\u00f6gel &#8211; Das monatliche Gewinnspiel des Touristikvereins S\u00f6gel geht in die zweite Runde. Im Monat M\u00e4rz spendiert das Emslandmuseum Schloss Clemenswerth zwei Saisonkarten im Wert von 36 \u20ac. Die k\u00fcnftigen Besitzer haben \u00fcber das gesamte Museumsjahr freien Zutritt ins Museum, in den Klostergarten und zu den Events. F\u00fcr 2021 hat sich das Team um Museumsdirektor Oliver Fok wieder einiges vorgenommen: 100 Termine listet das Jahresprogramm, darunter das Fest der Sinne (12.\/13.06.), der Kunstmarkt ParkArt (7.\/8.08.), der Falknertag (5.09.), die Schleppjagd (24.09.) und der Adventsmarkt (4.\/5.12.). Auch das Sonderausstellungsprogramm verspricht mit \u201eDie K\u00fcnstlerkolonie Nidden auf der Kurischen Nehrung\u201c (1.04. \u2013 20.06.), Zeichnung, Radierung und Keramik von Asana Fujikawa (3.07. \u2013 22.08.) sowie eine Jubil\u00e4umsschau zum 75-j\u00e4hrigen Bestehen des Berufsverbandes Bildender K\u00fcnstler Niedersachsen (4.09. \u2013 31.10.) hochkar\u00e4tige Kunst in S\u00f6gel. \u201eOb und in welcher Form Corona das Museumsjahr beeinflussen wird, ist zum jetzigen Zeitpunkt noch nicht absehbar. \u201eZiel ist es aber, Schloss Clemenswerth mit Veranstaltungen wieder zu beleben und auch positive Signale auszusenden\u201c, so Oliver Fok. Die Teilnahme am Gewinnspiel ist denkbar einfach: Der M\u00e4rz-Coupon, der sich auf dem 13. Kalenderblatt des Touristikverein-Kalenders findet, ist abzutrennen und mit den ausgef\u00fcllten Kontaktdaten bis 10. M\u00e4rz bei der Tourist-Info am Markt abzugeben. Der Gewinner wird bis zum 15. M\u00e4rz informiert und erh\u00e4lt den Preis.<\/p>\n\n\n\n<p>Text: Ramona Krons<\/p>\n\n\n\n<p>Foto: Zentralpavillion.jpg \u00a9 Emslandmuseum Schloss Clemenswerth<\/p>\n\n\n\n<figure class=\"wp-block-gallery columns-1 is-cropped wp-block-gallery-1 is-layout-flex wp-block-gallery-is-layout-flex\"><ul class=\"blocks-gallery-grid\"><li class=\"blocks-gallery-item\"><figure><a href=\"https:\/\/www.forum-soegel.de\/information\/wp-content\/uploads\/2021\/03\/Mit-dem-Touristikverein-2-Saisonkarten-fuer-das-Schloss-gewinnen-1.jpg\"><img loading=\"lazy\" decoding=\"async\" width=\"1024\" height=\"525\" src=\"https:\/\/www.forum-soegel.de\/information\/wp-content\/uploads\/2021\/03\/Mit-dem-Touristikverein-2-Saisonkarten-fuer-das-Schloss-gewinnen-1.jpg\" alt=\"\" data-id=\"30496\" data-full-url=\"https:\/\/www.forum-soegel.de\/information\/wp-content\/uploads\/2021\/03\/Mit-dem-Touristikverein-2-Saisonkarten-fuer-das-Schloss-gewinnen-1.jpg\" data-link=\"https:\/\/www.forum-soegel.de\/information\/?attachment_id=30496\" class=\"wp-image-30496\" srcset=\"https:\/\/www.forum-soegel.de\/information\/wp-content\/uploads\/2021\/03\/Mit-dem-Touristikverein-2-Saisonkarten-fuer-das-Schloss-gewinnen-1.jpg 1024w, https:\/\/www.forum-soegel.de\/information\/wp-content\/uploads\/2021\/03\/Mit-dem-Touristikverein-2-Saisonkarten-fuer-das-Schloss-gewinnen-1-300x154.jpg 300w, https:\/\/www.forum-soegel.de\/information\/wp-content\/uploads\/2021\/03\/Mit-dem-Touristikverein-2-Saisonkarten-fuer-das-Schloss-gewinnen-1-768x394.jpg 768w\" sizes=\"auto, (max-width: 1024px) 100vw, 1024px\" \/><\/a><\/figure><\/li><\/ul><\/figure>\n","protected":false},"excerpt":{"rendered":"S\u00f6gel &#8211; Das monatliche Gewinnspiel des Touristikvereins S\u00f6gel geht in die zweite Runde. Im Monat M\u00e4rz spendiert das Emslandmuseum Schloss Clemenswerth zwei Saisonkarten im Wert von 36 \u20ac. Die k\u00fcnftigen Besitzer haben \u00fcber das gesamte Museumsjahr freien Zutritt ins Museum, in den Klostergarten und zu den Events. F\u00fcr 2021 hat sich das Team um Museumsdirektor [&hellip;]\n","protected":false},"author":2,"featured_media":0,"comment_status":"closed","ping_status":"closed","sticky":false,"template":"","format":"standard","meta":{"ngg_post_thumbnail":0,"footnotes":""},"categories":[3],"tags":[],"class_list":["post-30495","post","type-post","status-publish","format-standard","hentry","category-aktuelles-aus-der-region"],"_links":{"self":[{"href":"https:\/\/www.forum-soegel.de\/information\/wp-json\/wp\/v2\/posts\/30495","targetHints":{"allow":["GET"]}}],"collection":[{"href":"https:\/\/www.forum-soegel.de\/information\/wp-json\/wp\/v2\/posts"}],"about":[{"href":"https:\/\/www.forum-soegel.de\/information\/wp-json\/wp\/v2\/types\/post"}],"author":[{"embeddable":true,"href":"https:\/\/www.forum-soegel.de\/information\/wp-json\/wp\/v2\/users\/2"}],"replies":[{"embeddable":true,"href":"https:\/\/www.forum-soegel.de\/information\/wp-json\/wp\/v2\/comments?post=30495"}],"version-history":[{"count":1,"href":"https:\/\/www.forum-soegel.de\/information\/wp-json\/wp\/v2\/posts\/30495\/revisions"}],"predecessor-version":[{"id":30497,"href":"https:\/\/www.forum-soegel.de\/information\/wp-json\/wp\/v2\/posts\/30495\/revisions\/30497"}],"wp:attachment":[{"href":"https:\/\/www.forum-soegel.de\/information\/wp-json\/wp\/v2\/media?parent=30495"}],"wp:term":[{"taxonomy":"category","embeddable":true,"href":"https:\/\/www.forum-soegel.de\/information\/wp-json\/wp\/v2\/categories?post=30495"},{"taxonomy":"post_tag","embeddable":true,"href":"https:\/\/www.forum-soegel.de\/information\/wp-json\/wp\/v2\/tags?post=30495"}],"curies":[{"name":"wp","href":"https:\/\/api.w.org\/{rel}","templated":true}]}}