{"id":30492,"date":"2021-03-02T17:01:56","date_gmt":"2021-03-02T16:01:56","guid":{"rendered":"https:\/\/www.forum-soegel.de\/information\/?p=30492"},"modified":"2021-03-02T17:01:57","modified_gmt":"2021-03-02T16:01:57","slug":"neuerwerb-gemaelde-des-jungen-fuerstbischofs-clemens-august","status":"publish","type":"post","link":"https:\/\/www.forum-soegel.de\/information\/2021\/03\/neuerwerb-gemaelde-des-jungen-fuerstbischofs-clemens-august\/","title":{"rendered":"Neuerwerb: Gem\u00e4lde des jungen F\u00fcrstbischofs Clemens August"},"content":{"rendered":"\n<p><strong>Bereicherung f\u00fcr Sammlung des Emslandmuseums Schloss Clemenswerth<\/strong><\/p>\n\n\n\n<p>S\u00f6gel &#8211; Das Emslandmuseum Schloss Clemenswerth konnte zu Beginn des Jahres ein Gem\u00e4lde des jungen F\u00fcrstbischofs Clemens August (1700 \u2013 1761) erwerben. Es zeigt den Erbauer von Schloss Clemenswerth im Halbbildnis im Alter von ca. 23 bis 25 Jahren im Bischofsgewand. Der K\u00f6rper ist leicht nach rechts gewendet, der Kopf nach links mit Blick zum Betrachter. Mit rotem Gewand und Hermelin sowie Kreuz und Ring weist er sich als hoher W\u00fcrdentr\u00e4ger aus. Der auf der rechten Seite ge\u00f6ffnete Vorhang gibt den Blick auf Architekturelemente frei, die den hohen Stand des Abgebildeten unterstreichen. Bildnisse von Clemens August aus den 1720er Jahren gibt es nicht h\u00e4ufig. Der Maler des 107 (H) x 97 (B) cm gro\u00dfen Gem\u00e4ldes ist nicht bekannt. Doch die Komposition und Haltung des Dargestellten reiht das Gem\u00e4lde in die Gruppe jener Bilder ein, die in der Nachfolge des 1723 entstandenen Clemens-August-Portraits von Jan Frans von Douven entstanden sind. \u201eDa Clemens August Schloss Clemenswerth sehr geliebt hat und dort viel Zeit verbrachte, habe ich dem Emslandmuseum das Portrait zum Kauf angeboten\u201c, so Annette Gieling. Museumdirektor Oliver Fok sagt: \u201eMit dem Gem\u00e4lde w\u00e4chst unsere Sammlung nicht nur um ein wertvolles St\u00fcck, das uns die Person Clemens August wieder etwas n\u00e4her bringt, sondern steigert auch die Authentizit\u00e4t des historischen Ortes Schoss Clemenswerth.\u201c Clemens August lie\u00df die barocke Jagdsternanlage Schloss Clemenswerth in den Jahren 1737 bis 1747 mitten auf dem H\u00fcmmling bei S\u00f6gel errichten. Er schuf damit im Emsland nicht nur eine m\u00e4chtige architektonische Spur seines kulturellen Wirkens sondern auch ein Symbol seines Machtanspruches bis an die \u00e4u\u00dfersten Grenzen seiner Territorien. Ebenso wie Bauwerke sind auch Gem\u00e4lde wie das Portrait von Clemens August Ausdruck von Macht- und Herrschaftsanspruch. Solche Gem\u00e4lde der Landesherren hingen in den H\u00e4usern der W\u00fcrdentr\u00e4ger, so wie heute der Bundespr\u00e4sident in den Amtsstuben. Bevor das Gem\u00e4lde der \u00d6ffentlichkeit auf Schloss Clemenswerth pr\u00e4sentiert werden kann, muss es sehr aufwendig restauriert werden.<\/p>\n\n\n\n<p>Text: Ramona Krons Foto: Neuerwerbung Bild CA.jpg \u00a9 Emslandmuseum Schloss Clemenswerth<\/p>\n\n\n\n<figure class=\"wp-block-gallery columns-1 is-cropped wp-block-gallery-1 is-layout-flex wp-block-gallery-is-layout-flex\"><ul class=\"blocks-gallery-grid\"><li class=\"blocks-gallery-item\"><figure><a href=\"https:\/\/www.forum-soegel.de\/information\/wp-content\/uploads\/2021\/03\/Neuerwerbung-Bild-CA-@-Emslandmuseum-Schloss-Clemenswerth.jpg\"><img loading=\"lazy\" decoding=\"async\" width=\"1024\" height=\"734\" src=\"https:\/\/www.forum-soegel.de\/information\/wp-content\/uploads\/2021\/03\/Neuerwerbung-Bild-CA-@-Emslandmuseum-Schloss-Clemenswerth.jpg\" alt=\"\" data-id=\"30493\" data-full-url=\"https:\/\/www.forum-soegel.de\/information\/wp-content\/uploads\/2021\/03\/Neuerwerbung-Bild-CA-@-Emslandmuseum-Schloss-Clemenswerth.jpg\" data-link=\"https:\/\/www.forum-soegel.de\/information\/?attachment_id=30493\" class=\"wp-image-30493\" srcset=\"https:\/\/www.forum-soegel.de\/information\/wp-content\/uploads\/2021\/03\/Neuerwerbung-Bild-CA-@-Emslandmuseum-Schloss-Clemenswerth.jpg 1024w, https:\/\/www.forum-soegel.de\/information\/wp-content\/uploads\/2021\/03\/Neuerwerbung-Bild-CA-@-Emslandmuseum-Schloss-Clemenswerth-300x215.jpg 300w, https:\/\/www.forum-soegel.de\/information\/wp-content\/uploads\/2021\/03\/Neuerwerbung-Bild-CA-@-Emslandmuseum-Schloss-Clemenswerth-768x551.jpg 768w\" sizes=\"auto, (max-width: 1024px) 100vw, 1024px\" \/><\/a><\/figure><\/li><\/ul><\/figure>\n","protected":false},"excerpt":{"rendered":"Bereicherung f\u00fcr Sammlung des Emslandmuseums Schloss Clemenswerth S\u00f6gel &#8211; Das Emslandmuseum Schloss Clemenswerth konnte zu Beginn des Jahres ein Gem\u00e4lde des jungen F\u00fcrstbischofs Clemens August (1700 \u2013 1761) erwerben. Es zeigt den Erbauer von Schloss Clemenswerth im Halbbildnis im Alter von ca. 23 bis 25 Jahren im Bischofsgewand. Der K\u00f6rper ist leicht nach rechts gewendet, [&hellip;]\n","protected":false},"author":2,"featured_media":0,"comment_status":"closed","ping_status":"closed","sticky":false,"template":"","format":"standard","meta":{"ngg_post_thumbnail":0,"footnotes":""},"categories":[3],"tags":[],"class_list":["post-30492","post","type-post","status-publish","format-standard","hentry","category-aktuelles-aus-der-region"],"_links":{"self":[{"href":"https:\/\/www.forum-soegel.de\/information\/wp-json\/wp\/v2\/posts\/30492","targetHints":{"allow":["GET"]}}],"collection":[{"href":"https:\/\/www.forum-soegel.de\/information\/wp-json\/wp\/v2\/posts"}],"about":[{"href":"https:\/\/www.forum-soegel.de\/information\/wp-json\/wp\/v2\/types\/post"}],"author":[{"embeddable":true,"href":"https:\/\/www.forum-soegel.de\/information\/wp-json\/wp\/v2\/users\/2"}],"replies":[{"embeddable":true,"href":"https:\/\/www.forum-soegel.de\/information\/wp-json\/wp\/v2\/comments?post=30492"}],"version-history":[{"count":1,"href":"https:\/\/www.forum-soegel.de\/information\/wp-json\/wp\/v2\/posts\/30492\/revisions"}],"predecessor-version":[{"id":30494,"href":"https:\/\/www.forum-soegel.de\/information\/wp-json\/wp\/v2\/posts\/30492\/revisions\/30494"}],"wp:attachment":[{"href":"https:\/\/www.forum-soegel.de\/information\/wp-json\/wp\/v2\/media?parent=30492"}],"wp:term":[{"taxonomy":"category","embeddable":true,"href":"https:\/\/www.forum-soegel.de\/information\/wp-json\/wp\/v2\/categories?post=30492"},{"taxonomy":"post_tag","embeddable":true,"href":"https:\/\/www.forum-soegel.de\/information\/wp-json\/wp\/v2\/tags?post=30492"}],"curies":[{"name":"wp","href":"https:\/\/api.w.org\/{rel}","templated":true}]}}