{"id":30462,"date":"2021-03-02T16:27:21","date_gmt":"2021-03-02T15:27:21","guid":{"rendered":"https:\/\/www.forum-soegel.de\/information\/?p=30462"},"modified":"2021-03-02T16:27:22","modified_gmt":"2021-03-02T15:27:22","slug":"schuetzenverein-hueven-e-v-chronik-zum-150-jaehrigen-bestehen-erschienen","status":"publish","type":"post","link":"https:\/\/www.forum-soegel.de\/information\/2021\/03\/schuetzenverein-hueven-e-v-chronik-zum-150-jaehrigen-bestehen-erschienen\/","title":{"rendered":"Sch\u00fctzenverein H\u00fcven e.V. &#8211; Chronik zum 150-j\u00e4hrigen Bestehen erschienen"},"content":{"rendered":"\n<p>H\u00fcven &#8211; Im Juli 2019 feierte der Sch\u00fctzenverein H\u00fcven e.V. von 1869 sein 150-j\u00e4hriges Bestehen mit einem gro\u00dfen Jubil\u00e4umssch\u00fctzenfest. Im Zuge der Vorbereitung auf diese Veranstaltung wurde beschlossen, eine Chronik zu erstellen, da bis dahin nie eine angefertigt wurde.<\/p>\n\n\n\n<p>Nach monatelanger Recherche und etlichen Treffen der Chronisten war vom Sch\u00fctzenverein geplant, die Chronik zur Generalversammlung im M\u00e4rz 2020 vorzustellen. Durch den Beginn der Corona-Pandemie fielen jedoch sowohl die Generalversammlung als auch alle weiteren Veranstaltungen im Jahr aus. Die Chronisten konnte sich aufgrund der geltenden Bestimmungen nicht mehr wie gewohnt treffen und die Fertigstellung verz\u00f6gerte sich bis Anfang Dezember.<\/p>\n\n\n\n<p>Seit dem 05.12.2020 kann die Chronik zum Preis von 15 \u20ac erworben werden.<\/p>\n\n\n\n<p>Interessenten wenden sich bitte an<\/p>\n\n\n\n<p>G\u00fcnther Schumacher,<\/p>\n\n\n\n<p>Rosenstra\u00dfe 20, 49751 H\u00fcven<\/p>\n\n\n\n<p>Tel.: 05952\/1492 Mobil: 0162\/2372718<\/p>\n\n\n\n<p>oder per E-Mail an: schuetzenverein.hueven@gmail.com,<\/p>\n\n\n\n<p>um weitere Informationen zu Zahlung und Verkaufsablauf zu erhalten.<\/p>\n\n\n\n<p>Der Vorstand bedankt sich recht herzlich bei allen Beteiligten, sowohl bei den Chronisten als auch bei allen B\u00fcrgerinnen und B\u00fcrgern, die Informationen und Bildmaterial zur Verf\u00fcgung gestellt und so \u00fcberhaupt erst eine Chronik erm\u00f6glicht haben.<\/p>\n\n\n\n<p>Text\/Foto: Sch\u00fctzenverein H\u00fcven<\/p>\n\n\n\n<figure class=\"wp-block-gallery columns-2 is-cropped wp-block-gallery-1 is-layout-flex wp-block-gallery-is-layout-flex\"><ul class=\"blocks-gallery-grid\"><li class=\"blocks-gallery-item\"><figure><a href=\"https:\/\/www.forum-soegel.de\/information\/wp-content\/uploads\/2021\/03\/Schuetzenverein-Hueven-e.V.-Chronik-zum-150-jaehrigen-Bestehen-erschienen-3.jpg\"><img loading=\"lazy\" decoding=\"async\" width=\"981\" height=\"768\" src=\"https:\/\/www.forum-soegel.de\/information\/wp-content\/uploads\/2021\/03\/Schuetzenverein-Hueven-e.V.-Chronik-zum-150-jaehrigen-Bestehen-erschienen-3.jpg\" alt=\"\" data-id=\"30463\" data-full-url=\"https:\/\/www.forum-soegel.de\/information\/wp-content\/uploads\/2021\/03\/Schuetzenverein-Hueven-e.V.-Chronik-zum-150-jaehrigen-Bestehen-erschienen-3.jpg\" data-link=\"https:\/\/www.forum-soegel.de\/information\/?attachment_id=30463\" class=\"wp-image-30463\" srcset=\"https:\/\/www.forum-soegel.de\/information\/wp-content\/uploads\/2021\/03\/Schuetzenverein-Hueven-e.V.-Chronik-zum-150-jaehrigen-Bestehen-erschienen-3.jpg 981w, https:\/\/www.forum-soegel.de\/information\/wp-content\/uploads\/2021\/03\/Schuetzenverein-Hueven-e.V.-Chronik-zum-150-jaehrigen-Bestehen-erschienen-3-300x235.jpg 300w, https:\/\/www.forum-soegel.de\/information\/wp-content\/uploads\/2021\/03\/Schuetzenverein-Hueven-e.V.-Chronik-zum-150-jaehrigen-Bestehen-erschienen-3-768x601.jpg 768w\" sizes=\"auto, (max-width: 981px) 100vw, 981px\" \/><\/a><\/figure><\/li><li class=\"blocks-gallery-item\"><figure><a href=\"https:\/\/www.forum-soegel.de\/information\/wp-content\/uploads\/2021\/03\/Schuetzenverein-Hueven-e.V.-Chronik-zum-150-jaehrigen-Bestehen-erschienen-1.jpg\"><img loading=\"lazy\" decoding=\"async\" width=\"946\" height=\"768\" src=\"https:\/\/www.forum-soegel.de\/information\/wp-content\/uploads\/2021\/03\/Schuetzenverein-Hueven-e.V.-Chronik-zum-150-jaehrigen-Bestehen-erschienen-1.jpg\" alt=\"\" data-id=\"30464\" data-full-url=\"https:\/\/www.forum-soegel.de\/information\/wp-content\/uploads\/2021\/03\/Schuetzenverein-Hueven-e.V.-Chronik-zum-150-jaehrigen-Bestehen-erschienen-1.jpg\" data-link=\"https:\/\/www.forum-soegel.de\/information\/?attachment_id=30464\" class=\"wp-image-30464\" srcset=\"https:\/\/www.forum-soegel.de\/information\/wp-content\/uploads\/2021\/03\/Schuetzenverein-Hueven-e.V.-Chronik-zum-150-jaehrigen-Bestehen-erschienen-1.jpg 946w, https:\/\/www.forum-soegel.de\/information\/wp-content\/uploads\/2021\/03\/Schuetzenverein-Hueven-e.V.-Chronik-zum-150-jaehrigen-Bestehen-erschienen-1-300x244.jpg 300w, https:\/\/www.forum-soegel.de\/information\/wp-content\/uploads\/2021\/03\/Schuetzenverein-Hueven-e.V.-Chronik-zum-150-jaehrigen-Bestehen-erschienen-1-768x623.jpg 768w\" sizes=\"auto, (max-width: 946px) 100vw, 946px\" \/><\/a><\/figure><\/li><li class=\"blocks-gallery-item\"><figure><a href=\"https:\/\/www.forum-soegel.de\/information\/wp-content\/uploads\/2021\/03\/Schuetzenverein-Hueven-e.V.-Chronik-zum-150-jaehrigen-Bestehen-erschienen-2.jpg\"><img loading=\"lazy\" decoding=\"async\" width=\"542\" height=\"768\" src=\"https:\/\/www.forum-soegel.de\/information\/wp-content\/uploads\/2021\/03\/Schuetzenverein-Hueven-e.V.-Chronik-zum-150-jaehrigen-Bestehen-erschienen-2.jpg\" alt=\"\" data-id=\"30465\" data-full-url=\"https:\/\/www.forum-soegel.de\/information\/wp-content\/uploads\/2021\/03\/Schuetzenverein-Hueven-e.V.-Chronik-zum-150-jaehrigen-Bestehen-erschienen-2.jpg\" data-link=\"https:\/\/www.forum-soegel.de\/information\/?attachment_id=30465\" class=\"wp-image-30465\" srcset=\"https:\/\/www.forum-soegel.de\/information\/wp-content\/uploads\/2021\/03\/Schuetzenverein-Hueven-e.V.-Chronik-zum-150-jaehrigen-Bestehen-erschienen-2.jpg 542w, https:\/\/www.forum-soegel.de\/information\/wp-content\/uploads\/2021\/03\/Schuetzenverein-Hueven-e.V.-Chronik-zum-150-jaehrigen-Bestehen-erschienen-2-212x300.jpg 212w\" sizes=\"auto, (max-width: 542px) 100vw, 542px\" \/><\/a><\/figure><\/li><\/ul><\/figure>\n","protected":false},"excerpt":{"rendered":"H\u00fcven &#8211; Im Juli 2019 feierte der Sch\u00fctzenverein H\u00fcven e.V. von 1869 sein 150-j\u00e4hriges Bestehen mit einem gro\u00dfen Jubil\u00e4umssch\u00fctzenfest. Im Zuge der Vorbereitung auf diese Veranstaltung wurde beschlossen, eine Chronik zu erstellen, da bis dahin nie eine angefertigt wurde. Nach monatelanger Recherche und etlichen Treffen der Chronisten war vom Sch\u00fctzenverein geplant, die Chronik zur Generalversammlung [&hellip;]\n","protected":false},"author":2,"featured_media":0,"comment_status":"closed","ping_status":"closed","sticky":false,"template":"","format":"standard","meta":{"ngg_post_thumbnail":0,"footnotes":""},"categories":[5],"tags":[],"class_list":["post-30462","post","type-post","status-publish","format-standard","hentry","category-was-machen-die-vereine"],"_links":{"self":[{"href":"https:\/\/www.forum-soegel.de\/information\/wp-json\/wp\/v2\/posts\/30462","targetHints":{"allow":["GET"]}}],"collection":[{"href":"https:\/\/www.forum-soegel.de\/information\/wp-json\/wp\/v2\/posts"}],"about":[{"href":"https:\/\/www.forum-soegel.de\/information\/wp-json\/wp\/v2\/types\/post"}],"author":[{"embeddable":true,"href":"https:\/\/www.forum-soegel.de\/information\/wp-json\/wp\/v2\/users\/2"}],"replies":[{"embeddable":true,"href":"https:\/\/www.forum-soegel.de\/information\/wp-json\/wp\/v2\/comments?post=30462"}],"version-history":[{"count":1,"href":"https:\/\/www.forum-soegel.de\/information\/wp-json\/wp\/v2\/posts\/30462\/revisions"}],"predecessor-version":[{"id":30466,"href":"https:\/\/www.forum-soegel.de\/information\/wp-json\/wp\/v2\/posts\/30462\/revisions\/30466"}],"wp:attachment":[{"href":"https:\/\/www.forum-soegel.de\/information\/wp-json\/wp\/v2\/media?parent=30462"}],"wp:term":[{"taxonomy":"category","embeddable":true,"href":"https:\/\/www.forum-soegel.de\/information\/wp-json\/wp\/v2\/categories?post=30462"},{"taxonomy":"post_tag","embeddable":true,"href":"https:\/\/www.forum-soegel.de\/information\/wp-json\/wp\/v2\/tags?post=30462"}],"curies":[{"name":"wp","href":"https:\/\/api.w.org\/{rel}","templated":true}]}}