{"id":30456,"date":"2021-03-02T16:24:39","date_gmt":"2021-03-02T15:24:39","guid":{"rendered":"https:\/\/www.forum-soegel.de\/information\/?p=30456"},"modified":"2021-03-02T16:24:40","modified_gmt":"2021-03-02T15:24:40","slug":"bei-den-soegeler-landfrauen-stehen-in-diesem-jahr-neuwahlen-an","status":"publish","type":"post","link":"https:\/\/www.forum-soegel.de\/information\/2021\/03\/bei-den-soegeler-landfrauen-stehen-in-diesem-jahr-neuwahlen-an\/","title":{"rendered":"Bei den S\u00f6geler Landfrauen stehen in diesem Jahr Neuwahlen an"},"content":{"rendered":"\n<p><strong>Den Kontakt aufrechterhalten<\/strong><\/p>\n\n\n\n<p>S\u00f6gel &#8211; Wie bei allen Vereinen mussten auch bei den S\u00f6geler Landfrauen aufgrund der Corona-Krise viele geplante Veranstaltungen aus dem Programm gestrichen werden. Dem T\u00e4tigkeitsbericht der Schriftf\u00fchrerin Uschi Giesen zufolge konnte neben der Generalversammlung im Dezember 2019 noch eine Fahrt mit 15 Landfrauen zum Nikolausmarkt ins Museumsdorf Cloppenburg stattfinden. Auch ein Fr\u00fchst\u00fcck mit Gitta Connemann und 42 interessierten Landfrauen hatte es Anfang Februar 2020 im Clemenswerther Hof in S\u00f6gel noch&nbsp; gegeben. Anfang M\u00e4rz hatte der Chiropraktiker Helmut Schulte vor 24 Landfrauen im Jakobushaus in S\u00f6gel einen Vortrag \u00fcber \u201eChiropraktik f\u00fcr die ganze Familie\u201c gehalten. \u201eUnd dann kamen die Corona-Einschr\u00e4nkungen, so dass unter anderem die 2t\u00e4gige Fahrt mit den Werlter Landfrauen ausfallen musste\u201c, teilt Uschi Giesen mit. Dem Vorstandsteam um Hanni Sievers, Hedwig Jansen, Uschi Giesen und Angelika Connemann war es aber ein Bed\u00fcrfnis, mit den Mitgliedern in Kontakt zu bleiben. So n\u00e4hten sie f\u00fcr jede Landfrau einen Mund-Nasen-Schutz, der von den zust\u00e4ndigen Vertrauensfrauen im Mai mit einem netten Info-Brief pers\u00f6nlich \u00fcberreicht wurde. \u201eDie aktuelle Zeit mit dem Corona-Virus bringt f\u00fcr alle Vereine viele Ver\u00e4nderungen und neue Herausforderungen mit sich. Da wir auch die Generalversammlung im Dezember 2020 absagen mussten, haben wir den Mitgliedern einen Weihnachtsbrief mit einem kleinen Pr\u00e4sent zugeschickt. Insbesondere die \u00e4lteren Landfrauen empfinden die Zeit als befremdlich und freuen sich \u00fcber jede Mitteilung vom Verein\u201c, teilt Vorsitzende Hanni Sievers mit. Um den Vereinsvorschriften gerecht zu werden, bekam jedes Mitglied die M\u00f6glichkeit, den Kassenbericht der Kassenwartin Hedwig Jansen einzusehen. Im Rahmen der Generalversammlungen finden traditionell die Ehrungen f\u00fcr langj\u00e4hrige Mitglieder statt, was Corona-bedingt leider nicht m\u00f6glich war. So haben die zust\u00e4ndigen Vertrauensfrauen die Ehrungen \u00fcbernommen und unter Einhaltung der Hygienevorschriften den Geehrten ein Pr\u00e4sent zukommen lassen. Geehrt wurden&nbsp; f\u00fcr 40 Jahre im Verein: Renate Bahlmann (S\u00f6gel), Hannchen Kuper (Werpeloh) und Marlies Rickermann (H\u00fcven).<\/p>\n\n\n\n<p>F\u00fcr 45 Jahre im Verein: Tina Schulte (Werpeloh), Hanni Breer (Werpeloh) und Margret Lammers (Werpeloh).<\/p>\n\n\n\n<p>F\u00fcr 50 Jahre im Verein: Agnes Kuper (Werpeloh).<\/p>\n\n\n\n<p>F\u00fcr 55 Jahre im Verein: Adele Hensen (S\u00f6gel), Maria Wind (S\u00f6gel), Anneliese Konken (H\u00fcven), Margret D\u00f6rtelmann (H\u00fcven) und Maria Ull (H\u00fcven).<\/p>\n\n\n\n<p>Vorsitzende Hanni Sievers macht darauf aufmerksam, dass in diesem Jahr turnusgem\u00e4\u00df Neuwahlen anstehen und der komplette Vorstand aus Altersgr\u00fcnden f\u00fcr eine Wiederwahl nicht mehr zur Verf\u00fcgung steht. Sie bittet die Mitglieder, sich Gedanken \u00fcber einen Generationswechsel im Vorstand zu machen. \u201eAuch f\u00fcr dieses Jahr gibt es noch kein Programm, da es sich schwer absch\u00e4tzen l\u00e4sst, wie sich die Pandemie weiterentwickelt und wann wieder Veranstaltungen stattfinden d\u00fcrfen\u201c, so Sievers.<\/p>\n\n\n\n<p>Foto\/Text: Gisela Arling<\/p>\n\n\n\n<figure class=\"wp-block-gallery columns-1 is-cropped wp-block-gallery-1 is-layout-flex wp-block-gallery-is-layout-flex\"><ul class=\"blocks-gallery-grid\"><li class=\"blocks-gallery-item\"><figure><a href=\"https:\/\/www.forum-soegel.de\/information\/wp-content\/uploads\/2021\/03\/Bei-den-Soegeler-Landfrauen-stehen-in-diesem-Jahr-Neuwahlen-an-1.jpg\"><img loading=\"lazy\" decoding=\"async\" width=\"1024\" height=\"768\" src=\"https:\/\/www.forum-soegel.de\/information\/wp-content\/uploads\/2021\/03\/Bei-den-Soegeler-Landfrauen-stehen-in-diesem-Jahr-Neuwahlen-an-1.jpg\" alt=\"\" data-id=\"30457\" data-full-url=\"https:\/\/www.forum-soegel.de\/information\/wp-content\/uploads\/2021\/03\/Bei-den-Soegeler-Landfrauen-stehen-in-diesem-Jahr-Neuwahlen-an-1.jpg\" data-link=\"https:\/\/www.forum-soegel.de\/information\/?attachment_id=30457\" class=\"wp-image-30457\" srcset=\"https:\/\/www.forum-soegel.de\/information\/wp-content\/uploads\/2021\/03\/Bei-den-Soegeler-Landfrauen-stehen-in-diesem-Jahr-Neuwahlen-an-1.jpg 1024w, https:\/\/www.forum-soegel.de\/information\/wp-content\/uploads\/2021\/03\/Bei-den-Soegeler-Landfrauen-stehen-in-diesem-Jahr-Neuwahlen-an-1-300x225.jpg 300w, https:\/\/www.forum-soegel.de\/information\/wp-content\/uploads\/2021\/03\/Bei-den-Soegeler-Landfrauen-stehen-in-diesem-Jahr-Neuwahlen-an-1-768x576.jpg 768w\" sizes=\"auto, (max-width: 1024px) 100vw, 1024px\" \/><\/a><\/figure><\/li><\/ul><\/figure>\n","protected":false},"excerpt":{"rendered":"Den Kontakt aufrechterhalten S\u00f6gel &#8211; Wie bei allen Vereinen mussten auch bei den S\u00f6geler Landfrauen aufgrund der Corona-Krise viele geplante Veranstaltungen aus dem Programm gestrichen werden. Dem T\u00e4tigkeitsbericht der Schriftf\u00fchrerin Uschi Giesen zufolge konnte neben der Generalversammlung im Dezember 2019 noch eine Fahrt mit 15 Landfrauen zum Nikolausmarkt ins Museumsdorf Cloppenburg stattfinden. Auch ein Fr\u00fchst\u00fcck [&hellip;]\n","protected":false},"author":2,"featured_media":0,"comment_status":"closed","ping_status":"closed","sticky":false,"template":"","format":"standard","meta":{"ngg_post_thumbnail":0,"footnotes":""},"categories":[5],"tags":[],"class_list":["post-30456","post","type-post","status-publish","format-standard","hentry","category-was-machen-die-vereine"],"_links":{"self":[{"href":"https:\/\/www.forum-soegel.de\/information\/wp-json\/wp\/v2\/posts\/30456","targetHints":{"allow":["GET"]}}],"collection":[{"href":"https:\/\/www.forum-soegel.de\/information\/wp-json\/wp\/v2\/posts"}],"about":[{"href":"https:\/\/www.forum-soegel.de\/information\/wp-json\/wp\/v2\/types\/post"}],"author":[{"embeddable":true,"href":"https:\/\/www.forum-soegel.de\/information\/wp-json\/wp\/v2\/users\/2"}],"replies":[{"embeddable":true,"href":"https:\/\/www.forum-soegel.de\/information\/wp-json\/wp\/v2\/comments?post=30456"}],"version-history":[{"count":1,"href":"https:\/\/www.forum-soegel.de\/information\/wp-json\/wp\/v2\/posts\/30456\/revisions"}],"predecessor-version":[{"id":30458,"href":"https:\/\/www.forum-soegel.de\/information\/wp-json\/wp\/v2\/posts\/30456\/revisions\/30458"}],"wp:attachment":[{"href":"https:\/\/www.forum-soegel.de\/information\/wp-json\/wp\/v2\/media?parent=30456"}],"wp:term":[{"taxonomy":"category","embeddable":true,"href":"https:\/\/www.forum-soegel.de\/information\/wp-json\/wp\/v2\/categories?post=30456"},{"taxonomy":"post_tag","embeddable":true,"href":"https:\/\/www.forum-soegel.de\/information\/wp-json\/wp\/v2\/tags?post=30456"}],"curies":[{"name":"wp","href":"https:\/\/api.w.org\/{rel}","templated":true}]}}