{"id":30453,"date":"2021-03-02T16:22:56","date_gmt":"2021-03-02T15:22:56","guid":{"rendered":"https:\/\/www.forum-soegel.de\/information\/?p=30453"},"modified":"2021-03-02T16:22:57","modified_gmt":"2021-03-02T15:22:57","slug":"stabwechsel-bei-der-vgh-versicherung-in-soegel","status":"publish","type":"post","link":"https:\/\/www.forum-soegel.de\/information\/2021\/03\/stabwechsel-bei-der-vgh-versicherung-in-soegel\/","title":{"rendered":"Stabwechsel bei der VGH-Versicherung in S\u00f6gel"},"content":{"rendered":"\n<p>S\u00f6gel &#8211; Nach jahrzehntelanger T\u00e4tigkeit hat nun Michael Wigbers die Leitung des VGH-Versicherungsb\u00fcros in S\u00f6gel in die H\u00e4nde von Stefan Adam und Simon Schuckenbrock, beide ausgebildete Bankkauf-&nbsp; und Versicherungsfachm\u00e4nner, weitergegeben. Dazu Wilfried Meyer, Vertriebsleiter der VGH Lingen: \u201eDurch ihre langj\u00e4hrige Erfahrung und hohe fachliche Kompetenz garantieren beide ihren Kunden eine verl\u00e4ssliche Betreuung und Zusammenarbeit in den Bereichen Versicherung, Verm\u00f6gensbildung und Altersvorsorge. Die VGH ist ein starker Partner mit gro\u00dfem Regionalbezug in Niedersachsen. F\u00fcr die guten Leistungen und den zuverl\u00e4ssigen Service wurde die VGH schon \u00f6fter ausgezeichnet.\u201c Auch Adam und Schuckenbrock zeigen sich sehr motiviert: \u201eDie hohen Anspr\u00fcche m\u00f6chten wir jeden Tag aufs Neue erf\u00fcllen und f\u00fchlen uns dem Vertrauen unserer Kunden in jeder Hinsicht verpflichtet. Die Beratung erfolgt bei uns stets individuell, fair und kompetent. Die Schadenregulierung erfolgt schnell und unkompliziert.\u201c Stellvertretender B\u00fcrgermeister Johannes V\u00f6lker und Gemeindedirektor G\u00fcnter Wigbers gratulierten zur Gesch\u00e4fts\u00fcbergabe und w\u00fcnschten der neuen Teamleitung einen guten Gesch\u00e4ftserfolg. Es gratulierte zudem der VGH-Regionaldirektor Ralf Wagemann.<\/p>\n\n\n\n<p>(v.l.: Wilfried Meyer, Ralf Wagemann, Simon Schuckenbrock, Stefan Adam, G\u00fcnter Wigbers und Johannes V\u00f6lker)<\/p>\n\n\n\n<p>Text: Ingrid Cloppenburg<\/p>\n\n\n\n<p>Foto: Gemeinde S\u00f6gel<\/p>\n\n\n\n<figure class=\"wp-block-gallery columns-1 is-cropped wp-block-gallery-1 is-layout-flex wp-block-gallery-is-layout-flex\"><ul class=\"blocks-gallery-grid\"><li class=\"blocks-gallery-item\"><figure><a href=\"https:\/\/www.forum-soegel.de\/information\/wp-content\/uploads\/2021\/03\/Stabwechsel-bei-der-VGH-Versicherung-in-Soegel-1.jpg\"><img loading=\"lazy\" decoding=\"async\" width=\"1024\" height=\"768\" src=\"https:\/\/www.forum-soegel.de\/information\/wp-content\/uploads\/2021\/03\/Stabwechsel-bei-der-VGH-Versicherung-in-Soegel-1.jpg\" alt=\"\" data-id=\"30454\" data-full-url=\"https:\/\/www.forum-soegel.de\/information\/wp-content\/uploads\/2021\/03\/Stabwechsel-bei-der-VGH-Versicherung-in-Soegel-1.jpg\" data-link=\"https:\/\/www.forum-soegel.de\/information\/?attachment_id=30454\" class=\"wp-image-30454\" srcset=\"https:\/\/www.forum-soegel.de\/information\/wp-content\/uploads\/2021\/03\/Stabwechsel-bei-der-VGH-Versicherung-in-Soegel-1.jpg 1024w, https:\/\/www.forum-soegel.de\/information\/wp-content\/uploads\/2021\/03\/Stabwechsel-bei-der-VGH-Versicherung-in-Soegel-1-300x225.jpg 300w, https:\/\/www.forum-soegel.de\/information\/wp-content\/uploads\/2021\/03\/Stabwechsel-bei-der-VGH-Versicherung-in-Soegel-1-768x576.jpg 768w\" sizes=\"auto, (max-width: 1024px) 100vw, 1024px\" \/><\/a><\/figure><\/li><\/ul><\/figure>\n","protected":false},"excerpt":{"rendered":"S\u00f6gel &#8211; Nach jahrzehntelanger T\u00e4tigkeit hat nun Michael Wigbers die Leitung des VGH-Versicherungsb\u00fcros in S\u00f6gel in die H\u00e4nde von Stefan Adam und Simon Schuckenbrock, beide ausgebildete Bankkauf-&nbsp; und Versicherungsfachm\u00e4nner, weitergegeben. Dazu Wilfried Meyer, Vertriebsleiter der VGH Lingen: \u201eDurch ihre langj\u00e4hrige Erfahrung und hohe fachliche Kompetenz garantieren beide ihren Kunden eine verl\u00e4ssliche Betreuung und Zusammenarbeit in [&hellip;]\n","protected":false},"author":2,"featured_media":0,"comment_status":"closed","ping_status":"closed","sticky":false,"template":"","format":"standard","meta":{"ngg_post_thumbnail":0,"footnotes":""},"categories":[4],"tags":[],"class_list":["post-30453","post","type-post","status-publish","format-standard","hentry","category-aus-der-geschaftswelt"],"_links":{"self":[{"href":"https:\/\/www.forum-soegel.de\/information\/wp-json\/wp\/v2\/posts\/30453","targetHints":{"allow":["GET"]}}],"collection":[{"href":"https:\/\/www.forum-soegel.de\/information\/wp-json\/wp\/v2\/posts"}],"about":[{"href":"https:\/\/www.forum-soegel.de\/information\/wp-json\/wp\/v2\/types\/post"}],"author":[{"embeddable":true,"href":"https:\/\/www.forum-soegel.de\/information\/wp-json\/wp\/v2\/users\/2"}],"replies":[{"embeddable":true,"href":"https:\/\/www.forum-soegel.de\/information\/wp-json\/wp\/v2\/comments?post=30453"}],"version-history":[{"count":1,"href":"https:\/\/www.forum-soegel.de\/information\/wp-json\/wp\/v2\/posts\/30453\/revisions"}],"predecessor-version":[{"id":30455,"href":"https:\/\/www.forum-soegel.de\/information\/wp-json\/wp\/v2\/posts\/30453\/revisions\/30455"}],"wp:attachment":[{"href":"https:\/\/www.forum-soegel.de\/information\/wp-json\/wp\/v2\/media?parent=30453"}],"wp:term":[{"taxonomy":"category","embeddable":true,"href":"https:\/\/www.forum-soegel.de\/information\/wp-json\/wp\/v2\/categories?post=30453"},{"taxonomy":"post_tag","embeddable":true,"href":"https:\/\/www.forum-soegel.de\/information\/wp-json\/wp\/v2\/tags?post=30453"}],"curies":[{"name":"wp","href":"https:\/\/api.w.org\/{rel}","templated":true}]}}