{"id":30447,"date":"2021-03-02T16:20:56","date_gmt":"2021-03-02T15:20:56","guid":{"rendered":"https:\/\/www.forum-soegel.de\/information\/?p=30447"},"modified":"2021-03-02T17:26:28","modified_gmt":"2021-03-02T16:26:28","slug":"mein-soegel-hand-in-hand","status":"publish","type":"post","link":"https:\/\/www.forum-soegel.de\/information\/2021\/03\/mein-soegel-hand-in-hand\/","title":{"rendered":"Mein S\u00f6gel &#8211; Hand in Hand"},"content":{"rendered":"\n<p><strong>Marketingaktion des Wirtschaftsverband S\u00f6gel e.V.<\/strong><\/p>\n\n\n\n<div class=\"wp-block-image\"><figure class=\"alignleft size-large is-resized\"><a href=\"https:\/\/www.forum-soegel.de\/information\/wp-content\/uploads\/2021\/03\/Mein-Soegel.png\"><img loading=\"lazy\" decoding=\"async\" src=\"https:\/\/www.forum-soegel.de\/information\/wp-content\/uploads\/2021\/03\/Mein-Soegel.png\" alt=\"\" class=\"wp-image-30507\" width=\"261\" height=\"125\"\/><\/a><\/figure><\/div>\n\n\n\n<p>S\u00f6gel &#8211; Auch wenn es im Augenblick f\u00fcr die Unternehmen noch in weiter Ferne erscheint, so schauen die S\u00f6geler Kaufleute zuversichtlich in den Fr\u00fchling. \u201eWir m\u00f6chten unsere Kunden animieren wieder oder bestenfalls weiter vor Ort einzukaufen, auch wenn es derzeit etwas umst\u00e4ndlich erscheinen mag.\u201c, so die Vorsitzende vom Wirtschaftsverband S\u00f6gel Anja Deeken-Rickermann.<br>Aus diesem Grund sind auf der folgenden Doppelseite Gutscheine aus unterschiedlichen Branchen platziert, die der Kunde ausschneiden und bei den teilnehmenden Unternehmen einl\u00f6sen kann &#8211; entweder wo m\u00f6glich in den Gesch\u00e4ften, \u00fcber call&amp;collect, online oder als Bonbon f\u00fcr den ersten verkaufsoffenen Sonntag in diesem Jahr.<br><br>Ursprung fand die Gutschein-Idee in der letzten Online-Konferenz der Projektgruppe Marketing des S\u00f6geler Wirtschaftsverbandes. Lange wurde \u00fcber attraktive und sichere Konzepte f\u00fcr den Einzelhandel gesprochen, um bew\u00e4hrte Veranstaltungen in Zukunft mit neuen Ideen durchf\u00fchren zu k\u00f6nnen.<br>Bis dahin gilt es aber die Kundenbindung an den \u00f6rtlichen Einzelhandel zu forcieren, das ist in diesen Zeiten wichtiger denn je. Die Projektgruppe ist sich sicher, dass die Gutschein-Vielfalt die Kunden und Unternehmen positiv ins Fr\u00fchjahr starten l\u00e4sst.<br><br>Text\/Foto: Projektgruppe Marketing des S\u00f6geler WV<\/p>\n\n\n\n<figure class=\"wp-block-gallery columns-1 is-cropped wp-block-gallery-1 is-layout-flex wp-block-gallery-is-layout-flex\"><ul class=\"blocks-gallery-grid\"><li class=\"blocks-gallery-item\"><figure><a href=\"https:\/\/www.forum-soegel.de\/information\/wp-content\/uploads\/2021\/03\/Mein-Soegel.jpg\"><img loading=\"lazy\" decoding=\"async\" width=\"1024\" height=\"576\" src=\"https:\/\/www.forum-soegel.de\/information\/wp-content\/uploads\/2021\/03\/Mein-Soegel.jpg\" alt=\"\" data-id=\"30448\" data-full-url=\"https:\/\/www.forum-soegel.de\/information\/wp-content\/uploads\/2021\/03\/Mein-Soegel.jpg\" data-link=\"https:\/\/www.forum-soegel.de\/information\/?attachment_id=30448\" class=\"wp-image-30448\" srcset=\"https:\/\/www.forum-soegel.de\/information\/wp-content\/uploads\/2021\/03\/Mein-Soegel.jpg 1024w, https:\/\/www.forum-soegel.de\/information\/wp-content\/uploads\/2021\/03\/Mein-Soegel-300x169.jpg 300w, https:\/\/www.forum-soegel.de\/information\/wp-content\/uploads\/2021\/03\/Mein-Soegel-768x432.jpg 768w\" sizes=\"auto, (max-width: 1024px) 100vw, 1024px\" \/><\/a><\/figure><\/li><\/ul><\/figure>\n\n\n\n<p><br><br><\/p>\n","protected":false},"excerpt":{"rendered":"Marketingaktion des Wirtschaftsverband S\u00f6gel e.V. S\u00f6gel &#8211; Auch wenn es im Augenblick f\u00fcr die Unternehmen noch in weiter Ferne erscheint, so schauen die S\u00f6geler Kaufleute zuversichtlich in den Fr\u00fchling. \u201eWir m\u00f6chten unsere Kunden animieren wieder oder bestenfalls weiter vor Ort einzukaufen, auch wenn es derzeit etwas umst\u00e4ndlich erscheinen mag.\u201c, so die Vorsitzende vom Wirtschaftsverband S\u00f6gel [&hellip;]\n","protected":false},"author":2,"featured_media":0,"comment_status":"closed","ping_status":"closed","sticky":false,"template":"","format":"standard","meta":{"ngg_post_thumbnail":0,"footnotes":""},"categories":[4],"tags":[],"class_list":["post-30447","post","type-post","status-publish","format-standard","hentry","category-aus-der-geschaftswelt"],"_links":{"self":[{"href":"https:\/\/www.forum-soegel.de\/information\/wp-json\/wp\/v2\/posts\/30447","targetHints":{"allow":["GET"]}}],"collection":[{"href":"https:\/\/www.forum-soegel.de\/information\/wp-json\/wp\/v2\/posts"}],"about":[{"href":"https:\/\/www.forum-soegel.de\/information\/wp-json\/wp\/v2\/types\/post"}],"author":[{"embeddable":true,"href":"https:\/\/www.forum-soegel.de\/information\/wp-json\/wp\/v2\/users\/2"}],"replies":[{"embeddable":true,"href":"https:\/\/www.forum-soegel.de\/information\/wp-json\/wp\/v2\/comments?post=30447"}],"version-history":[{"count":2,"href":"https:\/\/www.forum-soegel.de\/information\/wp-json\/wp\/v2\/posts\/30447\/revisions"}],"predecessor-version":[{"id":30509,"href":"https:\/\/www.forum-soegel.de\/information\/wp-json\/wp\/v2\/posts\/30447\/revisions\/30509"}],"wp:attachment":[{"href":"https:\/\/www.forum-soegel.de\/information\/wp-json\/wp\/v2\/media?parent=30447"}],"wp:term":[{"taxonomy":"category","embeddable":true,"href":"https:\/\/www.forum-soegel.de\/information\/wp-json\/wp\/v2\/categories?post=30447"},{"taxonomy":"post_tag","embeddable":true,"href":"https:\/\/www.forum-soegel.de\/information\/wp-json\/wp\/v2\/tags?post=30447"}],"curies":[{"name":"wp","href":"https:\/\/api.w.org\/{rel}","templated":true}]}}