{"id":30444,"date":"2021-03-02T16:19:39","date_gmt":"2021-03-02T15:19:39","guid":{"rendered":"https:\/\/www.forum-soegel.de\/information\/?p=30444"},"modified":"2021-03-02T16:19:40","modified_gmt":"2021-03-02T15:19:40","slug":"65-geburtstag-und-20-jaehriges-dienstjubilaeum","status":"publish","type":"post","link":"https:\/\/www.forum-soegel.de\/information\/2021\/03\/65-geburtstag-und-20-jaehriges-dienstjubilaeum\/","title":{"rendered":"65. Geburtstag und 20-j\u00e4hriges Dienstjubil\u00e4um"},"content":{"rendered":"\n<p>S\u00f6gel &#8211; \u201eDer Mann mit der Holz-Fliege\u201c-&nbsp; so ist unser Urgestein aus dem M\u00f6bel- und K\u00fcchenstudio bei vielen Kunden bekannt, freuen sich Anja Deeken-Rickermann und Frank Rickermann und gratulieren gemeinsam mit Hermann Deeken ihrem Mitarbeiter, Norbert Teigeler, nicht nur zu seinem 65. Geburtstag, sondern auch zum 20-j\u00e4hrigen Dienstjubil\u00e4um.<\/p>\n\n\n\n<p>\u201eDamals waren wir zur richtigen Zeit am richtigen Ort\u201c, erinnert sich Hermann Deeken an den gl\u00fccklichen Zufall des Kennenlernens im Jahre 2000.<\/p>\n\n\n\n<p>Norbert Teigeler leitete den M\u00f6bel- und K\u00fcchenverkauf im Unternehmen Deeken.<\/p>\n\n\n\n<p>\u201eSeine langj\u00e4hrige Erfahrung in der M\u00f6belbranche und sein verk\u00e4uferisches Talent zeichnen ihn aus\u201c, erg\u00e4nzt Frank Rickermann. \u201eWir sind stolz und dankbar f\u00fcr die vergangenen 20 Jahre, in denen Sie unser Unternehmen und unsere Familien begleitet haben. Wir freuen uns sehr, dass Sie f\u00fcr uns und unsere Kunden auch weiterhin mit Ihrem Gesp\u00fcr f\u00fcr individuelle Einrichtungen da sind\u201c.<\/p>\n\n\n\n<p>Die gesamte Belegschaft der Firmengruppe Deeken schlie\u00dft sich den Gl\u00fcckw\u00fcnschen an.<\/p>\n\n\n\n<p>Foto\/Text: Anja Rickermann<\/p>\n\n\n\n<figure class=\"wp-block-gallery columns-1 is-cropped wp-block-gallery-1 is-layout-flex wp-block-gallery-is-layout-flex\"><ul class=\"blocks-gallery-grid\"><li class=\"blocks-gallery-item\"><figure><a href=\"https:\/\/www.forum-soegel.de\/information\/wp-content\/uploads\/2021\/03\/65.-Geburtstag-und-20-jaehrigen-Dienstjubilaeum-1.jpeg\"><img loading=\"lazy\" decoding=\"async\" width=\"640\" height=\"421\" src=\"https:\/\/www.forum-soegel.de\/information\/wp-content\/uploads\/2021\/03\/65.-Geburtstag-und-20-jaehrigen-Dienstjubilaeum-1.jpeg\" alt=\"\" data-id=\"30445\" data-full-url=\"https:\/\/www.forum-soegel.de\/information\/wp-content\/uploads\/2021\/03\/65.-Geburtstag-und-20-jaehrigen-Dienstjubilaeum-1.jpeg\" data-link=\"https:\/\/www.forum-soegel.de\/information\/?attachment_id=30445\" class=\"wp-image-30445\" srcset=\"https:\/\/www.forum-soegel.de\/information\/wp-content\/uploads\/2021\/03\/65.-Geburtstag-und-20-jaehrigen-Dienstjubilaeum-1.jpeg 640w, https:\/\/www.forum-soegel.de\/information\/wp-content\/uploads\/2021\/03\/65.-Geburtstag-und-20-jaehrigen-Dienstjubilaeum-1-300x197.jpeg 300w\" sizes=\"auto, (max-width: 640px) 100vw, 640px\" \/><\/a><\/figure><\/li><\/ul><\/figure>\n","protected":false},"excerpt":{"rendered":"S\u00f6gel &#8211; \u201eDer Mann mit der Holz-Fliege\u201c-&nbsp; so ist unser Urgestein aus dem M\u00f6bel- und K\u00fcchenstudio bei vielen Kunden bekannt, freuen sich Anja Deeken-Rickermann und Frank Rickermann und gratulieren gemeinsam mit Hermann Deeken ihrem Mitarbeiter, Norbert Teigeler, nicht nur zu seinem 65. Geburtstag, sondern auch zum 20-j\u00e4hrigen Dienstjubil\u00e4um. \u201eDamals waren wir zur richtigen Zeit am [&hellip;]\n","protected":false},"author":2,"featured_media":0,"comment_status":"closed","ping_status":"closed","sticky":false,"template":"","format":"standard","meta":{"ngg_post_thumbnail":0,"footnotes":""},"categories":[4],"tags":[],"class_list":["post-30444","post","type-post","status-publish","format-standard","hentry","category-aus-der-geschaftswelt"],"_links":{"self":[{"href":"https:\/\/www.forum-soegel.de\/information\/wp-json\/wp\/v2\/posts\/30444","targetHints":{"allow":["GET"]}}],"collection":[{"href":"https:\/\/www.forum-soegel.de\/information\/wp-json\/wp\/v2\/posts"}],"about":[{"href":"https:\/\/www.forum-soegel.de\/information\/wp-json\/wp\/v2\/types\/post"}],"author":[{"embeddable":true,"href":"https:\/\/www.forum-soegel.de\/information\/wp-json\/wp\/v2\/users\/2"}],"replies":[{"embeddable":true,"href":"https:\/\/www.forum-soegel.de\/information\/wp-json\/wp\/v2\/comments?post=30444"}],"version-history":[{"count":1,"href":"https:\/\/www.forum-soegel.de\/information\/wp-json\/wp\/v2\/posts\/30444\/revisions"}],"predecessor-version":[{"id":30446,"href":"https:\/\/www.forum-soegel.de\/information\/wp-json\/wp\/v2\/posts\/30444\/revisions\/30446"}],"wp:attachment":[{"href":"https:\/\/www.forum-soegel.de\/information\/wp-json\/wp\/v2\/media?parent=30444"}],"wp:term":[{"taxonomy":"category","embeddable":true,"href":"https:\/\/www.forum-soegel.de\/information\/wp-json\/wp\/v2\/categories?post=30444"},{"taxonomy":"post_tag","embeddable":true,"href":"https:\/\/www.forum-soegel.de\/information\/wp-json\/wp\/v2\/tags?post=30444"}],"curies":[{"name":"wp","href":"https:\/\/api.w.org\/{rel}","templated":true}]}}