{"id":30441,"date":"2021-03-02T16:17:59","date_gmt":"2021-03-02T15:17:59","guid":{"rendered":"https:\/\/www.forum-soegel.de\/information\/?p=30441"},"modified":"2021-03-02T16:18:00","modified_gmt":"2021-03-02T15:18:00","slug":"rueckblick-von-hermann-deeken-frank-rickermann-und-hans-dieter-schmitz-auf-eine-ueber-20-jaehrige-gemeinsame-zusammenarbeit","status":"publish","type":"post","link":"https:\/\/www.forum-soegel.de\/information\/2021\/03\/rueckblick-von-hermann-deeken-frank-rickermann-und-hans-dieter-schmitz-auf-eine-ueber-20-jaehrige-gemeinsame-zusammenarbeit\/","title":{"rendered":"R\u00fcckblick von Hermann Deeken, Frank Rickermann und Hans-Dieter Schmitz auf eine \u00fcber 20-j\u00e4hrige gemeinsame Zusammenarbeit"},"content":{"rendered":"\n<p>S\u00f6gel &#8211; \u201eWir sind stolz und dankbar, dass Herr Schmitz uns nun schon \u00fcber 20 Jahre begleitet und das Unternehmen DEEKEN Innenausbau als Teil der Gesch\u00e4ftsleitung erfolgreich mit uns in die Zukunft f\u00fchrt\u201c, gratuliert Gesch\u00e4ftsf\u00fchrer Frank Rickermann. Hermann Deeken erg\u00e4nzt: \u201eVom Bauleiter auf der Meyer Werft \u00fcber die Betriebsleitung bis in die Gesch\u00e4ftsleitung \u2013 ein vorbildliches Engagement und ein verdienter Werdegang\u201c.<\/p>\n\n\n\n<p>Das S\u00f6geler Unternehmen ist Teil der DEEKEN-GRUPPE und arbeitet seit \u00fcber 20 Jahren mit einem 40-k\u00f6pfigen Team im Bereich Innenausbau\/M\u00f6belbau. Die Gesch\u00e4ftsf\u00fchrung erg\u00e4nzt: \u201eDieser langj\u00e4hrige Erfolg ist unter anderem nur m\u00f6glich durch die best\u00e4ndige, zuverl\u00e4ssige und erfolgreiche Zusammenarbeit mit der Meyer Werft\u201c.<\/p>\n\n\n\n<p>Hans-Dieter Schmitz m\u00f6chte den Dank weitergeben an die Deeken-Mitarbeiter, die ihn schon seit Jahren unterst\u00fctzen und mit ihm gemeinsam an \u00fcber 50 Schiffen der Meyer Werft mitgewirkt haben.<\/p>\n\n\n\n<p>Foto\/Text: Anja Rickermann<\/p>\n\n\n\n<figure class=\"wp-block-gallery columns-1 is-cropped wp-block-gallery-1 is-layout-flex wp-block-gallery-is-layout-flex\"><ul class=\"blocks-gallery-grid\"><li class=\"blocks-gallery-item\"><figure><a href=\"https:\/\/www.forum-soegel.de\/information\/wp-content\/uploads\/2021\/03\/20-jaehrige-gemeinsame-Zusammenarbeit-1.jpg\"><img loading=\"lazy\" decoding=\"async\" width=\"984\" height=\"768\" src=\"https:\/\/www.forum-soegel.de\/information\/wp-content\/uploads\/2021\/03\/20-jaehrige-gemeinsame-Zusammenarbeit-1.jpg\" alt=\"\" data-id=\"30442\" data-full-url=\"https:\/\/www.forum-soegel.de\/information\/wp-content\/uploads\/2021\/03\/20-jaehrige-gemeinsame-Zusammenarbeit-1.jpg\" data-link=\"https:\/\/www.forum-soegel.de\/information\/?attachment_id=30442\" class=\"wp-image-30442\" srcset=\"https:\/\/www.forum-soegel.de\/information\/wp-content\/uploads\/2021\/03\/20-jaehrige-gemeinsame-Zusammenarbeit-1.jpg 984w, https:\/\/www.forum-soegel.de\/information\/wp-content\/uploads\/2021\/03\/20-jaehrige-gemeinsame-Zusammenarbeit-1-300x234.jpg 300w, https:\/\/www.forum-soegel.de\/information\/wp-content\/uploads\/2021\/03\/20-jaehrige-gemeinsame-Zusammenarbeit-1-768x599.jpg 768w\" sizes=\"auto, (max-width: 984px) 100vw, 984px\" \/><\/a><\/figure><\/li><\/ul><figcaption class=\"blocks-gallery-caption\">Frank Rickermann, Hans-Dieter Schmitz, Hermann Deeken<\/figcaption><\/figure>\n","protected":false},"excerpt":{"rendered":"S\u00f6gel &#8211; \u201eWir sind stolz und dankbar, dass Herr Schmitz uns nun schon \u00fcber 20 Jahre begleitet und das Unternehmen DEEKEN Innenausbau als Teil der Gesch\u00e4ftsleitung erfolgreich mit uns in die Zukunft f\u00fchrt\u201c, gratuliert Gesch\u00e4ftsf\u00fchrer Frank Rickermann. Hermann Deeken erg\u00e4nzt: \u201eVom Bauleiter auf der Meyer Werft \u00fcber die Betriebsleitung bis in die Gesch\u00e4ftsleitung \u2013 ein [&hellip;]\n","protected":false},"author":2,"featured_media":0,"comment_status":"closed","ping_status":"closed","sticky":false,"template":"","format":"standard","meta":{"ngg_post_thumbnail":0,"footnotes":""},"categories":[4],"tags":[],"class_list":["post-30441","post","type-post","status-publish","format-standard","hentry","category-aus-der-geschaftswelt"],"_links":{"self":[{"href":"https:\/\/www.forum-soegel.de\/information\/wp-json\/wp\/v2\/posts\/30441","targetHints":{"allow":["GET"]}}],"collection":[{"href":"https:\/\/www.forum-soegel.de\/information\/wp-json\/wp\/v2\/posts"}],"about":[{"href":"https:\/\/www.forum-soegel.de\/information\/wp-json\/wp\/v2\/types\/post"}],"author":[{"embeddable":true,"href":"https:\/\/www.forum-soegel.de\/information\/wp-json\/wp\/v2\/users\/2"}],"replies":[{"embeddable":true,"href":"https:\/\/www.forum-soegel.de\/information\/wp-json\/wp\/v2\/comments?post=30441"}],"version-history":[{"count":1,"href":"https:\/\/www.forum-soegel.de\/information\/wp-json\/wp\/v2\/posts\/30441\/revisions"}],"predecessor-version":[{"id":30443,"href":"https:\/\/www.forum-soegel.de\/information\/wp-json\/wp\/v2\/posts\/30441\/revisions\/30443"}],"wp:attachment":[{"href":"https:\/\/www.forum-soegel.de\/information\/wp-json\/wp\/v2\/media?parent=30441"}],"wp:term":[{"taxonomy":"category","embeddable":true,"href":"https:\/\/www.forum-soegel.de\/information\/wp-json\/wp\/v2\/categories?post=30441"},{"taxonomy":"post_tag","embeddable":true,"href":"https:\/\/www.forum-soegel.de\/information\/wp-json\/wp\/v2\/tags?post=30441"}],"curies":[{"name":"wp","href":"https:\/\/api.w.org\/{rel}","templated":true}]}}