{"id":30436,"date":"2021-03-02T12:08:13","date_gmt":"2021-03-02T11:08:13","guid":{"rendered":"https:\/\/www.forum-soegel.de\/information\/?p=30436"},"modified":"2021-03-02T12:08:13","modified_gmt":"2021-03-02T11:08:13","slug":"tannenbaumaktion-im-lockdown","status":"publish","type":"post","link":"https:\/\/www.forum-soegel.de\/information\/2021\/03\/tannenbaumaktion-im-lockdown\/","title":{"rendered":"Tannenbaumaktion im Lockdown"},"content":{"rendered":"\n<p><strong>KLJB Stavern sammelte 2.000 Euro<\/strong><\/p>\n\n\n\n<p>Stavern &#8211; Nach eingehender Beratung konnte der Vorstand der KLJB Stavern ein Konzept f\u00fcr die diesj\u00e4hrige Tannenbaumaktion erarbeiten. Hierbei stand nat\u00fcrlich die Gesundheit der Jugendlichen und B\u00fcrger des Ortes im Vordergrund. Unter Anlegung strenger Ma\u00dfst\u00e4be, die aufgrund der bestehenden Pandemie und dem Lockdown erforderlich waren, wurde die Abholung der ausgedienten Weihnachtsb\u00e4ume organisiert.<\/p>\n\n\n\n<p>Mit einem entsprechenden Informationsblatt hatte die KLJB im Ort auf die diesj\u00e4hrige Verfahrensweise hingewiesen. Die B\u00e4ume wurden an der Grundst\u00fccksgrenze von einer Person abgeholt und schlie\u00dflich der Entsorgung zugef\u00fchrt. An vier Stellen im Ort wurden Annahmestellen f\u00fcr Spenden aufgebaut. Zudem konnten die B\u00fcrger ihre Spende auf ein gesondert eingerichtetes Konto einzahlen.<\/p>\n\n\n\n<p>Die Umsetzung lief perfekt und die Resonanz war sensationell. Es kamen in diesem Jahr 2.000 Euro zusammen; deutlich mehr als in den Jahren davor. Die Spenden wurden zu gleichen Teilen an den Arbeitskreis \u201ePeru\u201c der KLJB Osnabr\u00fcck und dem Wassertankprojekt Uganda der Stavernerin Marlies B\u00fcter \u00fcbergeben. Das Wassertankprojekt wurde in den letzten Ausgaben bereits vorgestellt. Der Arbeitskreis Peru unterst\u00fctzt ein Programm f\u00fcr Arbeit und Jugend in Sicuani in der Provinz Chumbivicas in Peru.<\/p>\n\n\n\n<p>Text \/ Foto:\u00a0 Gerd Rode<\/p>\n\n\n\n<figure class=\"wp-block-gallery columns-1 is-cropped wp-block-gallery-1 is-layout-flex wp-block-gallery-is-layout-flex\"><ul class=\"blocks-gallery-grid\"><li class=\"blocks-gallery-item\"><figure><a href=\"https:\/\/www.forum-soegel.de\/information\/wp-content\/uploads\/2021\/03\/Tannenbaumaktion-im-Lockdown-1.jpg\"><img loading=\"lazy\" decoding=\"async\" width=\"1024\" height=\"739\" src=\"https:\/\/www.forum-soegel.de\/information\/wp-content\/uploads\/2021\/03\/Tannenbaumaktion-im-Lockdown-1.jpg\" alt=\"\" data-id=\"30437\" data-full-url=\"https:\/\/www.forum-soegel.de\/information\/wp-content\/uploads\/2021\/03\/Tannenbaumaktion-im-Lockdown-1.jpg\" data-link=\"https:\/\/www.forum-soegel.de\/information\/?attachment_id=30437\" class=\"wp-image-30437\" srcset=\"https:\/\/www.forum-soegel.de\/information\/wp-content\/uploads\/2021\/03\/Tannenbaumaktion-im-Lockdown-1.jpg 1024w, https:\/\/www.forum-soegel.de\/information\/wp-content\/uploads\/2021\/03\/Tannenbaumaktion-im-Lockdown-1-300x217.jpg 300w, https:\/\/www.forum-soegel.de\/information\/wp-content\/uploads\/2021\/03\/Tannenbaumaktion-im-Lockdown-1-768x554.jpg 768w\" sizes=\"auto, (max-width: 1024px) 100vw, 1024px\" \/><\/a><\/figure><\/li><\/ul><figcaption class=\"blocks-gallery-caption\">Die Fotocollage zeigt die Sammelstellen und Sammler in Stavern.<\/figcaption><\/figure>\n","protected":false},"excerpt":{"rendered":"KLJB Stavern sammelte 2.000 Euro Stavern &#8211; Nach eingehender Beratung konnte der Vorstand der KLJB Stavern ein Konzept f\u00fcr die diesj\u00e4hrige Tannenbaumaktion erarbeiten. Hierbei stand nat\u00fcrlich die Gesundheit der Jugendlichen und B\u00fcrger des Ortes im Vordergrund. Unter Anlegung strenger Ma\u00dfst\u00e4be, die aufgrund der bestehenden Pandemie und dem Lockdown erforderlich waren, wurde die Abholung der ausgedienten [&hellip;]\n","protected":false},"author":2,"featured_media":0,"comment_status":"closed","ping_status":"closed","sticky":false,"template":"","format":"standard","meta":{"ngg_post_thumbnail":0,"footnotes":""},"categories":[868],"tags":[],"class_list":["post-30436","post","type-post","status-publish","format-standard","hentry","category-zwischen-himmel-und-erde"],"_links":{"self":[{"href":"https:\/\/www.forum-soegel.de\/information\/wp-json\/wp\/v2\/posts\/30436","targetHints":{"allow":["GET"]}}],"collection":[{"href":"https:\/\/www.forum-soegel.de\/information\/wp-json\/wp\/v2\/posts"}],"about":[{"href":"https:\/\/www.forum-soegel.de\/information\/wp-json\/wp\/v2\/types\/post"}],"author":[{"embeddable":true,"href":"https:\/\/www.forum-soegel.de\/information\/wp-json\/wp\/v2\/users\/2"}],"replies":[{"embeddable":true,"href":"https:\/\/www.forum-soegel.de\/information\/wp-json\/wp\/v2\/comments?post=30436"}],"version-history":[{"count":1,"href":"https:\/\/www.forum-soegel.de\/information\/wp-json\/wp\/v2\/posts\/30436\/revisions"}],"predecessor-version":[{"id":30438,"href":"https:\/\/www.forum-soegel.de\/information\/wp-json\/wp\/v2\/posts\/30436\/revisions\/30438"}],"wp:attachment":[{"href":"https:\/\/www.forum-soegel.de\/information\/wp-json\/wp\/v2\/media?parent=30436"}],"wp:term":[{"taxonomy":"category","embeddable":true,"href":"https:\/\/www.forum-soegel.de\/information\/wp-json\/wp\/v2\/categories?post=30436"},{"taxonomy":"post_tag","embeddable":true,"href":"https:\/\/www.forum-soegel.de\/information\/wp-json\/wp\/v2\/tags?post=30436"}],"curies":[{"name":"wp","href":"https:\/\/api.w.org\/{rel}","templated":true}]}}