{"id":30433,"date":"2021-03-02T12:06:45","date_gmt":"2021-03-02T11:06:45","guid":{"rendered":"https:\/\/www.forum-soegel.de\/information\/?p=30433"},"modified":"2021-03-02T12:06:46","modified_gmt":"2021-03-02T11:06:46","slug":"oekumenischer-jugendkreuzweg-2021","status":"publish","type":"post","link":"https:\/\/www.forum-soegel.de\/information\/2021\/03\/oekumenischer-jugendkreuzweg-2021\/","title":{"rendered":"\u00d6kumenischer Jugendkreuzweg 2021"},"content":{"rendered":"\n<p>S\u00f6gel &#8211; Das katholische Jugendb\u00fcro und der BDKJ Regionalverband Emsland-Nord organisieren einen Jugendkreuzweg im WhatsApp-Format. Die Gedankenanst\u00f6\u00dfe, die w\u00f6chentlich vom 17. Februar bis zum<\/p>\n\n\n\n<p>04. April verschickt werden, sind angelehnt an die traditionellen Kreuzwegstationen, werden von Jugendlichen aus dem Dekanat mit Videos, Liedern, Bildern oder Geschichten gestaltet und laden ein, einen kurzen Moment innezuhalten. Anmelden k\u00f6nnen sich alle Jugendlichen und Interessierten, indem sie eine Nachricht mit \u201eStart\u201c an die Nummer 0157 33664611 schicken und diese im eigenen Adressbuch speichern.<\/p>\n\n\n\n<p>Text\/Foto: Petra Macke<\/p>\n\n\n\n<figure class=\"wp-block-gallery columns-1 is-cropped wp-block-gallery-1 is-layout-flex wp-block-gallery-is-layout-flex\"><ul class=\"blocks-gallery-grid\"><li class=\"blocks-gallery-item\"><figure><a href=\"https:\/\/www.forum-soegel.de\/information\/wp-content\/uploads\/2021\/03\/Oekumenischer-Jugendkreuzweg-2021-2.png\"><img loading=\"lazy\" decoding=\"async\" width=\"768\" height=\"768\" src=\"https:\/\/www.forum-soegel.de\/information\/wp-content\/uploads\/2021\/03\/Oekumenischer-Jugendkreuzweg-2021-2.png\" alt=\"\" data-id=\"30434\" data-full-url=\"https:\/\/www.forum-soegel.de\/information\/wp-content\/uploads\/2021\/03\/Oekumenischer-Jugendkreuzweg-2021-2.png\" data-link=\"https:\/\/www.forum-soegel.de\/information\/?attachment_id=30434\" class=\"wp-image-30434\" srcset=\"https:\/\/www.forum-soegel.de\/information\/wp-content\/uploads\/2021\/03\/Oekumenischer-Jugendkreuzweg-2021-2.png 768w, https:\/\/www.forum-soegel.de\/information\/wp-content\/uploads\/2021\/03\/Oekumenischer-Jugendkreuzweg-2021-2-300x300.png 300w, https:\/\/www.forum-soegel.de\/information\/wp-content\/uploads\/2021\/03\/Oekumenischer-Jugendkreuzweg-2021-2-150x150.png 150w\" sizes=\"auto, (max-width: 768px) 100vw, 768px\" \/><\/a><\/figure><\/li><\/ul><\/figure>\n","protected":false},"excerpt":{"rendered":"S\u00f6gel &#8211; Das katholische Jugendb\u00fcro und der BDKJ Regionalverband Emsland-Nord organisieren einen Jugendkreuzweg im WhatsApp-Format. Die Gedankenanst\u00f6\u00dfe, die w\u00f6chentlich vom 17. Februar bis zum 04. April verschickt werden, sind angelehnt an die traditionellen Kreuzwegstationen, werden von Jugendlichen aus dem Dekanat mit Videos, Liedern, Bildern oder Geschichten gestaltet und laden ein, einen kurzen Moment innezuhalten. Anmelden [&hellip;]\n","protected":false},"author":2,"featured_media":0,"comment_status":"closed","ping_status":"closed","sticky":false,"template":"","format":"standard","meta":{"ngg_post_thumbnail":0,"footnotes":""},"categories":[868],"tags":[],"class_list":["post-30433","post","type-post","status-publish","format-standard","hentry","category-zwischen-himmel-und-erde"],"_links":{"self":[{"href":"https:\/\/www.forum-soegel.de\/information\/wp-json\/wp\/v2\/posts\/30433","targetHints":{"allow":["GET"]}}],"collection":[{"href":"https:\/\/www.forum-soegel.de\/information\/wp-json\/wp\/v2\/posts"}],"about":[{"href":"https:\/\/www.forum-soegel.de\/information\/wp-json\/wp\/v2\/types\/post"}],"author":[{"embeddable":true,"href":"https:\/\/www.forum-soegel.de\/information\/wp-json\/wp\/v2\/users\/2"}],"replies":[{"embeddable":true,"href":"https:\/\/www.forum-soegel.de\/information\/wp-json\/wp\/v2\/comments?post=30433"}],"version-history":[{"count":1,"href":"https:\/\/www.forum-soegel.de\/information\/wp-json\/wp\/v2\/posts\/30433\/revisions"}],"predecessor-version":[{"id":30435,"href":"https:\/\/www.forum-soegel.de\/information\/wp-json\/wp\/v2\/posts\/30433\/revisions\/30435"}],"wp:attachment":[{"href":"https:\/\/www.forum-soegel.de\/information\/wp-json\/wp\/v2\/media?parent=30433"}],"wp:term":[{"taxonomy":"category","embeddable":true,"href":"https:\/\/www.forum-soegel.de\/information\/wp-json\/wp\/v2\/categories?post=30433"},{"taxonomy":"post_tag","embeddable":true,"href":"https:\/\/www.forum-soegel.de\/information\/wp-json\/wp\/v2\/tags?post=30433"}],"curies":[{"name":"wp","href":"https:\/\/api.w.org\/{rel}","templated":true}]}}