{"id":30429,"date":"2021-03-02T12:05:39","date_gmt":"2021-03-02T11:05:39","guid":{"rendered":"https:\/\/www.forum-soegel.de\/information\/?p=30429"},"modified":"2021-03-02T12:05:40","modified_gmt":"2021-03-02T11:05:40","slug":"misereor-fastenmarsch-2021","status":"publish","type":"post","link":"https:\/\/www.forum-soegel.de\/information\/2021\/03\/misereor-fastenmarsch-2021\/","title":{"rendered":"Misereor Fastenmarsch 2021"},"content":{"rendered":"\n<p>S\u00f6gel &#8211; Der Misereor Fastenmarsch wird in diesem Jahr als kontaktlose Aktion \u00fcber die gesamte Fastenzeit vom 17.02. bis 03.04.2021 stattfinden.<\/p>\n\n\n\n<p>An allen teilnehmenden Stationen sind ein QR-Code und einige Besonderheiten zu finden. Wird der Code gescannt gibt es einen digitalen Stempel und zus\u00e4tzlich spannende Informationen aus dem jeweiligen Ort.<\/p>\n\n\n\n<p>Also sucht euch Sponsoren, nutzt den langen Zeitraum und sammelt viele Kilometer und damit Spenden f\u00fcr die Fastenaktion, die Projekten in Bolivien zugutekommt. Die Spenden k\u00f6nnen entweder im Pfarrb\u00fcro abgegeben oder individuell eingezahlt werden. Weitere Informationen, das Fastenmarschheft und die Kontodaten gibt es im Katholischen Jugendb\u00fcro Papenburg (04961-2757) und unter https:\/\/boje-verbund.de\/fastenmarsch.<\/p>\n\n\n\n<p>Text\/Foto: Petra Macke<\/p>\n\n\n\n<figure class=\"wp-block-gallery columns-2 is-cropped wp-block-gallery-1 is-layout-flex wp-block-gallery-is-layout-flex\"><ul class=\"blocks-gallery-grid\"><li class=\"blocks-gallery-item\"><figure><a href=\"https:\/\/www.forum-soegel.de\/information\/wp-content\/uploads\/2021\/03\/Misereor-Fastenmarsch-2021-2.png\"><img loading=\"lazy\" decoding=\"async\" width=\"768\" height=\"768\" src=\"https:\/\/www.forum-soegel.de\/information\/wp-content\/uploads\/2021\/03\/Misereor-Fastenmarsch-2021-2.png\" alt=\"\" data-id=\"30430\" data-full-url=\"https:\/\/www.forum-soegel.de\/information\/wp-content\/uploads\/2021\/03\/Misereor-Fastenmarsch-2021-2.png\" data-link=\"https:\/\/www.forum-soegel.de\/information\/?attachment_id=30430\" class=\"wp-image-30430\" srcset=\"https:\/\/www.forum-soegel.de\/information\/wp-content\/uploads\/2021\/03\/Misereor-Fastenmarsch-2021-2.png 768w, https:\/\/www.forum-soegel.de\/information\/wp-content\/uploads\/2021\/03\/Misereor-Fastenmarsch-2021-2-300x300.png 300w, https:\/\/www.forum-soegel.de\/information\/wp-content\/uploads\/2021\/03\/Misereor-Fastenmarsch-2021-2-150x150.png 150w\" sizes=\"auto, (max-width: 768px) 100vw, 768px\" \/><\/a><\/figure><\/li><li class=\"blocks-gallery-item\"><figure><a href=\"https:\/\/www.forum-soegel.de\/information\/wp-content\/uploads\/2021\/03\/Misereor-Fastenmarsch-2021-1.jpg\"><img loading=\"lazy\" decoding=\"async\" width=\"768\" height=\"768\" src=\"https:\/\/www.forum-soegel.de\/information\/wp-content\/uploads\/2021\/03\/Misereor-Fastenmarsch-2021-1.jpg\" alt=\"\" data-id=\"30431\" data-full-url=\"https:\/\/www.forum-soegel.de\/information\/wp-content\/uploads\/2021\/03\/Misereor-Fastenmarsch-2021-1.jpg\" data-link=\"https:\/\/www.forum-soegel.de\/information\/?attachment_id=30431\" class=\"wp-image-30431\" srcset=\"https:\/\/www.forum-soegel.de\/information\/wp-content\/uploads\/2021\/03\/Misereor-Fastenmarsch-2021-1.jpg 768w, https:\/\/www.forum-soegel.de\/information\/wp-content\/uploads\/2021\/03\/Misereor-Fastenmarsch-2021-1-300x300.jpg 300w, https:\/\/www.forum-soegel.de\/information\/wp-content\/uploads\/2021\/03\/Misereor-Fastenmarsch-2021-1-150x150.jpg 150w\" sizes=\"auto, (max-width: 768px) 100vw, 768px\" \/><\/a><\/figure><\/li><\/ul><\/figure>\n","protected":false},"excerpt":{"rendered":"S\u00f6gel &#8211; Der Misereor Fastenmarsch wird in diesem Jahr als kontaktlose Aktion \u00fcber die gesamte Fastenzeit vom 17.02. bis 03.04.2021 stattfinden. An allen teilnehmenden Stationen sind ein QR-Code und einige Besonderheiten zu finden. Wird der Code gescannt gibt es einen digitalen Stempel und zus\u00e4tzlich spannende Informationen aus dem jeweiligen Ort. Also sucht euch Sponsoren, nutzt [&hellip;]\n","protected":false},"author":2,"featured_media":0,"comment_status":"closed","ping_status":"closed","sticky":false,"template":"","format":"standard","meta":{"ngg_post_thumbnail":0,"footnotes":""},"categories":[868],"tags":[],"class_list":["post-30429","post","type-post","status-publish","format-standard","hentry","category-zwischen-himmel-und-erde"],"_links":{"self":[{"href":"https:\/\/www.forum-soegel.de\/information\/wp-json\/wp\/v2\/posts\/30429","targetHints":{"allow":["GET"]}}],"collection":[{"href":"https:\/\/www.forum-soegel.de\/information\/wp-json\/wp\/v2\/posts"}],"about":[{"href":"https:\/\/www.forum-soegel.de\/information\/wp-json\/wp\/v2\/types\/post"}],"author":[{"embeddable":true,"href":"https:\/\/www.forum-soegel.de\/information\/wp-json\/wp\/v2\/users\/2"}],"replies":[{"embeddable":true,"href":"https:\/\/www.forum-soegel.de\/information\/wp-json\/wp\/v2\/comments?post=30429"}],"version-history":[{"count":1,"href":"https:\/\/www.forum-soegel.de\/information\/wp-json\/wp\/v2\/posts\/30429\/revisions"}],"predecessor-version":[{"id":30432,"href":"https:\/\/www.forum-soegel.de\/information\/wp-json\/wp\/v2\/posts\/30429\/revisions\/30432"}],"wp:attachment":[{"href":"https:\/\/www.forum-soegel.de\/information\/wp-json\/wp\/v2\/media?parent=30429"}],"wp:term":[{"taxonomy":"category","embeddable":true,"href":"https:\/\/www.forum-soegel.de\/information\/wp-json\/wp\/v2\/categories?post=30429"},{"taxonomy":"post_tag","embeddable":true,"href":"https:\/\/www.forum-soegel.de\/information\/wp-json\/wp\/v2\/tags?post=30429"}],"curies":[{"name":"wp","href":"https:\/\/api.w.org\/{rel}","templated":true}]}}