{"id":30423,"date":"2021-03-02T12:03:25","date_gmt":"2021-03-02T11:03:25","guid":{"rendered":"https:\/\/www.forum-soegel.de\/information\/?p=30423"},"modified":"2021-03-02T12:03:26","modified_gmt":"2021-03-02T11:03:26","slug":"corona-in-der-kita","status":"publish","type":"post","link":"https:\/\/www.forum-soegel.de\/information\/2021\/03\/corona-in-der-kita\/","title":{"rendered":"\u201eCorona\u201c in der Kita"},"content":{"rendered":"\n<p>Spahnharrenst\u00e4tte &#8211; Wir alle haben in den letzten Wochen st\u00e4ndig mit dem Thema \u201eCoronavirus\/Covid-19\u201c zu tun.<\/p>\n\n\n\n<p>Nichts ist mehr, wie es war: Einschr\u00e4nkungen und Schlie\u00dfungen, Notbetreuung, neue Anordnungen und Hygieneregeln begleiten uns in der Kindertagesst\u00e4tte t\u00e4glich. Viele Aktionen wie eine Projektkiste mit vielen \u00dcberraschungen im Wald, Videos und Briefe z.B. zum Geburtstag, erreichten die Kinder der Kita auch Zuhause. In der Notbetreuung stellten die Kinder fest, dass es eine ganz andere Situation sei und \u00e4u\u00dferten vermehrt den Wunsch nach der gewohnten Normalit\u00e4t. In der Kita gab es zudem f\u00fcr uns Erzieher einige Neuerungen: So finden nun die Informationen an die Eltern ihren Weg \u00fcbers Smartphone nach Hause,<\/p>\n\n\n\n<p>und zwar \u00fcber die neu eingerichtete Kita Info-App. Entwicklungsgespr\u00e4che per Telefon und das Arbeiten mit dem Mund- und Nasenschutz stellten sich zun\u00e4chst als Herausforderung dar. Aber auch Positives konnte verzeichnet werden:<\/p>\n\n\n\n<p>Die Marienk\u00e4fergruppe, die bislang im Jugendheim untergebracht war, konnte nach Abschluss der gro\u00dfen Bauma\u00dfnahmen wieder in die Kita einziehen. Gerne bieten wir allen Interessierten die M\u00f6glichkeit, \u00fcber die Seite www.vereine-spahnharrenstaette.de, einen Einblick in unsere R\u00e4umlichkeiten zu bekommen.<\/p>\n\n\n\n<p>Wir sind begeistert und freuen uns schon darauf, wenn alle Kinder wieder da sind und unser Haus mit Leben f\u00fcllen.<\/p>\n\n\n\n<p>Der st\u00e4ndige Gedanke an die Kinder Zuhause, ihre Familien und deren Wohlergehen l\u00e4sst uns nicht los. Wir vermissen die KiTa-Kinder so sehr!<\/p>\n\n\n\n<p>Die Kinder in der Notbetreuung haben sich einmal mit dem Thema in einem Kinderinterview auseinandergesetzt, so wie es nur Kinder mit Ihrem Witz, Charme und ihrer ganz eigenen Weisheit erkl\u00e4ren k\u00f6nnen: siehe Foto.<\/p>\n\n\n\n<p>Text: Marina Kessens<\/p>\n\n\n\n<p>Foto: KITA Spahnharrenst\u00e4tte<\/p>\n\n\n\n<figure class=\"wp-block-gallery columns-1 is-cropped wp-block-gallery-1 is-layout-flex wp-block-gallery-is-layout-flex\"><ul class=\"blocks-gallery-grid\"><li class=\"blocks-gallery-item\"><figure><a href=\"https:\/\/www.forum-soegel.de\/information\/wp-content\/uploads\/2021\/03\/Corona-in-der-Kita-1.jpg\"><img loading=\"lazy\" decoding=\"async\" width=\"1024\" height=\"724\" src=\"https:\/\/www.forum-soegel.de\/information\/wp-content\/uploads\/2021\/03\/Corona-in-der-Kita-1.jpg\" alt=\"\" data-id=\"30424\" data-full-url=\"https:\/\/www.forum-soegel.de\/information\/wp-content\/uploads\/2021\/03\/Corona-in-der-Kita-1.jpg\" data-link=\"https:\/\/www.forum-soegel.de\/information\/?attachment_id=30424\" class=\"wp-image-30424\" srcset=\"https:\/\/www.forum-soegel.de\/information\/wp-content\/uploads\/2021\/03\/Corona-in-der-Kita-1.jpg 1024w, https:\/\/www.forum-soegel.de\/information\/wp-content\/uploads\/2021\/03\/Corona-in-der-Kita-1-300x212.jpg 300w, https:\/\/www.forum-soegel.de\/information\/wp-content\/uploads\/2021\/03\/Corona-in-der-Kita-1-768x543.jpg 768w\" sizes=\"auto, (max-width: 1024px) 100vw, 1024px\" \/><\/a><\/figure><\/li><\/ul><\/figure>\n","protected":false},"excerpt":{"rendered":"Spahnharrenst\u00e4tte &#8211; Wir alle haben in den letzten Wochen st\u00e4ndig mit dem Thema \u201eCoronavirus\/Covid-19\u201c zu tun. Nichts ist mehr, wie es war: Einschr\u00e4nkungen und Schlie\u00dfungen, Notbetreuung, neue Anordnungen und Hygieneregeln begleiten uns in der Kindertagesst\u00e4tte t\u00e4glich. Viele Aktionen wie eine Projektkiste mit vielen \u00dcberraschungen im Wald, Videos und Briefe z.B. zum Geburtstag, erreichten die Kinder [&hellip;]\n","protected":false},"author":2,"featured_media":0,"comment_status":"closed","ping_status":"closed","sticky":false,"template":"","format":"standard","meta":{"ngg_post_thumbnail":0,"footnotes":""},"categories":[868],"tags":[],"class_list":["post-30423","post","type-post","status-publish","format-standard","hentry","category-zwischen-himmel-und-erde"],"_links":{"self":[{"href":"https:\/\/www.forum-soegel.de\/information\/wp-json\/wp\/v2\/posts\/30423","targetHints":{"allow":["GET"]}}],"collection":[{"href":"https:\/\/www.forum-soegel.de\/information\/wp-json\/wp\/v2\/posts"}],"about":[{"href":"https:\/\/www.forum-soegel.de\/information\/wp-json\/wp\/v2\/types\/post"}],"author":[{"embeddable":true,"href":"https:\/\/www.forum-soegel.de\/information\/wp-json\/wp\/v2\/users\/2"}],"replies":[{"embeddable":true,"href":"https:\/\/www.forum-soegel.de\/information\/wp-json\/wp\/v2\/comments?post=30423"}],"version-history":[{"count":1,"href":"https:\/\/www.forum-soegel.de\/information\/wp-json\/wp\/v2\/posts\/30423\/revisions"}],"predecessor-version":[{"id":30425,"href":"https:\/\/www.forum-soegel.de\/information\/wp-json\/wp\/v2\/posts\/30423\/revisions\/30425"}],"wp:attachment":[{"href":"https:\/\/www.forum-soegel.de\/information\/wp-json\/wp\/v2\/media?parent=30423"}],"wp:term":[{"taxonomy":"category","embeddable":true,"href":"https:\/\/www.forum-soegel.de\/information\/wp-json\/wp\/v2\/categories?post=30423"},{"taxonomy":"post_tag","embeddable":true,"href":"https:\/\/www.forum-soegel.de\/information\/wp-json\/wp\/v2\/tags?post=30423"}],"curies":[{"name":"wp","href":"https:\/\/api.w.org\/{rel}","templated":true}]}}