{"id":30418,"date":"2021-03-02T12:01:36","date_gmt":"2021-03-02T11:01:36","guid":{"rendered":"https:\/\/www.forum-soegel.de\/information\/?p=30418"},"modified":"2021-03-02T12:01:37","modified_gmt":"2021-03-02T11:01:37","slug":"24-solidaritaetsmarsch-digital-und-auf-abstand-von-aschermittwoch-17-02-karsamstag-3-04-2021-im-huemmlinger-pfarrverbund-um-soegel-mit-apeldorn","status":"publish","type":"post","link":"https:\/\/www.forum-soegel.de\/information\/2021\/03\/24-solidaritaetsmarsch-digital-und-auf-abstand-von-aschermittwoch-17-02-karsamstag-3-04-2021-im-huemmlinger-pfarrverbund-um-soegel-mit-apeldorn\/","title":{"rendered":"24. Solidarit\u00e4tsmarsch &#8211; digital und auf Abstand von Aschermittwoch, 17.02. \u2013 Karsamstag 3.04.2021 &#8211; im H\u00fcmmlinger Pfarrverbund um S\u00f6gel mit Apeldorn"},"content":{"rendered":"\n<p>Die sieben Pfarrgemeinden St. Jakobus &#8211; S\u00f6gel, St. Bonifatius &#8211; H\u00fcven mit der Kapellengemeinde St. Josef Eisten, St. Johannes der T\u00e4ufer &#8211; Spahnharrenst\u00e4tte, St. Franziskus &#8211; Werpeloh, St. Michael &#8211; Stavern und die Herz Jesu &#8211; Gemeinde Ber\u00dfen mit der Gemeinde St. Antonius &#8211; Apeldorn veranstalten in diesem Jahr digital gemeinsam mit dem Dekanatsjugendb\u00fcro in Papenburg w\u00e4hrend der gesamten Fastenzeit eine Rundfahrt mit dem Fahrrad zugunsten des Misereorprojektes:<br>Hilfsprojekte in Bolivien<br>Der Solimarsch unterst\u00fctzt die Projektpartner von Misereor, die indigne und kleinb\u00e4uerliche Gemeinschaften st\u00e4rken, und so den Regenwald vor Rodung und Ausbeutung bewahren. Indem indigene Gemeinschaften vom Wald leben, mit und in diesem einzigartigen Organismus aus Entstehen und Vergehen, sch\u00fctzen sie ihn. Ohne sie g\u00e4be es die Regenw\u00e4lder im Norden Boliviens vielleicht gar nicht mehr.<\/p>\n\n\n\n<p>Unterst\u00fctzen Sie\/unterst\u00fctze diese Projekte mit Ihrer\/Deiner aktiven Teilnahme an dem MISEREOR- Solimarsch! Die Fahrtroute kann jeder sich selbst zusammenstellen.<br>Startpunkt ist jeweils die Heimat-Pfarrgemeinde!<br>In diesem Jahr liegen die Kontrollpunkte fast immer in unseren Kirchen. An markanten Punkten findet ihr den QR\u2014Code und noch einige weitere Informationen. Im Internet kann man auch auf der Homepage unserer Pfarreiengemeinde www.pfarrverbund-soegel.de auf https:\/\/boje-verbund.de\/fastenmarsch noch weitere Informationen zu den Orten finden, die auch dabei sind.<br>Die Laufzettel zum Starten befinden sich in der Heimatgemeinde in der Kirche bzw. am Startpunkt. Ihr k\u00f6nnt die Route auch \u00f6fter fahren, falls ihr weitere Laufzettel braucht, holt sie euch vom bekannten Startpunkt. F\u00fcr die Verpflegung unterwegs m\u00fcsst ihr bitte selbst sorgen. Denkt an die Abstandsregeln in den Kirchen.<br>Ansonsten l\u00e4uft es wie in jedem Jahr davor auch: Jeder Teilnehmer und jede Teilnehmerin suchen sich einen oder mehrere Spender\/ Sponsoren, die pro zur\u00fcckgelegten Kilometer einen selbst gew\u00e4hlten Geldbetrag spenden. Nat\u00fcrlich kann jede Person die Kilometer, die sie fahren will, selbst bestimmen und auch \u00f6fter fahren.<br>Welche Gemeinden noch mitmachen, k\u00f6nnt ihr auf den Seite https:\/\/boje-verbund.de\/fastenmarsch feststellen.<\/p>\n\n\n\n<p>An jedem der sechs Kontrollpunkte des H\u00fcmmlinger Pfarrverbundes um St. Jakobus S\u00f6gel:<br>H\u00dcVEN: Kirche St. Bonifatius<br>BERSSEN: Herz Jesu Kirche<br>STAVERN: Weidenkirche (liegt zwischen Ber\u00dfen und Stavern)<br>SPAHNHARRENST\u00c4TTE: Kirche St. Johannes der T\u00e4ufer<br>WERPELOH: Kirche St. Franziskus<br>S\u00d6GEL: Kirche St. Jakobus<br>Und in Apeldorn: Kirche St. Antonius<br>k\u00f6nnt ihr den QR-Code finden, der bei der Errechnung der zur\u00fcckgelegten<br>Strecke (KM \u2013ZAHL) hilft.<br>Wer die Aktion f\u00fcr sich beenden will, kann die Gelder &#8211; wie in jedem Jahr &#8211; im Pfarrb\u00fcro abgeben.<\/p>\n\n\n\n<p>Die Pfarrgemeinder\u00e4te<\/p>\n\n\n\n<figure class=\"wp-block-gallery columns-2 is-cropped wp-block-gallery-1 is-layout-flex wp-block-gallery-is-layout-flex\"><ul class=\"blocks-gallery-grid\"><li class=\"blocks-gallery-item\"><figure><a href=\"https:\/\/www.forum-soegel.de\/information\/wp-content\/uploads\/2021\/03\/24.-Solidaritaetsmarsch_QR-Code-Fastenmarsch-2021-1.png\"><img loading=\"lazy\" decoding=\"async\" width=\"768\" height=\"768\" src=\"https:\/\/www.forum-soegel.de\/information\/wp-content\/uploads\/2021\/03\/24.-Solidaritaetsmarsch_QR-Code-Fastenmarsch-2021-1.png\" alt=\"\" data-id=\"30420\" data-full-url=\"https:\/\/www.forum-soegel.de\/information\/wp-content\/uploads\/2021\/03\/24.-Solidaritaetsmarsch_QR-Code-Fastenmarsch-2021-1.png\" data-link=\"https:\/\/www.forum-soegel.de\/information\/?attachment_id=30420\" class=\"wp-image-30420\" srcset=\"https:\/\/www.forum-soegel.de\/information\/wp-content\/uploads\/2021\/03\/24.-Solidaritaetsmarsch_QR-Code-Fastenmarsch-2021-1.png 768w, https:\/\/www.forum-soegel.de\/information\/wp-content\/uploads\/2021\/03\/24.-Solidaritaetsmarsch_QR-Code-Fastenmarsch-2021-1-300x300.png 300w, https:\/\/www.forum-soegel.de\/information\/wp-content\/uploads\/2021\/03\/24.-Solidaritaetsmarsch_QR-Code-Fastenmarsch-2021-1-150x150.png 150w\" sizes=\"auto, (max-width: 768px) 100vw, 768px\" \/><\/a><\/figure><\/li><li class=\"blocks-gallery-item\"><figure><a href=\"https:\/\/www.forum-soegel.de\/information\/wp-content\/uploads\/2021\/03\/24.-Solidaritaetsmarsch_Fastenmarsch-2021-Bild.jpg\"><img loading=\"lazy\" decoding=\"async\" width=\"768\" height=\"768\" src=\"https:\/\/www.forum-soegel.de\/information\/wp-content\/uploads\/2021\/03\/24.-Solidaritaetsmarsch_Fastenmarsch-2021-Bild.jpg\" alt=\"\" data-id=\"30421\" data-full-url=\"https:\/\/www.forum-soegel.de\/information\/wp-content\/uploads\/2021\/03\/24.-Solidaritaetsmarsch_Fastenmarsch-2021-Bild.jpg\" data-link=\"https:\/\/www.forum-soegel.de\/information\/?attachment_id=30421\" class=\"wp-image-30421\" srcset=\"https:\/\/www.forum-soegel.de\/information\/wp-content\/uploads\/2021\/03\/24.-Solidaritaetsmarsch_Fastenmarsch-2021-Bild.jpg 768w, https:\/\/www.forum-soegel.de\/information\/wp-content\/uploads\/2021\/03\/24.-Solidaritaetsmarsch_Fastenmarsch-2021-Bild-300x300.jpg 300w, https:\/\/www.forum-soegel.de\/information\/wp-content\/uploads\/2021\/03\/24.-Solidaritaetsmarsch_Fastenmarsch-2021-Bild-150x150.jpg 150w\" sizes=\"auto, (max-width: 768px) 100vw, 768px\" \/><\/a><\/figure><\/li><\/ul><\/figure>\n","protected":false},"excerpt":{"rendered":"Die sieben Pfarrgemeinden St. Jakobus &#8211; S\u00f6gel, St. Bonifatius &#8211; H\u00fcven mit der Kapellengemeinde St. Josef Eisten, St. Johannes der T\u00e4ufer &#8211; Spahnharrenst\u00e4tte, St. Franziskus &#8211; Werpeloh, St. Michael &#8211; Stavern und die Herz Jesu &#8211; Gemeinde Ber\u00dfen mit der Gemeinde St. Antonius &#8211; Apeldorn veranstalten in diesem Jahr digital gemeinsam mit dem Dekanatsjugendb\u00fcro in [&hellip;]\n","protected":false},"author":2,"featured_media":0,"comment_status":"closed","ping_status":"closed","sticky":false,"template":"","format":"standard","meta":{"ngg_post_thumbnail":0,"footnotes":""},"categories":[868],"tags":[],"class_list":["post-30418","post","type-post","status-publish","format-standard","hentry","category-zwischen-himmel-und-erde"],"_links":{"self":[{"href":"https:\/\/www.forum-soegel.de\/information\/wp-json\/wp\/v2\/posts\/30418","targetHints":{"allow":["GET"]}}],"collection":[{"href":"https:\/\/www.forum-soegel.de\/information\/wp-json\/wp\/v2\/posts"}],"about":[{"href":"https:\/\/www.forum-soegel.de\/information\/wp-json\/wp\/v2\/types\/post"}],"author":[{"embeddable":true,"href":"https:\/\/www.forum-soegel.de\/information\/wp-json\/wp\/v2\/users\/2"}],"replies":[{"embeddable":true,"href":"https:\/\/www.forum-soegel.de\/information\/wp-json\/wp\/v2\/comments?post=30418"}],"version-history":[{"count":1,"href":"https:\/\/www.forum-soegel.de\/information\/wp-json\/wp\/v2\/posts\/30418\/revisions"}],"predecessor-version":[{"id":30422,"href":"https:\/\/www.forum-soegel.de\/information\/wp-json\/wp\/v2\/posts\/30418\/revisions\/30422"}],"wp:attachment":[{"href":"https:\/\/www.forum-soegel.de\/information\/wp-json\/wp\/v2\/media?parent=30418"}],"wp:term":[{"taxonomy":"category","embeddable":true,"href":"https:\/\/www.forum-soegel.de\/information\/wp-json\/wp\/v2\/categories?post=30418"},{"taxonomy":"post_tag","embeddable":true,"href":"https:\/\/www.forum-soegel.de\/information\/wp-json\/wp\/v2\/tags?post=30418"}],"curies":[{"name":"wp","href":"https:\/\/api.w.org\/{rel}","templated":true}]}}